{"id":256974,"date":"2026-02-13T06:22:07","date_gmt":"2026-02-13T06:22:07","guid":{"rendered":"https:\/\/www.europesays.com\/pl\/256974\/"},"modified":"2026-02-13T06:22:07","modified_gmt":"2026-02-13T06:22:07","slug":"niespotykany-gest-partii-barbary-nowackiej-rzecz-bez-precedensu","status":"publish","type":"post","link":"https:\/\/www.europesays.com\/pl\/256974\/","title":{"rendered":"Niespotykany gest partii Barbary Nowackiej. &#8222;Rzecz bez precedensu&#8221;"},"content":{"rendered":"<p>Gazeta przypomina, \u017ce 25 pa\u017adziernika ub.r. Inicjatywa Polska minister edukacji Barbary Nowackiej i Nowoczesna, kierowana przez rzecznika rz\u0105du Adama Sz\u0142apk\u0119 po\u0142\u0105czy\u0142y si\u0119 z Platform\u0105 Obywatelsk\u0105, kt\u00f3ra zmieni\u0142a wtedy nazw\u0119 na Koalicj\u0119 Obywatelsk\u0105. Dzia\u0142acze tych dw\u00f3ch ugrupowa\u0144 dostali czas do 30 czerwca br. na wype\u0142nienie deklaracji cz\u0142onkowskiej i akces do KO.<\/p>\n<p> Dalszy ci\u0105g artyku\u0142u pod materia\u0142em wideo    <\/p>\n<p> Co to jest Inicjatywa Polska? <\/p>\n<p> Jakie decyzje podj\u0119\u0142a Inicjatywa Polska? <\/p>\n<p> Dlaczego Inicjatywa Polska zrezygnowa\u0142a z subwencji? <\/p>\n<p> Ile pieni\u0119dzy mog\u0142a straci\u0107 Inicjatywa Polska? <\/p>\n<p>&#8222;Partia Barbary Nowackiej nie tylko dobrowolnie si\u0119 rozwi\u0105za\u0142a, ale w dodatku zrezygnowa\u0142a z otrzymywania subwencji bud\u017cetowej. A to w polskiej polityce jest rzecz\u0105 bez precedensu&#8221; \u2014 podkre\u015bla &#8222;Rz&#8221;.<\/p>\n<p>   &#8222;To po prostu fair&#8221;. Partia Nowackiej rezygnuje z subwencji<\/p>\n<p>Jak wynika z szacunk\u00f3w gazety, partia prawdopodobnie zrezygnowa\u0142a z subwencji za nieco ponad p\u00f3\u0142tora roku, czyli z oko\u0142o p\u00f3\u0142 miliona z\u0142otych. To kwota przybli\u017cona, a jej dok\u0142adna wysoko\u015b\u0107 zale\u017ce\u0107 b\u0119dzie od tego, jak\u0105 interpretacj\u0119 przepis\u00f3w przyjmie wyp\u0142acaj\u0105ce subwencj\u0119 Ministerstwo Finans\u00f3w. Ponadto kongres krajowy Inicjatywy Polskiej w uchwale o rozwi\u0105zaniu partii zdecydowa\u0142, \u017ce ca\u0142y maj\u0105tek, kt\u00f3ry po zako\u0144czeniu otrzymywania subwencji b\u0119dzie si\u0119 wci\u0105\u017c znajdowa\u0142 na kontach ugrupowania, zostanie przekazany do Fundacji na rzecz Kobiet i Planowania Rodziny FEDERA.<\/p>\n<p>Sk\u0105d taki gest Inicjatywy Polskiej? &#8222;Wierzymy, \u017ce polityk\u0119 mo\u017cna prowadzi\u0107 uczciwie, w pe\u0142ni transparentny spos\u00f3b. To po prostu fair wobec naszych wyborc\u00f3w. Zdecydowali\u015bmy si\u0119 na po\u0142\u0105czenie z KO ze wszystkimi tego konsekwencjami&#8221; \u2014 powiedzia\u0142, cytowany przez &#8222;Rzeczpospolit\u0105&#8221;, by\u0142y wiceprzewodnicz\u0105cy ugrupowania europose\u0142 KO Dariusz Jo\u0144ski.<\/p>\n","protected":false},"excerpt":{"rendered":"Gazeta przypomina, \u017ce 25 pa\u017adziernika ub.r. Inicjatywa Polska minister edukacji Barbary Nowackiej i Nowoczesna, kierowana przez rzecznika rz\u0105du&hellip;\n","protected":false},"author":2,"featured_media":256975,"comment_status":"","ping_status":"","sticky":false,"template":"","format":"standard","meta":{"footnotes":"","_share_on_mastodon":"0"},"categories":[12],"tags":[3769,32,33,36,37,27,49,34,35,28,31,48,25,46,42,38,40,39,41,47,11957,29,30,26],"class_list":["post-256974","post","type-post","status-publish","format-standard","has-post-thumbnail","category-polska","tag-barbara_nowacka","tag-breaking-news","tag-breakingnews","tag-featured-news","tag-featurednews","tag-headlines","tag-kraj","tag-latest-news","tag-latestnews","tag-naglowki","tag-najwazniejsze-artykuly","tag-nat_styl","tag-news","tag-omp","tag-pl","tag-poland","tag-polish","tag-polska","tag-polski","tag-screening_general","tag-subwencja","tag-top-stories","tag-topstories","tag-wiadomosci"],"share_on_mastodon":{"url":"https:\/\/pubeurope.com\/@pl\/116061886582845079","error":""},"_links":{"self":[{"href":"https:\/\/www.europesays.com\/pl\/wp-json\/wp\/v2\/posts\/256974","targetHints":{"allow":["GET"]}}],"collection":[{"href":"https:\/\/www.europesays.com\/pl\/wp-json\/wp\/v2\/posts"}],"about":[{"href":"https:\/\/www.europesays.com\/pl\/wp-json\/wp\/v2\/types\/post"}],"author":[{"embeddable":true,"href":"https:\/\/www.europesays.com\/pl\/wp-json\/wp\/v2\/users\/2"}],"replies":[{"embeddable":true,"href":"https:\/\/www.europesays.com\/pl\/wp-json\/wp\/v2\/comments?post=256974"}],"version-history":[{"count":0,"href":"https:\/\/www.europesays.com\/pl\/wp-json\/wp\/v2\/posts\/256974\/revisions"}],"wp:featuredmedia":[{"embeddable":true,"href":"https:\/\/www.europesays.com\/pl\/wp-json\/wp\/v2\/media\/256975"}],"wp:attachment":[{"href":"https:\/\/www.europesays.com\/pl\/wp-json\/wp\/v2\/media?parent=256974"}],"wp:term":[{"taxonomy":"category","embeddable":true,"href":"https:\/\/www.europesays.com\/pl\/wp-json\/wp\/v2\/categories?post=256974"},{"taxonomy":"post_tag","embeddable":true,"href":"https:\/\/www.europesays.com\/pl\/wp-json\/wp\/v2\/tags?post=256974"}],"curies":[{"name":"wp","href":"https:\/\/api.w.org\/{rel}","templated":true}]}}