{"id":257030,"date":"2026-02-13T06:58:08","date_gmt":"2026-02-13T06:58:08","guid":{"rendered":"https:\/\/www.europesays.com\/pl\/257030\/"},"modified":"2026-02-13T06:58:08","modified_gmt":"2026-02-13T06:58:08","slug":"to-beda-trudne-godziny-w-pogodzie-imgw-wydaje-alerty-i-zapowiada-kolejne-mapa","status":"publish","type":"post","link":"https:\/\/www.europesays.com\/pl\/257030\/","title":{"rendered":"To b\u0119d\u0105 trudne godziny w pogodzie. IMGW wydaje alerty i zapowiada kolejne [MAPA]"},"content":{"rendered":"<p>W najbli\u017cszych godzinach na obfite <a href=\"https:\/\/wiadomosci.onet.pl\/snieg\" id=\"3dea64e2-d482-42fb-92df-9d8f2974cd6f\" rel=\"nofollow noopener\" target=\"_blank\">opady \u015bniegu<\/a> musz\u0105 przygotowa\u0107 si\u0119 mieszka\u0144cy cz\u0119\u015bci woj. pomorskiego. W powiatach: gda\u0144skim, kartuskim, l\u0119borskim, wejherowskim, puckim oraz w Gdyni, Sopocie i Gda\u0144sku do godz. 18 obowi\u0105zuj\u0105 ostrze\u017cenia pierwszego stopnia przed \u015bnie\u017cycami. Do wieczora miejscami spadnie tam do 15-20 cm bia\u0142ego puchu. W po\u0142\u0105czeniu z ryzykiem wyst\u0119powania marzn\u0105cego deszczu, warunki na drogach i chodnikach b\u0119d\u0105 tam wyj\u0105tkowo trudne. Prawdopodobie\u0144stwo wyst\u0105pienia zjawiska wynosi 75 proc.<a href=\"https:\/\/wiadomosci.onet.pl\/imgw\" id=\"e127f7ca-42b9-4edb-ad75-b16662ca47b3\" rel=\"nofollow noopener\" target=\"_blank\">IMGW<\/a> zapowiada, \u017ce dzi\u015b wieczorem oraz kolejnej nocy w wi\u0119kszo\u015bci kraju dojdzie r\u00f3wnie\u017c do spadku temperatury do ok. 0 st. C i nieco poni\u017cej. Spowoduje to, \u017ce woda z roztop\u00f3w i opad\u00f3w, kt\u00f3ra zalega na powierzchni, zacznie zamarza\u0107 i pojawi\u0105 si\u0119 oblodzenia. Synoptycy zapowiadaj\u0105 wydanie <a href=\"https:\/\/wiadomosci.onet.pl\/ostrzezenia\" id=\"06bf6dc8-b6ca-48bf-980c-4802999a66da\" rel=\"nofollow noopener\" target=\"_blank\">ostrze\u017ce\u0144<\/a> pierwszego stopnia przed tym zjawiskiem dla przewa\u017caj\u0105cego obszaru kraju, z wyj\u0105tkiem wojew\u00f3dztw p\u00f3\u0142nocnych i po\u0142udniowo-zachodnich. <img decoding=\"async\" src=\"https:\/\/cdn.wiadomosci.onet.pl\/1\/0p-k9lBaHR0cHM6Ly9vY2RuLmV1L3B1bHNjbXMvTURBXy9kZmJiMmU0ZTU4MDZlZTIwMmU5NDhkMTZjZTA3NGFiZS5wbmeRlQLNB1jNBsjCw94AAqEwB6ExBA\" height=\"210\" width=\"227\" alt=\"Synoptycy zapowiadaj\u0105 te\u017c alerty przed oblodzeniami\" loading=\"lazy\" class=\"ods-c-image__img ods-c-image__img--viewport-width\"\/> <\/p>\n<p>Synoptycy zapowiadaj\u0105 te\u017c alerty przed oblodzeniamiIMGW-PIB METEO POLSKA<\/p>\n<p>Po dzisiejszych i nocnych opadach \u015bniegu oraz oblodzeniach nast\u0119pne dni to powr\u00f3t surowej zimy. Zn\u00f3w pojawi\u0105 si\u0119 mrozy, na wschodzie i p\u00f3\u0142nocnym wschodzie nawet poni\u017cej -15 st. C, jak i nast\u0119pne fale opad\u00f3w \u015bniegu. Okresami b\u0119d\u0105 one intensywne. Mocno mo\u017ce sypn\u0105\u0107 przede wszystkim na po\u0142udniu. Oznacza to pojawianie si\u0119 kolejnych alert\u00f3w.<\/p>\n","protected":false},"excerpt":{"rendered":"W najbli\u017cszych godzinach na obfite opady \u015bniegu musz\u0105 przygotowa\u0107 si\u0119 mieszka\u0144cy cz\u0119\u015bci woj. pomorskiego. W powiatach: gda\u0144skim, kartuskim,&hellip;\n","protected":false},"author":2,"featured_media":257031,"comment_status":"","ping_status":"","sticky":false,"template":"","format":"standard","meta":{"footnotes":"","_share_on_mastodon":"0"},"categories":[5],"tags":[32,33,36,37,23120,27,34,35,28,31,48,25,46,16382,42,78,38,40,39,41,47,7312,29,30,26],"class_list":["post-257030","post","type-post","status-publish","format-standard","has-post-thumbnail","category-naglowki","tag-breaking-news","tag-breakingnews","tag-featured-news","tag-featurednews","tag-gololedz","tag-headlines","tag-latest-news","tag-latestnews","tag-naglowki","tag-najwazniejsze-artykuly","tag-nat_styl","tag-news","tag-omp","tag-ostrzezenia_imgw","tag-pl","tag-pogoda","tag-poland","tag-polish","tag-polska","tag-polski","tag-screening_general","tag-snieg","tag-top-stories","tag-topstories","tag-wiadomosci"],"share_on_mastodon":{"url":"https:\/\/pubeurope.com\/@pl\/116062028143108120","error":""},"_links":{"self":[{"href":"https:\/\/www.europesays.com\/pl\/wp-json\/wp\/v2\/posts\/257030","targetHints":{"allow":["GET"]}}],"collection":[{"href":"https:\/\/www.europesays.com\/pl\/wp-json\/wp\/v2\/posts"}],"about":[{"href":"https:\/\/www.europesays.com\/pl\/wp-json\/wp\/v2\/types\/post"}],"author":[{"embeddable":true,"href":"https:\/\/www.europesays.com\/pl\/wp-json\/wp\/v2\/users\/2"}],"replies":[{"embeddable":true,"href":"https:\/\/www.europesays.com\/pl\/wp-json\/wp\/v2\/comments?post=257030"}],"version-history":[{"count":0,"href":"https:\/\/www.europesays.com\/pl\/wp-json\/wp\/v2\/posts\/257030\/revisions"}],"wp:featuredmedia":[{"embeddable":true,"href":"https:\/\/www.europesays.com\/pl\/wp-json\/wp\/v2\/media\/257031"}],"wp:attachment":[{"href":"https:\/\/www.europesays.com\/pl\/wp-json\/wp\/v2\/media?parent=257030"}],"wp:term":[{"taxonomy":"category","embeddable":true,"href":"https:\/\/www.europesays.com\/pl\/wp-json\/wp\/v2\/categories?post=257030"},{"taxonomy":"post_tag","embeddable":true,"href":"https:\/\/www.europesays.com\/pl\/wp-json\/wp\/v2\/tags?post=257030"}],"curies":[{"name":"wp","href":"https:\/\/api.w.org\/{rel}","templated":true}]}}