{"id":257062,"date":"2026-02-13T07:14:16","date_gmt":"2026-02-13T07:14:16","guid":{"rendered":"https:\/\/www.europesays.com\/pl\/257062\/"},"modified":"2026-02-13T07:14:16","modified_gmt":"2026-02-13T07:14:16","slug":"karolina-gilon-przeszla-operacje-biustu-nie-zrobilam-tego-przeciwko-macierzynstwu","status":"publish","type":"post","link":"https:\/\/www.europesays.com\/pl\/257062\/","title":{"rendered":"Karolina Gilon przesz\u0142a operacj\u0119 biustu. &#8222;Nie zrobi\u0142am tego przeciwko macierzy\u0144stwu&#8221;"},"content":{"rendered":"<p class=\"Paragraph_desktopParagraph__U31Gm\"><a href=\"https:\/\/plejada.pl\/temat\/karolina-gilon\/htdt8r5\" id=\"11ae4e58-f667-4804-b54f-f6ed1a1db7ef\" rel=\"nofollow noopener\" target=\"_blank\">Karolina Gilon<\/a> da\u0142a si\u0119 pozna\u0107 dzi\u0119ki udzia\u0142owi w &#8222;Top Model&#8221;, a tak\u017ce jako prowadz\u0105ca wielu program\u00f3w telewizyjnych, m.in. &#8222;Love Island&#8221; oraz &#8222;Ninja Warrior&#8221;. Prywatnie jest zwi\u0105zana z Mateuszem \u015awierczy\u0144skim, z kt\u00f3rym doczeka\u0142a si\u0119 syna, Franka. Celebrytka ch\u0119tnie dzieli si\u0119 w mediach spo\u0142eczno\u015bciowych chwilami sp\u0119dzonymi z bliskimi, za po\u015brednictwem kt\u00f3rych najcz\u0119\u015bciej komunikuje si\u0119 z fanami.<\/p>\n<ul class=\"OchatFollowUps_wrapper__1ry7X\">\n<li class=\"OchatFollowUps_item__Dhyly OchatFollowUps_itemDesktop__R6aBv\">Jakie operacje przesz\u0142a Karolina Gilon?<\/li>\n<li class=\"OchatFollowUps_item__Dhyly OchatFollowUps_itemDesktop__R6aBv\">Dlaczego Karolina Gilon zdecydowa\u0142a si\u0119 na operacj\u0119 biustu?<\/li>\n<li class=\"OchatFollowUps_item__Dhyly OchatFollowUps_itemDesktop__R6aBv\">Ile trwa\u0142a operacja Karoliny Gilon?<\/li>\n<li class=\"OchatFollowUps_item__Dhyly OchatFollowUps_itemDesktop__R6aBv\">Jak czu\u0142a si\u0119 Karolina Gilon po operacji?<\/li>\n<\/ul>\n<p>Karolina Gilon przesz\u0142a operacj\u0119 biustu. &#8222;Nie zrobi\u0142am tego przeciwko macierzy\u0144stwu&#8221; <\/p>\n<p class=\"Paragraph_desktopParagraph__U31Gm\">Karolina Gilon nie ukrywa\u0142a, \u017ce <a href=\"https:\/\/plejada.pl\/newsy\/karolina-gilon-przeszla-operacje-pomniejszenia-biustu-opowiedziala-o-konsekwencjach\/wmhxwp4\" id=\"a2c06cd4-970c-4e72-84f2-1ef8d405a74f\" rel=\"nofollow noopener\" target=\"_blank\">w przesz\u0142o\u015bci zdecydowa\u0142a si\u0119 na zabieg pomniejszenia biustu<\/a>, poniewa\u017c mierzy\u0142a si\u0119 z rozmiarem H, kt\u00f3ry negatywnie wp\u0142ywa\u0142 na jej komfort \u017cycia. W ostatni poniedzia\u0142ek ponownie przesz\u0142a operacj\u0119.<\/p>\n<blockquote>\n<p class=\"Paragraph_desktopParagraph__U31Gm\">Chc\u0119 by\u0107 z wami szczera. W poniedzia\u0142ek przesz\u0142am operacj\u0119. Dok\u0142adnie rok temu moje cia\u0142o da\u0142o \u017cycie. Nast\u0105pi\u0142a jedna zmiana, kt\u00f3rej nie potrafi\u0142am zaakceptowa\u0107. Nie zrobi\u0142am tego przeciwko macierzy\u0144stwu. Zrobi\u0142am to dla siebie<\/p>\n<\/blockquote>\n<p class=\"Paragraph_desktopParagraph__U31Gm\">\u2014 rozpocz\u0119\u0142a. Podkre\u015bli\u0142a, \u017ce przez ca\u0142y ten czas mog\u0142a liczy\u0107 na wsparcie swojego ukochanego. W kolejnych kadrach pokaza\u0142a chwile przed operacj\u0105, kt\u00f3ra trwa\u0142a dwie godziny. Co ciekawe, wr\u00f3ci\u0142a do domu jeszcze tego samego dnia.<\/p>\n<blockquote>\n<p class=\"Paragraph_desktopParagraph__U31Gm\">Ja jeszcze [by\u0142am] troch\u0119 sko\u0142owana po zabiegu, ale naprawd\u0119 by\u0142o nie\u017ale. Jak wida\u0107, \u015bwie\u017co po czu\u0142am si\u0119 naprawd\u0119 super. Musia\u0142am pi\u0107 bardzo du\u017co wody, \u017ceby jak najszybciej wyp\u0142uka\u0107 z siebie znieczulenie. Operacja trwa\u0142a ok. dwie godziny i jeszcze tego samego dnia wr\u00f3ci\u0142am do domku<\/p>\n<\/blockquote>\n<p class=\"Paragraph_desktopParagraph__U31Gm\">\u2014 relacjonowa\u0142a. Na kolejnych nagraniach opowiedzia\u0142a o tym, jak si\u0119 czu\u0142a nast\u0119pnego dnia oraz po kontrolnej wizyty.<\/p>\n<blockquote>\n<p class=\"Paragraph_desktopParagraph__U31Gm\">Drugiego dnia pojecha\u0142am na kontrol\u0119 \u2014 wszystko jest okej. (&#8230;) Druga noc po operacji, naprawd\u0119 jest super. Mam takie dziwne uczucie pod pach\u0105, jakby skrzypia\u0142o, ale okaza\u0142o si\u0119, \u017ce to p\u0119cherzyk powietrza pod sk\u00f3r\u0105<\/p>\n<\/blockquote>\n<p class=\"Paragraph_desktopParagraph__U31Gm\">\u2014 m\u00f3wi\u0142a.<\/p>\n<p><img decoding=\"async\" class=\"Image_image__0tuHp Image_autoHeight__f2n87 \" height=\"587\" width=\"391\" src=\"https:\/\/www.europesays.com\/pl\/wp-content\/uploads\/2025\/12\/3kjk9kpTURBXy80NDllZmZjYWUwMzdkMzQ0MWU4NjNkYTMzNDFiYmJiNS5qcGeSlQLNA6wAwsOVAgDNAkvCw94AA6EwAaExAaEzw.jpeg\" alt=\"Karolina Gilon (2025 r.)\" loading=\"lazy\" \/>Andras Szilagyi \/ MW Media<\/p>\n<p>Karolina Gilon (2025 r.)<\/p>\n<p class=\"Paragraph_desktopParagraph__U31Gm\">Dzi\u0119kujemy, \u017ce przeczyta\u0142a\u015b\/e\u015b nasz artyku\u0142 do ko\u0144ca. W serwisie Plejada.pl ka\u017cdego dnia piszemy o najwa\u017cniejszych wydarzeniach show-biznesowych. B\u0105d\u017a na bie\u017c\u0105co! <a rel=\"nofollow noopener\" href=\"https:\/\/news.google.com\/publications\/CAAiEF0PeAlb7W1llpV_mwV2rL4qFAgKIhBdD3gJW-1tZZaVf5sFdqy-?hl=pl&amp;gl=PL&amp;ceid=PL%3Apl\" id=\"d8a70f1c-f7fb-4c92-85e7-5bda9e29cf8f\" target=\"_blank\">Obserwuj<\/a> Plejad\u0119 w Google. Odwied\u017a nas tak\u017ce na <a rel=\"nofollow noopener\" href=\"https:\/\/www.facebook.com\/plejadapl\" id=\"945e8cf6-607d-4240-9bc1-816c788979b7\" target=\"_blank\">Facebooku<\/a>, <a rel=\"nofollow noopener\" href=\"https:\/\/www.instagram.com\/plejadapl\/\" id=\"9567a181-2a0e-4ba9-9d4e-c308ae5a9266\" target=\"_blank\">Instagramie<\/a>, <a rel=\"nofollow noopener\" href=\"https:\/\/www.youtube.com\/c\/plejada\" id=\"9f571337-5b10-4dd0-9abf-fe7c838586e8\" target=\"_blank\">YouTubie<\/a> oraz <a rel=\"nofollow noopener\" href=\"https:\/\/www.tiktok.com\/@plejada_pl\" id=\"d90fde4f-70d5-40bf-a4e1-3f9989b26177\" target=\"_blank\">TikToku<\/a>.<\/p>\n<p class=\"Paragraph_desktopParagraph__U31Gm\">Chcesz podzieli\u0107 si\u0119 ciekawym newsem lub zaproponowa\u0107 temat? Skontaktuj si\u0119 z nami, pisz\u0105c maila na adres: <a href=\"https:\/\/www.onet.pl\/styl-zycia\/plejada\/karolina-gilon-przeszla-operacje-biustu-nie-zrobilam-tego-przeciwko-macierzynstwu\/mailto:plejada@redakcjaonet.pl\" id=\"c7a54a37-402a-49ee-9eb7-7cd34f8919d8\" rel=\"nofollow noopener\" target=\"_blank\">plejada@redakcjaonet.pl<\/a>.<\/p>\n<p><script async src=\"\/\/www.instagram.com\/embed.js\"><\/script><script async src=\"\/\/www.tiktok.com\/embed.js\"><\/script><\/p>\n","protected":false},"excerpt":{"rendered":"Karolina Gilon da\u0142a si\u0119 pozna\u0107 dzi\u0119ki udzia\u0142owi w &#8222;Top Model&#8221;, a tak\u017ce jako prowadz\u0105ca wielu program\u00f3w telewizyjnych, m.in.&hellip;\n","protected":false},"author":2,"featured_media":257063,"comment_status":"","ping_status":"","sticky":false,"template":"","format":"standard","meta":{"footnotes":"","_share_on_mastodon":"0"},"categories":[22],"tags":[122,67,6085,13374,53,52,68,51,55,42,38,40,39,41,123,47,39366,196,65,50],"class_list":["post-257062","post","type-post","status-publish","format-standard","has-post-thumbnail","category-rozrywka","tag-entertainment","tag-intextvideo_splayer","tag-karolina_gilon","tag-m_glo_sticky_tst0","tag-new_header","tag-onet3","tag-onet3d","tag-onet3d_2i","tag-phx","tag-pl","tag-poland","tag-polish","tag-polska","tag-polski","tag-rozrywka","tag-screening_general","tag-sg_cleanup_tst0","tag-styl_zycia","tag-update_me","tag-v2021"],"share_on_mastodon":{"url":"https:\/\/pubeurope.com\/@pl\/116062091065327879","error":""},"_links":{"self":[{"href":"https:\/\/www.europesays.com\/pl\/wp-json\/wp\/v2\/posts\/257062","targetHints":{"allow":["GET"]}}],"collection":[{"href":"https:\/\/www.europesays.com\/pl\/wp-json\/wp\/v2\/posts"}],"about":[{"href":"https:\/\/www.europesays.com\/pl\/wp-json\/wp\/v2\/types\/post"}],"author":[{"embeddable":true,"href":"https:\/\/www.europesays.com\/pl\/wp-json\/wp\/v2\/users\/2"}],"replies":[{"embeddable":true,"href":"https:\/\/www.europesays.com\/pl\/wp-json\/wp\/v2\/comments?post=257062"}],"version-history":[{"count":0,"href":"https:\/\/www.europesays.com\/pl\/wp-json\/wp\/v2\/posts\/257062\/revisions"}],"wp:featuredmedia":[{"embeddable":true,"href":"https:\/\/www.europesays.com\/pl\/wp-json\/wp\/v2\/media\/257063"}],"wp:attachment":[{"href":"https:\/\/www.europesays.com\/pl\/wp-json\/wp\/v2\/media?parent=257062"}],"wp:term":[{"taxonomy":"category","embeddable":true,"href":"https:\/\/www.europesays.com\/pl\/wp-json\/wp\/v2\/categories?post=257062"},{"taxonomy":"post_tag","embeddable":true,"href":"https:\/\/www.europesays.com\/pl\/wp-json\/wp\/v2\/tags?post=257062"}],"curies":[{"name":"wp","href":"https:\/\/api.w.org\/{rel}","templated":true}]}}