{"id":257080,"date":"2026-02-13T07:24:07","date_gmt":"2026-02-13T07:24:07","guid":{"rendered":"https:\/\/www.europesays.com\/pl\/257080\/"},"modified":"2026-02-13T07:24:07","modified_gmt":"2026-02-13T07:24:07","slug":"siostra-kim-dzong-una-grozi-korei-poludniowej-bedzie-straszna-odpowiedz","status":"publish","type":"post","link":"https:\/\/www.europesays.com\/pl\/257080\/","title":{"rendered":"Siostra Kim Dzong Una grozi Korei Po\u0142udniowej. &#8222;B\u0119dzie straszna odpowied\u017a&#8221;"},"content":{"rendered":"<p>O\u015bwiadczenie, opublikowane przez pa\u0144stwow\u0105 agencj\u0119 KCNA, jest bezpo\u015bredni\u0105 reakcj\u0105 na wtorkowe wyst\u0105pienie ministra zjednoczenia Po\u0142udnia, Czung Dong-junga. Polityk przemawiaj\u0105c podczas katolickiej mszy oficjalnie wyrazi\u0142 \u017cal z powodu wlotu po\u0142udniowokorea\u0144skich bezza\u0142ogowc\u00f3w nad terytorium Korei P\u00f3\u0142nocnej we wrze\u015bniu ubieg\u0142ego roku oraz w styczniu. Pjongjang domaga si\u0119 teraz od w\u0142adz w Seulu pe\u0142nej blokady takich dzia\u0142a\u0144.<\/p>\n<p> Dalszy ci\u0105g artyku\u0142u pod materia\u0142em wideo    <\/p>\n<p> Co powiedzia\u0142a Kim Jo D\u017cong na temat incydent\u00f3w z dronami? <\/p>\n<p> Jakie plany ma Pjongjang w odpowiedzi na naruszenie suwerenno\u015bci? <\/p>\n<p> Jakie dzia\u0142ania zapowiada ministerstwo w Seulu w kontek\u015bcie prowokacji? <\/p>\n<p> Jakie stanowisko zajmuje prezydent Lee Jae-myung w sprawie incydent\u00f3w z dronami? <\/p>\n<p>  Siostra Kima grozi Seulowi. &#8222;Straszna odpowied\u017a&#8221;   <\/p>\n<p>&#8222;Ostrzegam w\u0142adze Republiki Korei, aby przywi\u0105zywa\u0142y wag\u0119 do prewencji, tak aby tak g\u0142upi czyn nigdy wi\u0119cej nie powt\u00f3rzy\u0142 si\u0119 w ich kraju. Ponowna prowokacja wywo\u0142a bez w\u0105tpienia straszn\u0105 odpowied\u017a&#8221; \u2014 zagrozi\u0142a Kim Jo D\u017cong, cytowana przez KCNA.<\/p>\n<p>W\u0142adze w Pjongjangu podkre\u015blaj\u0105, \u017ce nie interesuje ich to\u017csamo\u015b\u0107 sprawc\u00f3w \u2014 czy s\u0105 to &#8222;indywidualni manipulatorzy, czy organizacje cywilne&#8221;. Po\u0142udniowokorea\u0144skie \u015bledztwo ujawni\u0142o, \u017ce maszynami szpiegowskimi kierowali cywile, w tym student powi\u0105zany z wywiadem wojskowym. <\/p>\n<p>Ministerstwo w Seulu zapewni\u0142o w pi\u0105tek, \u017ce zgodnie z zasad\u0105 pokojowego wsp\u00f3\u0142istnienia b\u0119dzie skuteczniej zapobiega\u0107 takim zdarzeniom.<\/p>\n<p>Prezydent Lee Jae-myung, d\u0105\u017c\u0105cy do wznowienia dialogu na P\u00f3\u0142wyspie, traktuje te incydenty jako powa\u017cn\u0105 przeszkod\u0119 w deeskalacji napi\u0119cia. Jego administracja odcina si\u0119 od twardej linii poprzednika, Jun Suk-yeola, uznaj\u0105c prowokacje dronowe za niebezpieczne dla procesu pokojowego \u2014 zaznacza agencja Yonhap.<\/p>\n","protected":false},"excerpt":{"rendered":"O\u015bwiadczenie, opublikowane przez pa\u0144stwow\u0105 agencj\u0119 KCNA, jest bezpo\u015bredni\u0105 reakcj\u0105 na wtorkowe wyst\u0105pienie ministra zjednoczenia Po\u0142udnia, Czung Dong-junga. Polityk&hellip;\n","protected":false},"author":2,"featured_media":257081,"comment_status":"","ping_status":"","sticky":false,"template":"","format":"standard","meta":{"footnotes":"","_share_on_mastodon":"0"},"categories":[14],"tags":[32,33,144,27,2015,44673,2014,5835,34,35,19431,28,31,48,25,46,5918,40,41,47,1746,80,29,30,26,82,83,84],"class_list":["post-257080","post","type-post","status-publish","format-standard","has-post-thumbnail","category-swiat","tag-breaking-news","tag-breakingnews","tag-drony","tag-headlines","tag-kim_dzong_un","tag-kim_jo_dzong","tag-korea_polnocna","tag-korea_poludniowa","tag-latest-news","tag-latestnews","tag-lee_jae_myung","tag-naglowki","tag-najwazniejsze-artykuly","tag-nat_styl","tag-news","tag-omp","tag-pjongjang","tag-polish","tag-polski","tag-screening_general","tag-seul","tag-swiat","tag-top-stories","tag-topstories","tag-wiadomosci","tag-world","tag-world-news","tag-worldnews"],"share_on_mastodon":{"url":"https:\/\/pubeurope.com\/@pl\/116062130291381102","error":""},"_links":{"self":[{"href":"https:\/\/www.europesays.com\/pl\/wp-json\/wp\/v2\/posts\/257080","targetHints":{"allow":["GET"]}}],"collection":[{"href":"https:\/\/www.europesays.com\/pl\/wp-json\/wp\/v2\/posts"}],"about":[{"href":"https:\/\/www.europesays.com\/pl\/wp-json\/wp\/v2\/types\/post"}],"author":[{"embeddable":true,"href":"https:\/\/www.europesays.com\/pl\/wp-json\/wp\/v2\/users\/2"}],"replies":[{"embeddable":true,"href":"https:\/\/www.europesays.com\/pl\/wp-json\/wp\/v2\/comments?post=257080"}],"version-history":[{"count":0,"href":"https:\/\/www.europesays.com\/pl\/wp-json\/wp\/v2\/posts\/257080\/revisions"}],"wp:featuredmedia":[{"embeddable":true,"href":"https:\/\/www.europesays.com\/pl\/wp-json\/wp\/v2\/media\/257081"}],"wp:attachment":[{"href":"https:\/\/www.europesays.com\/pl\/wp-json\/wp\/v2\/media?parent=257080"}],"wp:term":[{"taxonomy":"category","embeddable":true,"href":"https:\/\/www.europesays.com\/pl\/wp-json\/wp\/v2\/categories?post=257080"},{"taxonomy":"post_tag","embeddable":true,"href":"https:\/\/www.europesays.com\/pl\/wp-json\/wp\/v2\/tags?post=257080"}],"curies":[{"name":"wp","href":"https:\/\/api.w.org\/{rel}","templated":true}]}}