{"id":257318,"date":"2026-02-13T09:31:10","date_gmt":"2026-02-13T09:31:10","guid":{"rendered":"https:\/\/www.europesays.com\/pl\/257318\/"},"modified":"2026-02-13T09:31:10","modified_gmt":"2026-02-13T09:31:10","slug":"sniezyce-i-oblodzenia-zagrazaja-czesci-polski-imgw-wydal-zolte-alerty-i-zapowiada-kolejne-onet","status":"publish","type":"post","link":"https:\/\/www.europesays.com\/pl\/257318\/","title":{"rendered":"\u015anie\u017cyce i oblodzenia zagra\u017caj\u0105 cz\u0119\u015bci Polski. IMGW wyda\u0142 \u017c\u00f3\u0142te alerty i zapowiada kolejne &#8211; Onet"},"content":{"rendered":"<ol>\n<li><a href=\"https:\/\/news.google.com\/rss\/articles\/CBMi1wFBVV95cUxQc09JeDVfX2haSGdRZHBPeE1BUVNOa2V5N2VZVi1pUnBtQ3dOaEdhOGVadHQ3VlhYeDZmbHcwYU1wRkFvNEg5aTljMVF3QlVjektuUHZ1VWRkQ3pNT2N4WG9SWXNHMGV0R294TjZFSjR1cGtQZjA5TEhDdzdaa0pXMWZ5WVJaclNGaV9MemdLV0NLbVlKSloxZXRaTVhuTVExN05EV1BVUjNCaVVDLVhmN1VaV1kwOS00MEV3ZFRIaW9RQm1pOXVMWVp1Y0gydmlRQUZ6S0xZRQ?oc=5\" target=\"_blank\" rel=\"nofollow noopener\">\u015anie\u017cyce i oblodzenia zagra\u017caj\u0105 cz\u0119\u015bci Polski. IMGW wyda\u0142 \u017c\u00f3\u0142te alerty i zapowiada kolejne<\/a>&nbsp;&nbsp;Onet<\/li>\n<li><a href=\"https:\/\/news.google.com\/rss\/articles\/CBMixgFBVV95cUxQQWtCRURQa1IybE5qWk85anNKdjVzSERtTEpxMm9SREw3R0ZhR3BDdWt6Sk1MTnVLR21YRzIwQk91ZUplQk5EZDdWX25EYW03OWZBNXViOGYwNWl0cmQ3Y2dnSHhOYWdSbmhQb1JuNG02TndDeW5OdGRCYVp3cHlnZWFhVGpZQjU4V2dodU8zYWowOUF6YVBIOFJ1Wl9rZzlOcFBmZFFzSEFxMXp0eV9sTVRuN0FuakcweFVyYUxtUlJ0MWl4VEE?oc=5\" target=\"_blank\" rel=\"nofollow noopener\">Prognoza pogody IMGW. Nadci\u0105ga pot\u0119\u017cny atak zimy. Do Polski sun\u0105 dwie fale \u015bnie\u017cyc i arktyczny mr\u00f3z<\/a>&nbsp;&nbsp;Wiadomo\u015bci &#8211; Gazeta.pl<\/li>\n<li><a href=\"https:\/\/news.google.com\/rss\/articles\/CBMipAFBVV95cUxNak5SUFlXSDJON2hubDdVLV9sZ0dER1owMjhuVGxRZUItWXBrd2JXamdyR0pvdHExa2xZWVMwbV90Mm14NXNRbmgtQzJTSXpReWM4UzlPMkptMWRxcFVYNkR3RHBkSVNMa1BvOXpxZXZEeVlVUWNmSDZ6cFV6ZC14RjViWHd1Q0Q5bl9TMVNPNGo2Vi1YMFp5YWJ2enZqaXd2aVhtUg?oc=5\" target=\"_blank\" rel=\"nofollow noopener\">Te wojew\u00f3dztwa zostan\u0105 zasypane. Zosta\u0142y tylko godziny<\/a>&nbsp;&nbsp;TwojaPogoda.pl<\/li>\n<li><a href=\"https:\/\/news.google.com\/rss\/articles\/CBMiswFBVV95cUxPNnlOOWhPaFpvQUl6em83bHhfWW5tQ0U0eDBVbGRXRmdCZEphZ18tcWVqRnV2ZGtWWDBwR21TdlREaGFrbmtDajlVNzNWcERxZ21ON0UwVjZ4QUdiRUxWZzlaa3JJSG9UdzV4NjNrUGs0QWNrQ1ZlRjRMdHF0NDNHb2VFV3JRZFlydEg4dVptZ3dZUWdpN29td3VpUXVoZHBOOElnWktLazNGMTFaX29GdHlCQQ?oc=5\" target=\"_blank\" rel=\"nofollow noopener\">Zima przyjdzie jak do siebie. Mo\u017cemy odlicza\u0107 dni do dwucyfrowych mroz\u00f3w i \u015bnie\u017cyc<\/a>&nbsp;&nbsp;Wydarzenia w INTERIA.PL<\/li>\n<li><a href=\"https:\/\/news.google.com\/rss\/articles\/CBMiwAFBVV95cUxNZk5XSmNSaTh6NERWYm55RFJpUmYtNnNZVVl6QjZieERsMTBxZGJDeERLYUlXTHc2T3h3ZzBRVkdZamxRcm5qeXlZQzN3MWM4SnI4Q3piaVRxUzVUWXV4NXQtajRNOThLUjFSVnRJenhid09LQnZlVGhpMUEzZ1ZOcUs5VmQxRGJZM0E4UndWZC03aE9JREhxVVV4THc3aEQ1UnJLTmhuZzJWYlhEMElYTWF2Y1g1WHE3Z3ZjM0ZMeW4?oc=5\" target=\"_blank\" rel=\"nofollow noopener\">\u015anie\u017cny walec przetoczy si\u0119 przez Polsk\u0119. Ameryka\u0144scy meteorolodzy wskazali termin<\/a>&nbsp;&nbsp;Polskie Radio 24<\/li>\n<\/ol>\n","protected":false},"excerpt":{"rendered":"\u015anie\u017cyce i oblodzenia zagra\u017caj\u0105 cz\u0119\u015bci Polski. IMGW wyda\u0142 \u017c\u00f3\u0142te alerty i zapowiada kolejne&nbsp;&nbsp;Onet Prognoza pogody IMGW. Nadci\u0105ga pot\u0119\u017cny&hellip;\n","protected":false},"author":2,"featured_media":257319,"comment_status":"","ping_status":"","sticky":false,"template":"","format":"standard","meta":{"footnotes":"","_share_on_mastodon":"0"},"categories":[12],"tags":[32,33,36,37,23120,27,67,34,35,28,31,53,25,52,68,51,16382,55,42,78,38,40,39,41,47,7312,29,30,65,50,26],"class_list":["post-257318","post","type-post","status-publish","format-standard","has-post-thumbnail","category-polska","tag-breaking-news","tag-breakingnews","tag-featured-news","tag-featurednews","tag-gololedz","tag-headlines","tag-intextvideo_splayer","tag-latest-news","tag-latestnews","tag-naglowki","tag-najwazniejsze-artykuly","tag-new_header","tag-news","tag-onet3","tag-onet3d","tag-onet3d_2i","tag-ostrzezenia_imgw","tag-phx","tag-pl","tag-pogoda","tag-poland","tag-polish","tag-polska","tag-polski","tag-screening_general","tag-snieg","tag-top-stories","tag-topstories","tag-update_me","tag-v2021","tag-wiadomosci"],"share_on_mastodon":{"url":"https:\/\/pubeurope.com\/@pl\/116062629746123905","error":""},"_links":{"self":[{"href":"https:\/\/www.europesays.com\/pl\/wp-json\/wp\/v2\/posts\/257318","targetHints":{"allow":["GET"]}}],"collection":[{"href":"https:\/\/www.europesays.com\/pl\/wp-json\/wp\/v2\/posts"}],"about":[{"href":"https:\/\/www.europesays.com\/pl\/wp-json\/wp\/v2\/types\/post"}],"author":[{"embeddable":true,"href":"https:\/\/www.europesays.com\/pl\/wp-json\/wp\/v2\/users\/2"}],"replies":[{"embeddable":true,"href":"https:\/\/www.europesays.com\/pl\/wp-json\/wp\/v2\/comments?post=257318"}],"version-history":[{"count":0,"href":"https:\/\/www.europesays.com\/pl\/wp-json\/wp\/v2\/posts\/257318\/revisions"}],"wp:featuredmedia":[{"embeddable":true,"href":"https:\/\/www.europesays.com\/pl\/wp-json\/wp\/v2\/media\/257319"}],"wp:attachment":[{"href":"https:\/\/www.europesays.com\/pl\/wp-json\/wp\/v2\/media?parent=257318"}],"wp:term":[{"taxonomy":"category","embeddable":true,"href":"https:\/\/www.europesays.com\/pl\/wp-json\/wp\/v2\/categories?post=257318"},{"taxonomy":"post_tag","embeddable":true,"href":"https:\/\/www.europesays.com\/pl\/wp-json\/wp\/v2\/tags?post=257318"}],"curies":[{"name":"wp","href":"https:\/\/api.w.org\/{rel}","templated":true}]}}