{"id":257436,"date":"2026-02-13T10:35:11","date_gmt":"2026-02-13T10:35:11","guid":{"rendered":"https:\/\/www.europesays.com\/pl\/257436\/"},"modified":"2026-02-13T10:35:11","modified_gmt":"2026-02-13T10:35:11","slug":"spor-wokol-slawomira-cenckiewicza-jacek-dobrzynski-nie-odpuszcza-ostry-wpis","status":"publish","type":"post","link":"https:\/\/www.europesays.com\/pl\/257436\/","title":{"rendered":"Sp\u00f3r wok\u00f3\u0142 S\u0142awomira Cenckiewicza. Jacek Dobrzy\u0144ski nie odpuszcza. Ostry wpis"},"content":{"rendered":"<p>&#8222;Warto odnotowa\u0107 to na koniec dnia. Skoro kombinuj\u0105 jak obej\u015b\u0107 prawo i przyzna\u0107 Cenckiewiczowi przynajmniej jednorazowe udost\u0119pnienie informacji niejawnej, to jednoznacznie potwierdzaj\u0105 to, co od tygodni publicznie powtarzam \u2014 Pan S\u0142awomir Cenckiewicz, wype\u0142niaj\u0105c ankiet\u0119 bezpiecze\u0144stwa sk\u0142ama\u0142, dlatego straci\u0142 po\u015bwiadczenie bezpiecze\u0144stwa i nie ma dost\u0119pu do informacji niejawnych. I wszystko jasne&#8221; \u2014 napisa\u0142 w czwartek wieczorem w mediach spo\u0142eczno\u015bciowych Jacek Dobrzy\u0144ski.<\/p>\n<p> Dlaczego S\u0142awomir Cenckiewicz straci\u0142 po\u015bwiadczenie bezpiecze\u0144stwa? <\/p>\n<p> Co powiedzia\u0142 Jacek Dobrzy\u0144ski na temat Cenckiewicza? <\/p>\n<p> Jakie decyzje dotycz\u0105ce Cenckiewicza podj\u0105\u0142 Wojew\u00f3dzki S\u0105d Administracyjny? <\/p>\n<p> Czy Cenckiewicz ma obecnie dost\u0119p do informacji niejawnych? <\/p>\n<p>W poprzednim wpisie rzecznik ministra koordynatora s\u0142u\u017cb specjalnych wdar\u0142 si\u0119 w sp\u00f3r ze Stanis\u0142awem \u017barynem, by\u0142ym pe\u0142nomocnikiem rz\u0105du w czasach PiS ds. Bezpiecze\u0144stwa Przestrzeni Informacyjnej RP, kt\u00f3ry przekonywa\u0142, \u017ce zgodnie z przepisami &#8222;Szef Kancelarii Prezydenta mo\u017ce, na w\u0142asn\u0105 odpowiedzialno\u015b\u0107, udost\u0119pni\u0107 informacje niejawne osobie bez wzgl\u0119du na jej uprawnienia&#8221;. &#8222;Niesamowity blama\u017c panie kolego&#8221; \u2014 stwierdzi\u0142 Dobrzy\u0144ski, wskazuj\u0105c na &#8222;manipulacj\u0119&#8221;, jakiej dopu\u015bci\u0107 jego zdaniem mia\u0142 si\u0119 \u017baryn.<\/p>\n<p>    Cenckiewicz bez dost\u0119pu do informacji niejawnych. O co chodzi?<\/p>\n<p>S\u0142awomir Cenckiewicz straci\u0142 po\u015bwiadczenie bezpiecze\u0144stwa na skutek decyzji S\u0142u\u017cby Kontrwywiadu Wojskowego w lipcu 2024 r. Jako pow\u00f3d wskazano zatajenie informacji o przyjmowaniu lek\u00f3w w ankiecie bezpiecze\u0144stwa. W zwi\u0105zku z tym od miesi\u0119cy trwa sp\u00f3r polityczny i prawny wok\u00f3\u0142 dost\u0119pu szefa BBN do informacji tajnych i niejawnych.<\/p>\n<p>W czerwcu 2025 r. Wojew\u00f3dzki S\u0105d Administracyjny uchyli\u0142 decyzj\u0119 SKW i Kancelarii Prezesa Rady Ministr\u00f3w o odebraniu Cenckiewiczowi dost\u0119pu. Wyrok ten nie jest jednak prawomocny, poniewa\u017c KPRM z\u0142o\u017cy\u0142a skarg\u0119 kasacyjn\u0105 do Naczelnego S\u0105du Administracyjnego. Cenckiewicz twierdzi, \u017ce po wyroku WSA odzyska\u0142 prawo do korzystania z materia\u0142\u00f3w niejawnych, natomiast rz\u0105d stoi na stanowisku, \u017ce sytuacja nie uleg\u0142a zmianie i szef BBN nadal nie powinien mie\u0107 dost\u0119pu do tajemnic pa\u0144stwowych.<\/p>\n","protected":false},"excerpt":{"rendered":"&#8222;Warto odnotowa\u0107 to na koniec dnia. Skoro kombinuj\u0105 jak obej\u015b\u0107 prawo i przyzna\u0107 Cenckiewiczowi przynajmniej jednorazowe udost\u0119pnienie informacji&hellip;\n","protected":false},"author":2,"featured_media":257437,"comment_status":"","ping_status":"","sticky":false,"template":"","format":"standard","meta":{"footnotes":"","_share_on_mastodon":"0"},"categories":[5],"tags":[32,33,36,37,27,15714,49,34,35,28,31,48,25,46,42,38,40,39,41,47,2739,9910,29,30,26],"class_list":["post-257436","post","type-post","status-publish","format-standard","has-post-thumbnail","category-naglowki","tag-breaking-news","tag-breakingnews","tag-featured-news","tag-featurednews","tag-headlines","tag-jacek_dobrzynski","tag-kraj","tag-latest-news","tag-latestnews","tag-naglowki","tag-najwazniejsze-artykuly","tag-nat_styl","tag-news","tag-omp","tag-pl","tag-poland","tag-polish","tag-polska","tag-polski","tag-screening_general","tag-slawomir_cenckiewicz","tag-sluzby_specjalne","tag-top-stories","tag-topstories","tag-wiadomosci"],"share_on_mastodon":{"url":"https:\/\/pubeurope.com\/@pl\/116062881245944278","error":""},"_links":{"self":[{"href":"https:\/\/www.europesays.com\/pl\/wp-json\/wp\/v2\/posts\/257436","targetHints":{"allow":["GET"]}}],"collection":[{"href":"https:\/\/www.europesays.com\/pl\/wp-json\/wp\/v2\/posts"}],"about":[{"href":"https:\/\/www.europesays.com\/pl\/wp-json\/wp\/v2\/types\/post"}],"author":[{"embeddable":true,"href":"https:\/\/www.europesays.com\/pl\/wp-json\/wp\/v2\/users\/2"}],"replies":[{"embeddable":true,"href":"https:\/\/www.europesays.com\/pl\/wp-json\/wp\/v2\/comments?post=257436"}],"version-history":[{"count":0,"href":"https:\/\/www.europesays.com\/pl\/wp-json\/wp\/v2\/posts\/257436\/revisions"}],"wp:featuredmedia":[{"embeddable":true,"href":"https:\/\/www.europesays.com\/pl\/wp-json\/wp\/v2\/media\/257437"}],"wp:attachment":[{"href":"https:\/\/www.europesays.com\/pl\/wp-json\/wp\/v2\/media?parent=257436"}],"wp:term":[{"taxonomy":"category","embeddable":true,"href":"https:\/\/www.europesays.com\/pl\/wp-json\/wp\/v2\/categories?post=257436"},{"taxonomy":"post_tag","embeddable":true,"href":"https:\/\/www.europesays.com\/pl\/wp-json\/wp\/v2\/tags?post=257436"}],"curies":[{"name":"wp","href":"https:\/\/api.w.org\/{rel}","templated":true}]}}