{"id":257462,"date":"2026-02-13T10:48:16","date_gmt":"2026-02-13T10:48:16","guid":{"rendered":"https:\/\/www.europesays.com\/pl\/257462\/"},"modified":"2026-02-13T10:48:16","modified_gmt":"2026-02-13T10:48:16","slug":"reportaz-marii-wiernikowskiej-wywolal-burze-medioznawcy-krytykuja-kanal-zero","status":"publish","type":"post","link":"https:\/\/www.europesays.com\/pl\/257462\/","title":{"rendered":"Reporta\u017c Marii Wiernikowskiej wywo\u0142a\u0142 burz\u0119. Medioznawcy krytykuj\u0105 Kana\u0142 Zero"},"content":{"rendered":"\n<p class=\"ods-o-frame-in-text__paragraph\">W skr\u00f3cie: <\/p>\n<ul class=\"ods-m-bullet-list\">\n<li class=\"ods-a-bullet ods-a-bullet--normal\"> Reporta\u017c Marii Wiernikowskiej dla Kana\u0142u Zero zawiera rozmowy z mieszka\u0144cami obwodu kaliningradzkiego, <\/li>\n<li class=\"ods-a-bullet ods-a-bullet--normal\"> Materia\u0142 zosta\u0142 skrytykowany przez medioznawc\u00f3w m.in. za &#8222;wpisywanie si\u0119 w narracj\u0119 Kremla&#8221; <\/li>\n<li class=\"ods-a-bullet ods-a-bullet--normal\"> Po emisji reporta\u017cu z Kana\u0142u Zero odszed\u0142 prowadz\u0105cy Piotr Po\u0142a\u0107, a cz\u0119\u015b\u0107 reklamodawc\u00f3w wyrazi\u0142a sprzeciw <\/li>\n<li class=\"ods-a-bullet ods-a-bullet--normal\"> Do materia\u0142u odni\u00f3s\u0142 si\u0119 za\u0142o\u017cyciel Kana\u0142u Zero Krzysztof Stanowski <\/li>\n<li class=\"ods-a-bullet ods-a-bullet--normal\"> <a href=\"https:\/\/www.onet.pl\/#utm_source=detal&amp;utm_medium=referral&amp;utm_campaign=back_to_onet_bullet\" rel=\"nofollow noopener\" target=\"_blank\">Wi\u0119cej wa\u017cnych informacji znajdziesz na stronie g\u0142\u00f3wnej Onetu<\/a> <\/li>\n<\/ul>\n<p>   Materia\u0142, kt\u00f3ry pojawi\u0142 si\u0119 4 lutego w Kanale Zero, jest <a href=\"https:\/\/wiadomosci.onet.pl\/kraj\/rzecznik-rzadu-adam-szlapka-reaguje-na-material-kanalu-zero-o-rosji\/yj8ptc7\" id=\"92ae4e4d-af7d-4169-9383-92572bf4187f\" rel=\"nofollow noopener\" target=\"_blank\">relacj\u0105 z podr\u00f3\u017cy dziennikarki Marii Wiernikowskiej do obwodu kaliningradzkiego<\/a>. Zawiera rozmowy z mieszka\u0144cami i opowiada o ich codziennym \u017cyciu.<\/p>\n<p>W pocz\u0105tkowej wersji reporta\u017cu zosta\u0142a r\u00f3wnie\u017c pokazana mapa, kt\u00f3ra przypisuje Krym do Rosji \u2014 fragment zosta\u0142 potem z materia\u0142u wyci\u0119ty. Tereny Mo\u0142dawii zosta\u0142y za\u015b przedstawione tak, jakby nale\u017ca\u0142y do Ukrainy. Na mapie nie zosta\u0142y wyr\u00f3\u017cnione r\u00f3wnie\u017c granice pomi\u0119dzy S\u0142oweni\u0105 a Chorwacj\u0105 oraz mi\u0119dzy Austri\u0105 a Szwajcari\u0105.<\/p>\n<p> Dalszy ci\u0105g artyku\u0142u pod materia\u0142em wideo    <\/p>\n<p> Jakie by\u0142y g\u0142\u00f3wne zarzuty wobec reporta\u017cu Wiernikowskiej? <\/p>\n<p> Co zawiera materia\u0142 Marii Wiernikowskiej? <\/p>\n<p> Kto odszed\u0142 z Kana\u0142u Zero po emisji reporta\u017cu? <\/p>\n<p> Jak Krzysztof Stanowski odni\u00f3s\u0142 si\u0119 do zarzut\u00f3w dotycz\u0105cych reporta\u017cu? <\/p>\n<p>     Materia\u0142 Wiernikowskiej pokazuje Rosj\u0119 &#8222;przez r\u00f3\u017cowe okulary&#8221;. Rozm\u00f3wcy wypowiadaj\u0105 si\u0119 o wojnie<\/p>\n<p>&#8222;Skupienie si\u0119 na codziennym \u017cyciu i pozytywnych wypowiedziach mieszka\u0144c\u00f3w, przy jednoczesnym braku szerszego kontekstu wojny, ogranicze\u0144 wolno\u015bci i reali\u00f3w politycznych, mo\u017ce sprawia\u0107 wra\u017cenie prezentowania Rosji \u00bbprzez r\u00f3\u017cowe okulary\u00ab&#8221; \u2014 oceni\u0142a w rozmowie z PAP medioznawczyni z UMCS dr Ilona D\u0105browska.<\/p>\n<p>Ekspertka zwr\u00f3ci\u0142a r\u00f3wnie\u017c uwag\u0119 na fragment materia\u0142u, w kt\u00f3rym mieszkanka Rosji, zapytana o to, czy Rosjanie szykuj\u0105 si\u0119 na wojn\u0119, odpowiedzia\u0142a: &#8222;Co za wojna? My wyzwalamy, nie napadamy&#8221;. Medioznawczymi wyt\u0142umaczy\u0142a, \u017ce problemem nie jest samo oddanie g\u0142osu przypadkowym rozm\u00f3wcom, lecz brak krytycznego odniesienia do powielanych przez nich narracji propagandowych.<\/p>\n<p>Ekspertka oceni\u0142a materia\u0142 Marii Wiernikowskiej dla Kana\u0142u Zero<\/p>\n<p>Z kolei wed\u0142ug prof. Moniki Kaczmarek-\u015aliwi\u0144skiej, medioznawczyni z Uniwersytetu Warszawskiego, materia\u0142 zamieszczony na Kanale Zero racjonalizuje i relatywizuje dzia\u0142ania wojenne Rosji w Ukrainie, przez co \u2014 jak twierdzi ekspertka \u2014 wpisuje si\u0119 w narracj\u0119 Kremla.<\/p>\n<p>&#8222;Oczywi\u015bcie mo\u017cna by\u0142oby s\u0105dzi\u0107, \u017ce osoby pojawiaj\u0105ce si\u0119 w tym materiale nie maj\u0105 \u015bwiadomo\u015bci i wiedzy, z czego wynikaj\u0105 zmiany ruchu granicznym oraz jakie s\u0105 rzeczywiste skutki agresji Rosji, ale to w\u0142a\u015bnie po stronie tworz\u0105cego materia\u0142 le\u017cy odpowiedzialno\u015b\u0107, aby subiektywne opinie bohater\u00f3w reporta\u017cu konfrontowa\u0107 z danymi i faktami. W\u00f3wczas odbiorca materia\u0142u mo\u017ce zobaczy\u0107 zderzenie my\u015bli mieszka\u0144c\u00f3w Rosji odwiedzanej przez autork\u0119 z rzeczywistym obrazem sytuacji&#8221; \u2014 t\u0142umaczy\u0142a w rozmowie z PAP.<\/p>\n<p>   Po emisji z Kana\u0142u Zero odszed\u0142 prowadz\u0105cy. Sprzeciw wyrazili te\u017c reklamodawcyEmisja materia\u0142u wywo\u0142a\u0142a reakcje w samym Kanale Zero. Odej\u015b\u0107 z kana\u0142u postanowi\u0142 Piotr Po\u0142a\u0107, gospodarz porannego pasma. &#8222;W obecnej sytuacji nie jestem w stanie kontynuowa\u0107 wsp\u00f3\u0142pracy z Kana\u0142em Zero. Nie rozumiem, dlaczego wypuszczono materia\u0142 relatywizuj\u0105cy Rosj\u0119 i to, co si\u0119 tam dzieje. Nie wiem te\u017c, czemu Kana\u0142 Zero, zamiast po prostu przeprosi\u0107, broni tego, jak Jasnej G\u00f3ry&#8221; \u2014 komentowa\u0142 w rozmowie z Wirtualnymi Mediami. Sprzeciw wyrazili r\u00f3wnie\u017c niekt\u00f3rzy reklamodawcy Kana\u0142u Zero, skutkiem czego na materiale o podr\u00f3\u017cy z Rosji <a href=\"https:\/\/www.fakt.pl\/pieniadze\/sts-reaguje-po-reportazu-kanalu-zero-zazadali-wyblurowania-reklamy\/vj7pdcs\" id=\"41550a60-dea5-4ca0-924a-26c9ecd590ef\" rel=\"nofollow noopener\" target=\"_blank\">cz\u0119\u015b\u0107 reklam zosta\u0142a zablurowana<\/a>.Krzysztof Stanowski odpowiedzia\u0142 na zarzuty dotycz\u0105ce reporta\u017cu Marii Wiernikowskiej<\/p>\n<p>Za\u0142o\u017cyciel Kana\u0142u Zero Krzysztof Stanowski odpowiedzia\u0142 na zwi\u0105zane z reporta\u017cem zarzuty w specjalnym wideo na platformie YouTube. Wypowiedzia\u0142 si\u0119 r\u00f3wnie\u017c na temat autorki reporta\u017cu, Marii Wiernikowskiej. \u2014 Czy lubi Amerykan\u00f3w? Nie wydaje mi si\u0119. Czy woli Rosjan od Amerykan\u00f3w? Szczerze m\u00f3wi\u0105c, tak s\u0105dz\u0119. Czy to dziwne? Moim zdaniem tak. Czy mi to przeszkadza? Szczerze m\u00f3wi\u0105c troch\u0119 tak. Kiedy\u015b zada\u0142em sobie pytanie, jak bardzo mi to przeszkadza i czy powinienem co\u015b z tym zrobi\u0107, ale na sam koniec kim ja jestem? Jak mam kobiecie, kt\u00f3ra od dziesi\u0119cioleci je\u017adzi na r\u00f3\u017cne wojny, m\u00f3wi\u0107 kogo ma lubi\u0107 bardziej, a kogo mniej? \u2014 podsumowa\u0142.<\/p>\n","protected":false},"excerpt":{"rendered":"W skr\u00f3cie: Reporta\u017c Marii Wiernikowskiej dla Kana\u0142u Zero zawiera rozmowy z mieszka\u0144cami obwodu kaliningradzkiego, Materia\u0142 zosta\u0142 skrytykowany przez&hellip;\n","protected":false},"author":2,"featured_media":257463,"comment_status":"","ping_status":"","sticky":false,"template":"","format":"standard","meta":{"footnotes":"","_share_on_mastodon":"0"},"categories":[12],"tags":[210,32,33,36,37,27,4487,15658,34,35,44708,28,39701,31,48,25,46,42,38,40,39,41,47,224,29,30,26],"class_list":["post-257462","post","type-post","status-publish","format-standard","has-post-thumbnail","category-polska","tag-aktualnosci","tag-breaking-news","tag-breakingnews","tag-featured-news","tag-featurednews","tag-headlines","tag-kanal_zero","tag-krzysztof_stanowski","tag-latest-news","tag-latestnews","tag-maria_wiernikowska","tag-naglowki","tag-najnowsze_wiadomosci","tag-najwazniejsze-artykuly","tag-nat_styl","tag-news","tag-omp","tag-pl","tag-poland","tag-polish","tag-polska","tag-polski","tag-screening_general","tag-telewizja","tag-top-stories","tag-topstories","tag-wiadomosci"],"share_on_mastodon":{"url":"https:\/\/pubeurope.com\/@pl\/116062932608744883","error":""},"_links":{"self":[{"href":"https:\/\/www.europesays.com\/pl\/wp-json\/wp\/v2\/posts\/257462","targetHints":{"allow":["GET"]}}],"collection":[{"href":"https:\/\/www.europesays.com\/pl\/wp-json\/wp\/v2\/posts"}],"about":[{"href":"https:\/\/www.europesays.com\/pl\/wp-json\/wp\/v2\/types\/post"}],"author":[{"embeddable":true,"href":"https:\/\/www.europesays.com\/pl\/wp-json\/wp\/v2\/users\/2"}],"replies":[{"embeddable":true,"href":"https:\/\/www.europesays.com\/pl\/wp-json\/wp\/v2\/comments?post=257462"}],"version-history":[{"count":0,"href":"https:\/\/www.europesays.com\/pl\/wp-json\/wp\/v2\/posts\/257462\/revisions"}],"wp:featuredmedia":[{"embeddable":true,"href":"https:\/\/www.europesays.com\/pl\/wp-json\/wp\/v2\/media\/257463"}],"wp:attachment":[{"href":"https:\/\/www.europesays.com\/pl\/wp-json\/wp\/v2\/media?parent=257462"}],"wp:term":[{"taxonomy":"category","embeddable":true,"href":"https:\/\/www.europesays.com\/pl\/wp-json\/wp\/v2\/categories?post=257462"},{"taxonomy":"post_tag","embeddable":true,"href":"https:\/\/www.europesays.com\/pl\/wp-json\/wp\/v2\/tags?post=257462"}],"curies":[{"name":"wp","href":"https:\/\/api.w.org\/{rel}","templated":true}]}}