{"id":257634,"date":"2026-02-13T12:27:08","date_gmt":"2026-02-13T12:27:08","guid":{"rendered":"https:\/\/www.europesays.com\/pl\/257634\/"},"modified":"2026-02-13T12:27:08","modified_gmt":"2026-02-13T12:27:08","slug":"nawrocki-zrobil-dobra-robote-zaskakujace-slowa-poslanki-lewicy-w-tok-fm","status":"publish","type":"post","link":"https:\/\/www.europesays.com\/pl\/257634\/","title":{"rendered":"Nawrocki &#8222;zrobi\u0142 dobr\u0105 robot\u0119&#8221;. Zaskakuj\u0105ce s\u0142owa pos\u0142anki Lewicy w TOK FM"},"content":{"rendered":"<ul class=\"list-summary__items summary\">\n<li>Czym Karol Nawrocki zapunktowa\u0142 u Anny Marii \u017bukowskiej?<\/li>\n<li>Dlaczego Jacek \u017bakowski stwierdzi\u0142, \u017ce pos\u0142anka &#8222;ju\u017c jaka\u015b nie ta sama&#8221;?<\/li>\n<\/ul>\n<p>W przysz\u0142ym tygodniu odb\u0119dzie si\u0119 spotkanie inauguruj\u0105ce Rad\u0119 Pokoju Donalda Trumpa. Ambasada Polski otrzyma\u0142a zaproszenie dla premiera lub prezydenta, Donald Tusk przekaza\u0142, \u017ce nie we\u017amie udzia\u0142u w wydarzeniu, ale prezydent mo\u017ce w nim uczestniczy\u0107 jako \u015bwiadek. Czy Karol Nawrocki stawi si\u0119 Waszyngtonie?<\/p>\n<p>&#8211; Niewykluczone, \u017ce takie granie na dw\u00f3ch fortepianach by\u0142oby dobre. Bo to nie jest zobowi\u0105zanie &#8211; m\u00f3wi\u0142a w &#8222;Poranku TOK FM&#8221; Anna Maria \u017bukowska, przewodnicz\u0105ca klubu parlamentarnego Lewicy.<\/p>\n<p>&#8211; Nie atakowa\u0142aby pani prezydenta? &#8211; dopytywa\u0142 Jacek \u017bakowski. &#8211; W Davos pan prezydent zrobi\u0142 dobr\u0105 robot\u0119, wymiksowa\u0142 si\u0119 troch\u0119 z tego. Zdj\u0105\u0142 z Polski napi\u0119cie przynajmniej na chwil\u0119, ono nie ust\u0105pi\u0142o, nadal jest, nadal prezydent Trump domaga si\u0119 odpowiedzi. Mo\u017ce zwodzenie go troszk\u0119 czasem to nie jest z\u0142y pomys\u0142 &#8211; oceni\u0142a pos\u0142anka.<\/p>\n<p>Podczas Forum Ekonomicznego w Davos Nawrocki przekaza\u0142 Trumpowi, \u017ce przed ewentualnym przyst\u0105pieniem do Rady Pokoju umowa musia\u0142aby przej\u015b\u0107 przez rz\u0105d i parlament.<\/p>\n<p><a name=\"eztoc32188956_0_3\" id=\"eztoc32188956_0_3\"\/>&#8222;Gdzie ten ogie\u0144?&#8221;<\/p>\n<p>\u017bukowska m\u00f3wi\u0142a te\u017c, \u017ce ma nadziej\u0119, i\u017c Sejm uchwali ustaw\u0119 o statusie osoby najbli\u017cszej. &#8211;\u00a0To pocz\u0105tek drogi parlamentarnej, my\u015bl\u0119, \u017ce uda si\u0119 to wynegocjowa\u0107 &#8211; doda\u0142a. W czwartek w Sejmie odby\u0142o si\u0119 pierwsze czytanie ustawy w tej sprawie. Mi\u0119dzy parlamentarzystami atmosfera by\u0142a g\u0119sta i napi\u0119ta. Dosz\u0142o nawet do s\u0142ownych przepychanek, kt\u00f3rych jednak \u017bukowska komentowa\u0107 nie chcia\u0142a.\u00a0<\/p>\n<p>&#8211; Mam wra\u017cenie, \u017ce Anna Maria \u017bukowska ju\u017c jaka\u015b nie ta sama, gdzie ten ogie\u0144? &#8211; zdziwi\u0142 si\u0119 prowadz\u0105cy audycj\u0119.<\/p>\n<p>&#8211; W tym tygodniu ju\u017c si\u0119 wyprztyka\u0142am z tego ognia. Ustawa o odszkodowaniach dla ofiar niekt\u00f3rych \u017co\u0142nierzy wykl\u0119tych, ustawa o zwi\u0105zkach partnerskich, RBN, tak \u017ce ju\u017c naprawd\u0119 weekend &#8211; stwierdzi\u0142a pos\u0142anka.<\/p>\n<p>\u0179r\u00f3d\u0142o: TOK FM\/ Fot.\u00a0Marysia Zawada\/REPORTER<\/p>\n","protected":false},"excerpt":{"rendered":"Czym Karol Nawrocki zapunktowa\u0142 u Anny Marii \u017bukowskiej? Dlaczego Jacek \u017bakowski stwierdzi\u0142, \u017ce pos\u0142anka &#8222;ju\u017c jaka\u015b nie ta&hellip;\n","protected":false},"author":2,"featured_media":257635,"comment_status":"","ping_status":"","sticky":false,"template":"","format":"standard","meta":{"footnotes":"","_share_on_mastodon":"0"},"categories":[5],"tags":[10402,32,33,39947,1835,36,37,27,690,34,35,28,31,25,42,38,40,39,41,29,30,26],"class_list":["post-257634","post","type-post","status-publish","format-standard","has-post-thumbnail","category-naglowki","tag-anna-maria-zukowska","tag-breaking-news","tag-breakingnews","tag-davos","tag-donald-trump","tag-featured-news","tag-featurednews","tag-headlines","tag-karol-nawrocki","tag-latest-news","tag-latestnews","tag-naglowki","tag-najwazniejsze-artykuly","tag-news","tag-pl","tag-poland","tag-polish","tag-polska","tag-polski","tag-top-stories","tag-topstories","tag-wiadomosci"],"share_on_mastodon":{"url":"https:\/\/pubeurope.com\/@pl\/116063321918927744","error":""},"_links":{"self":[{"href":"https:\/\/www.europesays.com\/pl\/wp-json\/wp\/v2\/posts\/257634","targetHints":{"allow":["GET"]}}],"collection":[{"href":"https:\/\/www.europesays.com\/pl\/wp-json\/wp\/v2\/posts"}],"about":[{"href":"https:\/\/www.europesays.com\/pl\/wp-json\/wp\/v2\/types\/post"}],"author":[{"embeddable":true,"href":"https:\/\/www.europesays.com\/pl\/wp-json\/wp\/v2\/users\/2"}],"replies":[{"embeddable":true,"href":"https:\/\/www.europesays.com\/pl\/wp-json\/wp\/v2\/comments?post=257634"}],"version-history":[{"count":0,"href":"https:\/\/www.europesays.com\/pl\/wp-json\/wp\/v2\/posts\/257634\/revisions"}],"wp:featuredmedia":[{"embeddable":true,"href":"https:\/\/www.europesays.com\/pl\/wp-json\/wp\/v2\/media\/257635"}],"wp:attachment":[{"href":"https:\/\/www.europesays.com\/pl\/wp-json\/wp\/v2\/media?parent=257634"}],"wp:term":[{"taxonomy":"category","embeddable":true,"href":"https:\/\/www.europesays.com\/pl\/wp-json\/wp\/v2\/categories?post=257634"},{"taxonomy":"post_tag","embeddable":true,"href":"https:\/\/www.europesays.com\/pl\/wp-json\/wp\/v2\/tags?post=257634"}],"curies":[{"name":"wp","href":"https:\/\/api.w.org\/{rel}","templated":true}]}}