{"id":257697,"date":"2026-02-13T13:10:08","date_gmt":"2026-02-13T13:10:08","guid":{"rendered":"https:\/\/www.europesays.com\/pl\/257697\/"},"modified":"2026-02-13T13:10:08","modified_gmt":"2026-02-13T13:10:08","slug":"ogromna-kwota-za-tyle-sprzedano-rakiete-swiatek-na-wosp","status":"publish","type":"post","link":"https:\/\/www.europesays.com\/pl\/257697\/","title":{"rendered":"Ogromna kwota. Za tyle sprzedano rakiet\u0119 \u015awi\u0105tek na WO\u015aP"},"content":{"rendered":"\n<p class=\"contentpart contentpart--default contentpart--text\" data-position=\"0\">25 stycznia odby\u0142 si\u0119 34. Fina\u0142 Wielkiej Orkiestry \u015awi\u0105tecznej Pomocy. Ju\u017c wtedy deklarowana kwota zbi\u00f3rki przekroczy\u0142a 183 mln z\u0142otych. Wiadomo jednak, \u017ce ostateczna kwota b\u0119dzie znacznie wi\u0119ksza, bo nadal zbierane s\u0105 pieni\u0105dze.<\/p>\n<p class=\"contentpart contentpart--default contentpart--text\" data-position=\"1\">Wielu sportowc\u00f3w zaanga\u017cowa\u0142o si\u0119 w aukcje charytatywne na rzecz <a href=\"https:\/\/sportowefakty.wp.pl\/inne\/wosp\" rel=\"nofollow noopener\" target=\"_blank\">WO\u015aP<\/a>. W gronie tym by\u0142a <a href=\"https:\/\/sportowefakty.wp.pl\/tenis\/iga-swiatek\" rel=\"nofollow noopener\" target=\"_blank\">Iga \u015awi\u0105tek<\/a>, kt\u00f3ra\u00a0tym razem na licytacj\u0119 wystawi\u0142a wyj\u0105tkowy zestaw.<\/p>\n<p>  <img decoding=\"async\" src=\"https:\/\/v.wpimg.pl\/X3dwLnN2d1IFFTpdYUl6R0ZNbgcnEHQREVV2TGEGbUtRT2MdOlZ2RBQUKABgQjQcDRotCStBd1IAAWMeIlM7VgwYIAorQAdEFFk_GCkQJQ\" alt=\"\" width=\"45\" height=\"58\" loading=\"lazy\"\/>  <\/p>\n<p class=\"contentpart contentpart--default contentpart--text\" data-position=\"2\">ZOBACZ WIDEO: Wzruszaj\u0105ca chwila. Tak \u017cona pociesza\u0142a Kamila Stocha<\/p>\n<p class=\"contentpart contentpart--default contentpart--text\" data-position=\"4\">Sk\u0142ada si\u0119 na niego rakieta tenisowa oraz r\u0119cznik. Te przedmioty s\u0105 wyj\u0105tkowe, bo pochodz\u0105 z wielkoszlemowego turnieju Wimbledon, kt\u00f3ry w ubieg\u0142ym roku 24-latka wygra\u0142a po raz pierwszy w karierze.<\/p>\n<p class=\"contentpart contentpart--default contentpart--text\" data-position=\"5\">&#8222;Wyj\u0105tkowa gratka dla fan\u00f3w tenisa i sportowych emocji! Na aukcj\u0119 WO\u015aP trafia rakieta, kt\u00f3r\u0105 Iga \u015awi\u0105tek wygra\u0142a historyczny Wimbledon 2025, opatrzona jej w\u0142asnor\u0119cznym podpisem oraz oryginalny r\u0119cznik z tego legendarnego turnieju.\u00a0To autentyczne pami\u0105tki zwi\u0105zane z jednym z najwi\u0119kszych sukces\u00f3w w historii polskiego sportu. Niepowtarzalna okazja, by sta\u0107 si\u0119 w\u0142a\u015bcicielem fragmentu tenisowej historii i jednocze\u015bnie wesprze\u0107 szczytny cel&#8221; &#8211; czytamy na stronie aukcji.<\/p>\n<p class=\"contentpart contentpart--default contentpart--text\" data-position=\"6\">Wiadomo ju\u017c, za ile zlicytowane zosta\u0142y rakieta oraz r\u0119cznik. Zwyci\u0119zca aukcji, kt\u00f3ra zako\u0144czy\u0142a si\u0119 w pi\u0105tek o godzinie 10:36 zap\u0142aci\u0142 za nie 137 950 z\u0142otych.<\/p>\n<p>  <img decoding=\"async\" src=\"https:\/\/v.wpimg.pl\/X3dwLnN2d1IFFTpdYUl6R0ZNbgcnEHQREVV2TGEGbUtRT2MdOlZ2RBQUKABgQjQcDRotCStBd1IAAWMeIlM7VgwYIAorQAdEFFk_GCkQJQ\" alt=\"\" width=\"45\" height=\"58\" loading=\"lazy\"\/>  <\/p>\n<p class=\"contentpart contentpart--default contentpart--text\" data-position=\"7\">W tym roku zbi\u00f3rka WO\u015aP odbywa si\u0119 pod has\u0142em &#8222;Zdrowe brzuszki naszych dzieci&#8221;. Zebrane \u015brodki zostan\u0105 przekazane gastroenterologi\u0119 dzieci\u0119c\u0105.<\/p>\n","protected":false},"excerpt":{"rendered":"25 stycznia odby\u0142 si\u0119 34. Fina\u0142 Wielkiej Orkiestry \u015awi\u0105tecznej Pomocy. Ju\u017c wtedy deklarowana kwota zbi\u00f3rki przekroczy\u0142a 183 mln&hellip;\n","protected":false},"author":2,"featured_media":257698,"comment_status":"","ping_status":"","sticky":false,"template":"","format":"standard","meta":{"footnotes":"","_share_on_mastodon":"0"},"categories":[24],"tags":[158,42,38,40,39,41,127,268,126,156,24147],"class_list":["post-257697","post","type-post","status-publish","format-standard","has-post-thumbnail","category-sport","tag-iga-swiatek","tag-pl","tag-poland","tag-polish","tag-polska","tag-polski","tag-sport","tag-sportowybar","tag-sports","tag-tenis","tag-wosp"],"share_on_mastodon":{"url":"https:\/\/pubeurope.com\/@pl\/116063490750699487","error":""},"_links":{"self":[{"href":"https:\/\/www.europesays.com\/pl\/wp-json\/wp\/v2\/posts\/257697","targetHints":{"allow":["GET"]}}],"collection":[{"href":"https:\/\/www.europesays.com\/pl\/wp-json\/wp\/v2\/posts"}],"about":[{"href":"https:\/\/www.europesays.com\/pl\/wp-json\/wp\/v2\/types\/post"}],"author":[{"embeddable":true,"href":"https:\/\/www.europesays.com\/pl\/wp-json\/wp\/v2\/users\/2"}],"replies":[{"embeddable":true,"href":"https:\/\/www.europesays.com\/pl\/wp-json\/wp\/v2\/comments?post=257697"}],"version-history":[{"count":0,"href":"https:\/\/www.europesays.com\/pl\/wp-json\/wp\/v2\/posts\/257697\/revisions"}],"wp:featuredmedia":[{"embeddable":true,"href":"https:\/\/www.europesays.com\/pl\/wp-json\/wp\/v2\/media\/257698"}],"wp:attachment":[{"href":"https:\/\/www.europesays.com\/pl\/wp-json\/wp\/v2\/media?parent=257697"}],"wp:term":[{"taxonomy":"category","embeddable":true,"href":"https:\/\/www.europesays.com\/pl\/wp-json\/wp\/v2\/categories?post=257697"},{"taxonomy":"post_tag","embeddable":true,"href":"https:\/\/www.europesays.com\/pl\/wp-json\/wp\/v2\/tags?post=257697"}],"curies":[{"name":"wp","href":"https:\/\/api.w.org\/{rel}","templated":true}]}}