{"id":257858,"date":"2026-02-13T14:59:13","date_gmt":"2026-02-13T14:59:13","guid":{"rendered":"https:\/\/www.europesays.com\/pl\/257858\/"},"modified":"2026-02-13T14:59:13","modified_gmt":"2026-02-13T14:59:13","slug":"siostra-kim-dzong-una-grozi-korei-poludniowej-bedzie-straszna-odpowiedz-onet","status":"publish","type":"post","link":"https:\/\/www.europesays.com\/pl\/257858\/","title":{"rendered":"Siostra Kim Dzong Una grozi Korei Po\u0142udniowej. &quot;B\u0119dzie straszna odpowied\u017a&quot; &#8211; Onet"},"content":{"rendered":"<ol>\n<li><a href=\"https:\/\/news.google.com\/rss\/articles\/CBMizwFBVV95cUxQZTEzNkZNaHZUQzJuRlQwQ2FTMEFMVnpMNEtDOTA4cWdPU24zNUtWRmM4UlUwRFVXejl6bGEwcDVNVHU1WmViT3VPVnh2Z1R0ODhFc0pUeERvR3lkSjNVdGFIWUhYb1ZDSlhzdkRVZTAtbTh6OUZ2a29EMUVVa1VPdEQzcHRGWFpYZXI1REpabkNIRUxhUUFsQzJROXItaHJBamxEMG5JU1dWdDZoNl9oNFQ3cFc0QzZnNUlWRTY1SVNHSWhmblRmMXNRTzZrRk0?oc=5\" target=\"_blank\" rel=\"nofollow noopener\">Siostra Kim Dzong Una grozi Korei Po\u0142udniowej. &#8222;B\u0119dzie straszna odpowied\u017a&#8221;<\/a>&nbsp;&nbsp;Onet<\/li>\n<li><a href=\"https:\/\/news.google.com\/rss\/articles\/CBMinwFBVV95cUxQQ2JqaEt1T2JGV3BsdXpZbE9TMEZMSEhkTlR4YUpRNnRRc19Iel9mdF8xZktaZmZpTFhwR09sUktoajVxenlCeHdQSXAtMG9ld2lsZF8zOGJOU3YydTItekFlTGUyM1JpSDlheEZncE9zUEJUN04yYWJyNVBHZU9jTXFoRnFPUTIxaXNndlExVWpXRkx4SVR5U0dIMENmTWs?oc=5\" target=\"_blank\" rel=\"nofollow noopener\">Siostra Kima ostrzega Seul. Zapowiada &#8222;straszn\u0105 odpowied\u017a&#8221;<\/a>&nbsp;&nbsp;WP Wiadomo\u015bci<\/li>\n<li><a href=\"https:\/\/news.google.com\/rss\/articles\/CBMioAFBVV95cUxOS3pSYUgzSXBIV3pULWdOejlSRTRVMl9BQlUzVlZZd04zZWViSTZOd3dmang5a3dwZVVpUEQxaTNtSDE0VF9qdFUyNHRncEt6aUZ4bDF1YUZRRm5KejI1RmxOSnpKVWViSmZ3blByZ3JOamMwbzNpTnJOSTNzTTh5T1hpaHh0dWw4RFFGQVN4LTc2d2Y1RzZnTkd0REVzOXRj?oc=5\" target=\"_blank\" rel=\"nofollow noopener\">Siostra Kima grozi Korei Po\u0142udniowej &#8222;straszn\u0105 odpowiedzi\u0105&#8221;<\/a>&nbsp;&nbsp;Polskie Radio 24<\/li>\n<li><a href=\"https:\/\/news.google.com\/rss\/articles\/CBMilgFBVV95cUxPckpVSHdvM2VtTEJXSFRsSmluOEoxaTZMUHg4cnFtdHZfNXhSYVlSR3VyR0tsUG9uX19TOXI5ZUNlNGlhWGpLWlVCb3E2UzdrNU9CSEh3aGxzV2p5MDZQUHJGTWFBcWRiZHVTYm9xR0hpQnRpS3cxZHhnR1hoRVR4dmpWLXl0eGY1ajhlYVpPeVNEcGZXblE?oc=5\" target=\"_blank\" rel=\"nofollow noopener\">Korea P\u00f3\u0142nocna \u017c\u0105da, aby Korea Po\u0142udniowa ca\u0142kowicie zablokowa\u0142a bezza\u0142ogowym statkom powietrznym dost\u0119p do jej przestrzeni powietrznej.<\/a>&nbsp;&nbsp;Vietnam.vn<\/li>\n<li><a href=\"https:\/\/news.google.com\/rss\/articles\/CBMipgFBVV95cUxOeGlZak5HTmRrNTZGbDRwREFaTDdCZExrc09Gd3k4RkxrZElqVUFKZmNBaUhlYzNoUmNuWTdpa3BIMmJuMmVpREMzcWxIRy1nclhqaWRZVmxvNzZFMWpoOWktb1BuNVRaTWtNUXBaeGlDMlJ5Skx1a19FVnU1U3JyZWo3RXo4WEhlam91ZldsU1B6a0NZb0pLQS1PSVdDNGt5OHZDallR?oc=5\" target=\"_blank\" rel=\"nofollow noopener\">Korea Po\u0142udniowa: policja przeszuka\u0142a agencj\u0119 szpiegowsk\u0105 ws. drona<\/a>&nbsp;&nbsp;Euronews.com<\/li>\n<\/ol>\n","protected":false},"excerpt":{"rendered":"Siostra Kim Dzong Una grozi Korei Po\u0142udniowej. &#8222;B\u0119dzie straszna odpowied\u017a&#8221;&nbsp;&nbsp;Onet Siostra Kima ostrzega Seul. Zapowiada &#8222;straszn\u0105 odpowied\u017a&#8221;&nbsp;&nbsp;WP Wiadomo\u015bci&hellip;\n","protected":false},"author":2,"featured_media":257859,"comment_status":"","ping_status":"","sticky":false,"template":"","format":"standard","meta":{"footnotes":"","_share_on_mastodon":"0"},"categories":[14],"tags":[32,33,165,27,67,2015,44673,5920,2247,34,35,19431,28,31,53,25,52,68,51,55,5918,40,41,47,1746,80,29,30,65,50,26,82,83,84],"class_list":["post-257858","post","type-post","status-publish","format-standard","has-post-thumbnail","category-swiat","tag-breaking-news","tag-breakingnews","tag-drony_dron","tag-headlines","tag-intextvideo_splayer","tag-kim_dzong_un","tag-kim_jo_dzong","tag-korea_pld_kraj_korea_poludniowa","tag-korea_pln_korea_polnocna_krld","tag-latest-news","tag-latestnews","tag-lee_jae_myung","tag-naglowki","tag-najwazniejsze-artykuly","tag-new_header","tag-news","tag-onet3","tag-onet3d","tag-onet3d_2i","tag-phx","tag-pjongjang","tag-polish","tag-polski","tag-screening_general","tag-seul","tag-swiat","tag-top-stories","tag-topstories","tag-update_me","tag-v2021","tag-wiadomosci","tag-world","tag-world-news","tag-worldnews"],"share_on_mastodon":{"url":"","error":"Validation failed: Text character limit of 500 exceeded"},"_links":{"self":[{"href":"https:\/\/www.europesays.com\/pl\/wp-json\/wp\/v2\/posts\/257858","targetHints":{"allow":["GET"]}}],"collection":[{"href":"https:\/\/www.europesays.com\/pl\/wp-json\/wp\/v2\/posts"}],"about":[{"href":"https:\/\/www.europesays.com\/pl\/wp-json\/wp\/v2\/types\/post"}],"author":[{"embeddable":true,"href":"https:\/\/www.europesays.com\/pl\/wp-json\/wp\/v2\/users\/2"}],"replies":[{"embeddable":true,"href":"https:\/\/www.europesays.com\/pl\/wp-json\/wp\/v2\/comments?post=257858"}],"version-history":[{"count":0,"href":"https:\/\/www.europesays.com\/pl\/wp-json\/wp\/v2\/posts\/257858\/revisions"}],"wp:featuredmedia":[{"embeddable":true,"href":"https:\/\/www.europesays.com\/pl\/wp-json\/wp\/v2\/media\/257859"}],"wp:attachment":[{"href":"https:\/\/www.europesays.com\/pl\/wp-json\/wp\/v2\/media?parent=257858"}],"wp:term":[{"taxonomy":"category","embeddable":true,"href":"https:\/\/www.europesays.com\/pl\/wp-json\/wp\/v2\/categories?post=257858"},{"taxonomy":"post_tag","embeddable":true,"href":"https:\/\/www.europesays.com\/pl\/wp-json\/wp\/v2\/tags?post=257858"}],"curies":[{"name":"wp","href":"https:\/\/api.w.org\/{rel}","templated":true}]}}