{"id":258045,"date":"2026-02-13T17:36:05","date_gmt":"2026-02-13T17:36:05","guid":{"rendered":"https:\/\/www.europesays.com\/pl\/258045\/"},"modified":"2026-02-13T17:36:05","modified_gmt":"2026-02-13T17:36:05","slug":"iga-swiatek-dorzucila-do-puszki-wosp-zawrotna-sume-za-tyle-wylicytowano-jej-aukcje-2","status":"publish","type":"post","link":"https:\/\/www.europesays.com\/pl\/258045\/","title":{"rendered":"Iga \u015awi\u0105tek &#8222;dorzuci\u0142a&#8221; do puszki WO\u015aP zawrotn\u0105 sum\u0119. Za tyle wylicytowano jej aukcj\u0119"},"content":{"rendered":"<p>25 stycznia br. <a href=\"https:\/\/plejada.pl\/temat\/wielka-orkiestra-swiatecznej-pomocy-wosp\/8hhw1k2\" id=\"1923c9ea-1bad-4ed3-82b4-bdf80e37acbe\" rel=\"nofollow noopener\" target=\"_blank\">Wielka Orkiestra \u015awi\u0105tecznej Pomocy<\/a> zagra\u0142a ju\u017c po raz 34. Tym razem pieni\u0105dze zebrane dzi\u0119ki akcji charytatywnej zostan\u0105 przeznaczone na sprz\u0119t do diagnostyki i leczenia chor\u00f3b przewodu pokarmowego u najm\u0142odszych pacjent\u00f3w. Nieod\u0142\u0105cznym elementem fina\u0142u WO\u015aP s\u0105 przedmioty, kt\u00f3re polskie gwiazdy wystawiaj\u0105 na aukcje. W tym roku mo\u017cna by\u0142o wylicytowa\u0107 m.in. nocowank\u0119 z Juli\u0105 Wieniaw\u0105, wizyt\u0119 w domu Katarzyny Dowbor czy spotkanie z Omen\u0105 Mensah i Rafa\u0142em Brzosk\u0105. Dalszy ci\u0105g artyku\u0142u pod materia\u0142em wideo    <\/p>\n<p> Jaka kwota zosta\u0142a wylicytowana za aukcj\u0119 Igi \u015awi\u0105tek? <\/p>\n<p> Czego dotyczy\u0142y pieni\u0105dze zbierane podczas 34. Fina\u0142u WO\u015aP? <\/p>\n<p> Kiedy zako\u0144czy\u0142a si\u0119 licytacja rakiety i r\u0119cznika Igi \u015awi\u0105tek? <\/p>\n<p> Ile \u0142\u0105cznie Iga \u015awi\u0105tek dorzuci\u0142a do puszki WO\u015aP? <\/p>\n<p>  Za tyle wylicytowano aukcj\u0119 Igi \u015awi\u0105tek. Kwota przyprawia o zawr\u00f3t g\u0142owy   <a href=\"https:\/\/plejada.pl\/temat\/iga-swiatek-tenisistka\/xqlg6hk\" id=\"d266dd13-7eb7-477a-a90b-912aeab92b5b\" rel=\"nofollow noopener\" target=\"_blank\">Iga \u015awi\u0105tek<\/a> jest jedn\u0105 z tych gwiazd, kt\u00f3re w tym roku ponownie zagra\u0142y razem z Wielk\u0105 Orkiestr\u0105 \u015awi\u0105tecznej Pomocy. Tym razem polska tenisistka wystawi\u0142a do licytacji rakiet\u0119 z autografem i r\u0119cznik z Wimbledonu 2025.<\/p>\n<p>Licytacja ruszy\u0142a 12 stycznia i potrwa\u0142a do 13 lutego \u2014 na chwil\u0119 przed ko\u0144cem zaoferowana przez darczy\u0144c\u0119 kwota wynosi\u0142a 136 500 z\u0142, jednak w ostatniej minucie jeden z licytuj\u0105cych podbi\u0142 stawk\u0119 do 137 950 z\u0142.<\/p>\n<p>    <img decoding=\"async\" src=\"https:\/\/www.europesays.com\/pl\/wp-content\/uploads\/2026\/02\/V-Tk9lBaHR0cHM6Ly9vY2RuLmV1L3B1bHNjbXMvTURBXy83NDEzYWNhYTk4NmU1NWIyYjRiZTc2ZjVjMGZkZGYwMi5wbmeSlQPNA.jpeg\" height=\"333\" width=\"356\" alt=\"Iga \u015awi\u0105tek na Instagramie\" loading=\"lazy\" class=\"ods-c-image__img ods-c-image__img--viewport-width\"\/> <\/p>\n<p>Iga \u015awi\u0105tek na Instagramiehttps:\/\/www.instagram.com\/iga.swiatek\/?hl=pl<\/p>\n<p>Okazuje si\u0119, \u017ce jak dot\u0105d Iga \u015awi\u0105tek &#8222;dorzuci\u0142a&#8221; do puszki Jerzego Owsiaka a\u017c 900 tys. z\u0142 \u2014 na t\u0119 sum\u0119 sk\u0142adaj\u0105 si\u0119 131 300 z\u0142 za rakiet\u0119 i pi\u0142k\u0119 z French Open, 189 100 z\u0142 za rakiet\u0119 z turnieju w Rzymie oraz wsp\u00f3lny trening z tenisistk\u0105, 300 300 z\u0142 za rakiet\u0119 wielkoszlemowych zawod\u00f3w Roland Garros i US Open oraz zaproszenie na mecz \u015awi\u0105tek w pierwszej rundzie we French Open w Pary\u017cu w 2023 roku i spotkanie w kuluarach, 68 300 z\u0142 za czerwon\u0105 eleganck\u0105 sukni\u0119 z sesji do WTA Finals w Cancun oraz 72 tys. z\u0142 za rakiet\u0119 z sezonu 2024 i unikalny zestaw klock\u00f3w.<\/p>\n<p> <img decoding=\"async\" src=\"https:\/\/www.europesays.com\/pl\/wp-content\/uploads\/2026\/02\/75Jk9lBaHR0cHM6Ly9vY2RuLmV1L3B1bHNjbXMvTURBXy9lYzg5NGQxODVhYzNkN2U4ZWIzOTg3YjYxNmU5ZGNmYi5qcGeRlQLNB.jpeg\" height=\"629\" width=\"940\" alt=\"Jerzy Owsiak\" loading=\"lazy\" class=\"ods-c-image__img ods-c-image__img--viewport-width\"\/> <\/p>\n<p>Jerzy OwsiakPiotr Andrzejczak \/ MW Media<\/p>\n<p>  <img decoding=\"async\" src=\"https:\/\/www.europesays.com\/pl\/wp-content\/uploads\/2026\/02\/zyzk9lBaHR0cHM6Ly9vY2RuLmV1L3B1bHNjbXMvTURBXy82M2VmZTQyNzRkMWY5YjBkZDIzNjU4NDZhNzY3ODUxOS5qcGeRlQLNB.jpeg\" height=\"800\" width=\"533\" alt=\"Jerzy Owsiak\" loading=\"lazy\" class=\"ods-c-image__img ods-c-image__img--vertical\"\/> <\/p>\n<p>Jerzy OwsiakAndras Szilagyi \/ MW Media<\/p>\n<p>  Dzi\u0119kujemy, \u017ce przeczyta\u0142a\u015b\/e\u015b nasz artyku\u0142 do ko\u0144ca. W serwisie Plejada.pl ka\u017cdego dnia piszemy o najwa\u017cniejszych wydarzeniach show-biznesowych. B\u0105d\u017a na bie\u017c\u0105co! <a rel=\"nofollow noopener\" href=\"https:\/\/profile.google.com\/cp\/Cg0vZy8xMWJ6X19wdHBx\" id=\"f051e301-b369-4b9a-a379-f00c621413e6\" target=\"_blank\">Obserwuj<\/a> Plejad\u0119 w Google. Odwied\u017a nas tak\u017ce na <a rel=\"nofollow noopener\" href=\"https:\/\/www.facebook.com\/plejadapl\" id=\"0b501e73-5257-45f2-a5fa-694ac95919ff\" target=\"_blank\">Facebooku<\/a>, <a rel=\"nofollow noopener\" href=\"https:\/\/www.instagram.com\/plejadapl\/\" id=\"721e3b52-3dc0-4949-9f7b-eb7c46aae304\" target=\"_blank\">Instagramie<\/a>, <a rel=\"nofollow noopener\" href=\"https:\/\/www.youtube.com\/c\/plejada\" id=\"97216606-5bb6-4431-a8f4-445a186480b4\" target=\"_blank\">YouTubie<\/a> oraz <a rel=\"nofollow noopener\" href=\"https:\/\/www.tiktok.com\/@plejada_pl\" id=\"88be7515-48e0-43e2-a099-b00d68e6fc16\" target=\"_blank\">TikToku<\/a>.   Chcesz podzieli\u0107 si\u0119 ciekawym newsem lub zaproponowa\u0107 temat? Skontaktuj si\u0119 z nami, pisz\u0105c maila na adres: <a rel=\"nofollow noopener\" href=\"https:\/\/plejada.pl\/newsy\/iga-swiatek-dorzucila-do-puszki-wosp-zawrotna-sume-za-tyle-wylicytowano-jej-aukcje\/mailto:plejada@redakcjaonet.pl\" id=\"3a5d0cfa-bdd0-4458-b0e6-e1912a7b32d5\" target=\"_blank\">plejada@redakcjaon<\/a><a href=\"https:\/\/et.pl\" id=\"6ed9d249-c813-4cfb-99e6-d5f42940cc29\" rel=\"nofollow noopener\" target=\"_blank\">et.pl<\/a>.<script async src=\"\/\/www.instagram.com\/embed.js\"><\/script><script async src=\"\/\/www.tiktok.com\/embed.js\"><\/script><\/p>\n","protected":false},"excerpt":{"rendered":"25 stycznia br. Wielka Orkiestra \u015awi\u0105tecznej Pomocy zagra\u0142a ju\u017c po raz 34. Tym razem pieni\u0105dze zebrane dzi\u0119ki akcji&hellip;\n","protected":false},"author":2,"featured_media":258046,"comment_status":"","ping_status":"","sticky":false,"template":"","format":"standard","meta":{"footnotes":"","_share_on_mastodon":"0"},"categories":[24],"tags":[252,24148,48,125,46,42,38,40,39,41,47,127,126,24147],"class_list":["post-258045","post","type-post","status-publish","format-standard","has-post-thumbnail","category-sport","tag-iga_swiatek","tag-jerzy_owsiak","tag-nat_styl","tag-newsy","tag-omp","tag-pl","tag-poland","tag-polish","tag-polska","tag-polski","tag-screening_general","tag-sport","tag-sports","tag-wosp"],"share_on_mastodon":{"url":"https:\/\/pubeurope.com\/@pl\/116064536928524550","error":""},"_links":{"self":[{"href":"https:\/\/www.europesays.com\/pl\/wp-json\/wp\/v2\/posts\/258045","targetHints":{"allow":["GET"]}}],"collection":[{"href":"https:\/\/www.europesays.com\/pl\/wp-json\/wp\/v2\/posts"}],"about":[{"href":"https:\/\/www.europesays.com\/pl\/wp-json\/wp\/v2\/types\/post"}],"author":[{"embeddable":true,"href":"https:\/\/www.europesays.com\/pl\/wp-json\/wp\/v2\/users\/2"}],"replies":[{"embeddable":true,"href":"https:\/\/www.europesays.com\/pl\/wp-json\/wp\/v2\/comments?post=258045"}],"version-history":[{"count":0,"href":"https:\/\/www.europesays.com\/pl\/wp-json\/wp\/v2\/posts\/258045\/revisions"}],"wp:featuredmedia":[{"embeddable":true,"href":"https:\/\/www.europesays.com\/pl\/wp-json\/wp\/v2\/media\/258046"}],"wp:attachment":[{"href":"https:\/\/www.europesays.com\/pl\/wp-json\/wp\/v2\/media?parent=258045"}],"wp:term":[{"taxonomy":"category","embeddable":true,"href":"https:\/\/www.europesays.com\/pl\/wp-json\/wp\/v2\/categories?post=258045"},{"taxonomy":"post_tag","embeddable":true,"href":"https:\/\/www.europesays.com\/pl\/wp-json\/wp\/v2\/tags?post=258045"}],"curies":[{"name":"wp","href":"https:\/\/api.w.org\/{rel}","templated":true}]}}