{"id":258247,"date":"2026-02-13T21:10:10","date_gmt":"2026-02-13T21:10:10","guid":{"rendered":"https:\/\/www.europesays.com\/pl\/258247\/"},"modified":"2026-02-13T21:10:10","modified_gmt":"2026-02-13T21:10:10","slug":"monachium-merz-przypomnial-slowa-sikorskiego","status":"publish","type":"post","link":"https:\/\/www.europesays.com\/pl\/258247\/","title":{"rendered":"Monachium: Merz przypomnia\u0142 s\u0142owa Sikorskiego"},"content":{"rendered":"\n<p>&#13;<br \/>\nKanclerz Niemiec nawi\u0105za\u0142 do\u00a0s\u0142ynnego przem\u00f3wienia Rados\u0142awa Sikorskiego sprzed 15 lat, jakie polski polityk wyg\u0142osi\u0142 w\u00a0Berlinie. \u00d3wczesny minister spraw zagranicznych wzywa\u0142 Niemcy do\u00a0wzi\u0119cia odpowiedzialno\u015bci za\u00a0przysz\u0142o\u015b\u0107 Europy w\u00a0obliczu kryzysu finansowego. &#13;\n<\/p>\n<p>&#13;<br \/>\n\u2013 Ju\u017c 15 lat temu Radek Sikorski powiedzia\u0142 nam, Niemcom: &#8222;Mniej obawiam si\u0119 niemieckiej si\u0142y ni\u017c\u00a0niemieckiej bezczynno\u015bci&#8221;. Te\u00a0dwa elementy s\u0105 cz\u0119\u015bci\u0105 naszej odpowiedzialno\u015bci, wynikaj\u0105cej z\u00a0naszej historii i\u00a0po\u0142o\u017cenia geograficznego. T\u0119 odpowiedzialno\u015b\u0107 przyjmujemy \u2013\u00a0powiedzia\u0142 Merz podczas swojego wyst\u0105pienia w\u00a0Monachium. &#13;\n<\/p>\n<p>&#13;<br \/>\nKanclerz Niemiec zobowi\u0105za\u0142 si\u0119 do\u00a0stworzenia z\u00a0Bundeswehry najsilniejszej armii w\u00a0Europie. Wskazywa\u0142 r\u00f3wnie\u017c, \u017ce\u00a0najprawdopodobniej mamy do\u00a0czynienia z\u00a0rozpadem jednobiegunowego porz\u0105dku \u015bwiata. &#13;\n<\/p>\n<p>&#13;<br \/>\n\u2013 Chiny systematycznie wykorzystuj\u0105 zale\u017cno\u015bci innych pa\u0144stw i\u00a0redefiniuj\u0105 porz\u0105dek mi\u0119dzynarodowy na\u00a0swoj\u0105 korzy\u015b\u0107. Je\u015bli po\u00a0upadku muru berli\u0144skiego istnia\u0142 &#8222;moment jednobiegunowy&#8221;, to\u00a0ju\u017c min\u0105\u0142. Roszczenie Stan\u00f3w Zjednoczonych do\u00a0przyw\u00f3dztwa zosta\u0142o zakwestionowane, a\u00a0by\u0107 mo\u017ce nawet utracone \u2013\u00a0powiedzia\u0142. &#13;\n<\/p>\n<p>Merz: Trzeba zmusi\u0107 Rosj\u0119 do\u00a0pokoju<\/p>\n<p>&#13;<br \/>\nJedn\u0105 z\u00a0kwestii poruszonych przez Merza podczas wyst\u0105pienia by\u0142y <a href=\"https:\/\/dorzeczy.pl\/opinie\/845240\/wojna-na-ukrainie-zelenski-nie-zgodzi-sie-na-upokorzenie.html\" title=\"Wojna na\u00a0Ukrainie. Ze\u0142enski nie\u00a0zgodzi si\u0119 na\u00a0upokorzenie kraju\" rel=\"nofollow noopener\" target=\"_blank\">sposoby na\u00a0zako\u0144czenie wojny na\u00a0Ukrainie<\/a>. Jego zdaniem nale\u017cy u\u017cy\u0107 wszelkich dost\u0119pnych narz\u0119dzi \u2013\u00a0militarnych, ekonomicznych, politycznych i\u00a0dyplomatycznych \u2013\u00a0aby\u00a0zmusi\u0107 Rosj\u0119 do\u00a0podj\u0119cia powa\u017cnych rozm\u00f3w o\u00a0zawieszeniu broni, a\u00a0nast\u0119pnie o\u00a0porozumieniu pokojowym. &#13;\n<\/p>\n<p>&#13;<br \/>\nJak podkre\u015bli\u0142 Merz, USA i\u00a0Ukraina \u015bci\u015ble ze\u00a0sob\u0105 wsp\u00f3\u0142pracuj\u0105 i\u00a0nie ma\u00a0niczego, czego nie\u00a0omawiano by\u00a0wcze\u015bniej z\u00a0obiema stronami. &#13;\n<\/p>\n<p>&#13;<br \/>\n\u2013 Ta\u00a0wojna sko\u0144czy si\u0119 dopiero wtedy, gdy Rosja b\u0119dzie wyczerpana, przynajmniej gospodarczo, a\u00a0potencjalnie militarnie. Zbli\u017camy si\u0119 do\u00a0tego momentu \u2013\u00a0i\u00a0wiele zrobili\u015bmy, aby\u00a0to\u00a0osi\u0105gn\u0105\u0107 \u2013\u00a0ale\u00a0jeszcze do\u00a0tego nie\u00a0doszli\u015bmy \u2013\u00a0powiedzia\u0142 szef niemieckiego rz\u0105du. &#13;\n<\/p>\n<p>&#13;<br \/>\nCzytaj te\u017c:<br \/><a href=\"https:\/\/dorzeczy.pl\/opinie\/845195\/zietek-wielomska-niemiecki-pomysl-europy-dwoch-predkosci.html\" rel=\"follow nofollow noopener\" data-schema=\"DORZECZY\" data-image=\"https:\/\/img.dorzeczy.pl\/_thumb\/fb\/e6\/b7f564071a0bcf8e15xx89d8399c.jpeg\" target=\"_blank\">Niemiecki pomys\u0142 &#8222;Europy dw\u00f3ch pr\u0119dko\u015bci&#8221;<\/a>Czytaj te\u017c:<br \/><a href=\"https:\/\/dorzeczy.pl\/swiat\/845276\/rubio-przed-monachium-zyjemy-w-nowej-erze-geopolityki.html\" rel=\"follow nofollow noopener\" data-schema=\"DORZECZY\" data-image=\"https:\/\/img.dorzeczy.pl\/_thumb\/67\/2c\/eafde2b7db45064259fa13252e1a.jpeg\" target=\"_blank\">Rubio przed Monachium: \u017byjemy w\u00a0nowej erze geopolityki<\/a>&#13;<\/p>\n","protected":false},"excerpt":{"rendered":"&#13; Kanclerz Niemiec nawi\u0105za\u0142 do\u00a0s\u0142ynnego przem\u00f3wienia Rados\u0142awa Sikorskiego sprzed 15 lat, jakie polski polityk wyg\u0142osi\u0142 w\u00a0Berlinie. \u00d3wczesny minister&hellip;\n","protected":false},"author":2,"featured_media":258248,"comment_status":"","ping_status":"","sticky":false,"template":"","format":"standard","meta":{"footnotes":"","_share_on_mastodon":"0"},"categories":[14],"tags":[32,33,98,27,34,35,601,3657,28,31,25,295,44790,102,40,41,1316,80,29,30,26,82,83,84],"class_list":["post-258247","post","type-post","status-publish","format-standard","has-post-thumbnail","category-swiat","tag-breaking-news","tag-breakingnews","tag-dorzeczy","tag-headlines","tag-latest-news","tag-latestnews","tag-marcin-bugaj","tag-merz","tag-naglowki","tag-najwazniejsze-artykuly","tag-news","tag-niemcy","tag-onferencja","tag-opinie","tag-polish","tag-polski","tag-sikorski","tag-swiat","tag-top-stories","tag-topstories","tag-wiadomosci","tag-world","tag-world-news","tag-worldnews"],"share_on_mastodon":{"url":"https:\/\/pubeurope.com\/@pl\/116065378202111552","error":""},"_links":{"self":[{"href":"https:\/\/www.europesays.com\/pl\/wp-json\/wp\/v2\/posts\/258247","targetHints":{"allow":["GET"]}}],"collection":[{"href":"https:\/\/www.europesays.com\/pl\/wp-json\/wp\/v2\/posts"}],"about":[{"href":"https:\/\/www.europesays.com\/pl\/wp-json\/wp\/v2\/types\/post"}],"author":[{"embeddable":true,"href":"https:\/\/www.europesays.com\/pl\/wp-json\/wp\/v2\/users\/2"}],"replies":[{"embeddable":true,"href":"https:\/\/www.europesays.com\/pl\/wp-json\/wp\/v2\/comments?post=258247"}],"version-history":[{"count":0,"href":"https:\/\/www.europesays.com\/pl\/wp-json\/wp\/v2\/posts\/258247\/revisions"}],"wp:featuredmedia":[{"embeddable":true,"href":"https:\/\/www.europesays.com\/pl\/wp-json\/wp\/v2\/media\/258248"}],"wp:attachment":[{"href":"https:\/\/www.europesays.com\/pl\/wp-json\/wp\/v2\/media?parent=258247"}],"wp:term":[{"taxonomy":"category","embeddable":true,"href":"https:\/\/www.europesays.com\/pl\/wp-json\/wp\/v2\/categories?post=258247"},{"taxonomy":"post_tag","embeddable":true,"href":"https:\/\/www.europesays.com\/pl\/wp-json\/wp\/v2\/tags?post=258247"}],"curies":[{"name":"wp","href":"https:\/\/api.w.org\/{rel}","templated":true}]}}