{"id":258387,"date":"2026-02-13T23:14:16","date_gmt":"2026-02-13T23:14:16","guid":{"rendered":"https:\/\/www.europesays.com\/pl\/258387\/"},"modified":"2026-02-13T23:14:16","modified_gmt":"2026-02-13T23:14:16","slug":"bundeswehra-niczym-dziura-bez-dna-tak-niemcy-marnuja-wydatki-na-zbrojenia","status":"publish","type":"post","link":"https:\/\/www.europesays.com\/pl\/258387\/","title":{"rendered":"Bundeswehra niczym dziura bez dna. Tak Niemcy marnuj\u0105 wydatki na zbrojenia"},"content":{"rendered":"<p>Stany Zjednoczone pod rz\u0105dami prezydenta Donalda Trumpa zrealizowa\u0142y to, co obiecywa\u0142 Merz \u2014 zmian\u0119 polityki, odwr\u00f3t od roli \u017cyczliwego hegemona, gwarantuj\u0105cego bezpiecze\u0144stwo Europy, w stron\u0119 mocarstwa, kt\u00f3re <a href=\"https:\/\/wiadomosci.onet.pl\/politico\/sojusz-nie-z-usa-nowy-sondaz-politico-tak-trump-zniszczyl-wizerunek-swojego-kraju\/tbszkw4\" id=\"c1a6af24-1144-4f70-9fe7-42368f1162cc\" rel=\"nofollow noopener\" target=\"_blank\">kieruje si\u0119 wy\u0142\u0105cznie w\u0142asnym interesem<\/a>. Europa, dawny partner, coraz cz\u0119\u015bciej postrzegana jest przez USA jako konkurent, a nawet przeciwnik.    Dalszy ci\u0105g artyku\u0142u pod materia\u0142em wideo Kanclerz mo\u017ce wskazywa\u0107, \u017ce przynajmniej po\u0142o\u017cy\u0142 finansowe fundamenty pod niezb\u0119dn\u0105 modernizacj\u0119 Bundeswehry, kt\u00f3ra przez dziesi\u0119ciolecia by\u0142a zaniedbywana. Problem z jego obietnic\u0105 &#8222;zrobimy wszystko, co trzeba&#8221;, czyli zdj\u0119ciem limitu wydatk\u00f3w obronnych z konstytucyjnego hamulca zad\u0142u\u017cenia, polega na <a href=\"https:\/\/wiadomosci.onet.pl\/swiat\/jako-wyborca-cdu-czuje-sie-zdradzony-przez-friedricha-merza\/k6bb77c\" id=\"4094a66c-ef4e-46c4-96d3-0f280c341765\" rel=\"nofollow noopener\" target=\"_blank\">z\u0142amaniu innej obietnicy wyborczej<\/a> \u2014 prowadzenia odpowiedzialnej polityki bud\u017cetowej.Wydatki na Bundeswehr\u0119 maj\u0105 wzrosn\u0105\u0107 z 62,4 mld euro (263 mld z\u0142) w 2025 r. do 152,8 mld euro (ok. 640 mld z\u0142) w 2029 r. \u017baden inny kraj w Europie nie realizuje z podobnym rozmachem celu NATO, zak\u0142adaj\u0105cego <a href=\"https:\/\/wiadomosci.onet.pl\/politico\/5-proc-pkb-na-obronnosc-po-szczycie-nato-trump-ma-powody-do-zadowolenia\/c9lfbty\" id=\"2971ba71-d79d-457a-baff-ff6182984d2e\" rel=\"nofollow noopener\" target=\"_blank\">5 proc. PKB na obronno\u015b\u0107<\/a>.   <\/p>\n<p>Problem w tym, \u017ce nie wida\u0107 perspektyw na trwa\u0142e finansowanie bez corocznego zaci\u0105gania nowych d\u0142ug\u00f3w. Tymczasem, jak podkre\u015bla Federalna Izba Obrachunkowa, zadania zwi\u0105zane z polityk\u0105 obronn\u0105 powinny by\u0107 pokrywane z bie\u017c\u0105cych dochod\u00f3w.<\/p>\n<p>Wydawanie \u015brodk\u00f3w Merz powierza swojemu ministrowi obrony, Borisowi Pistoriusowi. Socjaldemokrata w zesz\u0142ym roku z\u0142o\u017cy\u0142 w komisji bud\u017cetowej Bundestagu 103 wnioski o zakupy na \u0142\u0105czn\u0105 kwot\u0119 ok. 83 mld euro (ok. 350 mld z\u0142), a w poprzednich latach zatwierdzono ju\u017c zam\u00f3wienia za ok. 190 mld euro (ok. 800 mld z\u0142).<\/p>\n<p>Pierwsze systemy uzbrojenia ju\u017c zacz\u0119\u0142y nap\u0142ywa\u0107, ale nie wszystkie zgodnie z planem i nie wszystkie w deklarowanej jako\u015bci. Wi\u0119kszo\u015b\u0107 dostaw spodziewana jest dopiero w nast\u0119pnej dekadzie.<\/p>\n<p>\u2014 Nowe systemy uzbrojenia czy amunicja dostarczane s\u0105 wprawdzie we wszystkich obszarach, ale tempo wci\u0105\u017c jest zbyt wolne \u2014 m\u00f3wi &#8222;Die Welt&#8221; pu\u0142kownik Andre Wuestner, przewodnicz\u0105cy Zwi\u0105zku Bundeswehry.<\/p>\n<p> <img decoding=\"async\" src=\"https:\/\/www.europesays.com\/pl\/wp-content\/uploads\/2026\/02\/242k9lBaHR0cHM6Ly9vY2RuLmV1L3B1bHNjbXMvTURBXy85Y2U4MTU2NTk3Y2QzMWJlNmQ4MmNlNjYyZTAyZDRhYS5qcGeRlQLNB.jpeg\" height=\"589\" width=\"940\" alt=\"Oficjalna ceremonia otwarcia nowej fabryki amunicji Rheinmetall w Unterluess, 27 sierpnia 2025 r.\" loading=\"lazy\" class=\"ods-c-image__img ods-c-image__img--viewport-width\"\/> <\/p>\n<p>Oficjalna ceremonia otwarcia nowej fabryki amunicji Rheinmetall w Unterluess, 27 sierpnia 2025 r.EPA\/HANNIBAL HANSCHKE \/ PAP<\/p>\n<p>Wojskowy zwraca te\u017c uwag\u0119, \u017ce gotowo\u015b\u0107 bojowa si\u0142 zbrojnych nie zale\u017cy od ilo\u015bci wydanych pieni\u0119dzy. \u2014 W NATO liczy si\u0119 liczba okr\u0119t\u00f3w, eskadr, batalion\u00f3w i brygad, jakie zostan\u0105 w okre\u015blonych terminach oddane do s\u0142u\u017cby i b\u0119d\u0105 w pe\u0142ni gotowe do dzia\u0142a\u0144 \u2014 podkre\u015bla Wuestner.<\/p>\n<p>A w tym zakresie, jak przyznaje pu\u0142kownik, &#8222;niestety wci\u0105\u017c jest kiepsko&#8221;, a pod wzgl\u0119dem zdolno\u015bci bojowych Bundeswehra &#8222;nie jest wcale w lepszej sytuacji ni\u017c przed 2022 r.&#8221;.<\/p>\n<p>Sp\u00f3\u017aniona strategia<\/p>\n<p>Generalny inspektor Bundeswehry Carsten Breuer do tej pory nie opracowa\u0142 nawet profilu zdolno\u015bci si\u0142 zbrojnych Niemiec, wynikaj\u0105cego z plan\u00f3w NATO, ani nie przygotowa\u0142 odpowiedniej strategii obronnej.<\/p>\n<p>Mimo \u017ce og\u00f3lne wymogi NATO znane mu by\u0142y ju\u017c wiosn\u0105 2024 r., inauguracja prac nad &#8222;tworzeniem strategii obronnej&#8221; odby\u0142a si\u0119 dopiero 8 stycznia 2026 r. Z dokumentu, do kt\u00f3rego dotar\u0142a &#8222;Die Welt&#8221;, wynika, \u017ce do ko\u0144ca marca Breuer ma przygotowa\u0107 &#8222;og\u00f3ln\u0105 struktur\u0119&#8221;.<\/p>\n<p>Na tym jednak nie koniec. \u2014 Nie tylko ja zak\u0142adam, \u017ce na tej podstawie Bundeswehra b\u0119dzie musia\u0142a zosta\u0107 gruntownie zreformowana \u2014 m\u00f3wi pu\u0142kownik Wuestner. \u2014 W przypadku alarmu nie mo\u017cemy sobie pozwoli\u0107 na d\u0142ugotrwa\u0142e przeorganizowywanie struktur z czasu pokoju na czas wojny. W kolejnym kroku nale\u017cy wi\u0119c jak najszerzej dostosowa\u0107 struktury do realnego scenariusza obrony, a to poci\u0105gnie automatycznie zmiany w organizacji oraz strukturze kadrowej.<\/p>\n<p>Nie wiadomo, czy Breuer pod\u0105\u017cy t\u0105 drog\u0105. Na razie dzia\u0142a do\u015b\u0107 powolnie, a za priorytet uznaje polityczne oczekiwania swojego ministra. Now\u0105 liczebno\u015b\u0107 wojska \u2014 260 tys. \u017co\u0142nierzy czynnych i 200 tys. rezerwist\u00f3w, kt\u00f3ra powinna wynika\u0107 z nowej strategii obronnej \u2014 ustali\u0142 ju\u017c z g\u00f3ry, kieruj\u0105c si\u0119 kryteriami politycznymi.<\/p>\n<p> <img decoding=\"async\" src=\"https:\/\/www.europesays.com\/pl\/wp-content\/uploads\/2026\/02\/hkVk9lBaHR0cHM6Ly9vY2RuLmV1L3B1bHNjbXMvTURBXy8zMDQ1ZDdkOTNlZDQ1M2JjZDgxMWJjNmFlNzBhYjA3Ni5qcGeRlQLNB.jpeg\" height=\"627\" width=\"940\" alt=\"Carsten Breuer, inspektor generalny niemieckich si\u0142 zbrojnych, podczas konferencji Bundeswehr 2025 w Berlinie, 7 listopada 2025 r.\" loading=\"lazy\" class=\"ods-c-image__img ods-c-image__img--viewport-width\"\/> <\/p>\n<p>Carsten Breuer, inspektor generalny niemieckich si\u0142 zbrojnych, podczas konferencji Bundeswehr 2025 w Berlinie, 7 listopada 2025 r.EPA\/CLEMENS BILAN \/ PAP<\/p>\n<p> W zwi\u0105zku z <a href=\"https:\/\/www.onet.pl\/informacje\/deutsche-welle\/niemcy-jest-porozumienie-w-sprawie-sluzby-wojskowej\/jcf1new,0666d3f1\" id=\"ee193386-2227-49e1-b2e4-982eee884776\" rel=\"nofollow noopener\" target=\"_blank\">kompromisem w sprawie s\u0142u\u017cby wojskowej<\/a>, kt\u00f3ry pod naciskiem SPD pozostawia na razie rekrutacj\u0119 dobrowoln\u0105 zamiast poboru, osi\u0105gni\u0119cie liczby 260 tys. \u017co\u0142nierzy jest ju\u017c dzi\u015b trudne. Wed\u0142ug ustale\u0144 &#8222;Die Welt&#8221; liczebno\u015b\u0107 powy\u017cej 300 tys., jaka wynika\u0142aby z plan\u00f3w poszczeg\u00f3lnych rodzaj\u00f3w si\u0142 zbrojnych i organizacji, jest obecnie niemo\u017cliwa do zrealizowania.<\/p>\n<p>Zdaniem przedsi\u0119biorczyni Susanne Wiegand wi\u0119cej determinacji do reform potrzeba tak\u017ce w innych obszarach. \u2014 W przemy\u015ble zbrojeniowym wszyscy wci\u0105\u017c pracuj\u0105 wed\u0142ug systemu z czas\u00f3w pokoju \u2014 powiedzia\u0142a by\u0142a menad\u017cerka firm Renk, Rheinmetall i German Naval Yards w rozmowie z &#8222;Augsburger Allgemeine&#8221;.<\/p>\n<p>\u2014 Mam na my\u015bli struktury, procesy i ludzi. Dot\u0105d nie przeprowadzono \u017cadnych g\u0142\u0119bokich reform. Do systemu trafia coraz wi\u0119cej pieni\u0119dzy \u2014 podkre\u015bli\u0142a Wiegand \u2014 co prowadzi do efektu inflacyjnego. Obecnie nie dostajemy proporcjonalnie wi\u0119cej uzbrojenia w zamian za zwi\u0119kszone nak\u0142ady.<\/p>\n<p>Podobnie ocenia sytuacj\u0119 Wolfgang Ischinger, szef <a href=\"https:\/\/wiadomosci.onet.pl\/swiat\/przygotowania-do-konferencji-w-monachium-ten-temat-budzi-najwiecej-emocji\/jf3cvzc\" id=\"625ac7ff-3056-4f82-a9c3-e2b95c3ea55d\" rel=\"nofollow noopener\" target=\"_blank\">Monachijskiej Konferencji Bezpiecze\u0144stwa<\/a>. \u2014 Nasze wydatki na obronno\u015b\u0107 lokujemy katastrofalnie nieefektywnie \u2014 m\u00f3wi Ischinger w rozmowie z &#8222;Die Welt&#8221;. Jego zdaniem potrzebna jest &#8222;gruntowna konsolidacja&#8221;, nie tylko w Niemczech, lecz na poziomie europejskim.Alfons Mais, by\u0142y inspektor wojsk l\u0105dowych, podsumowa\u0142 sytuacj\u0119 w swoim wpisie na portalu LinkedIn. Napisa\u0142, \u017ce w kontek\u015bcie bezpiecze\u0144stwa narodowego obecnie m\u00f3wi si\u0119 g\u0142\u00f3wnie o nadziei. &#8222;Liczymy na to, \u017ce przemys\u0142 zrealizuje wszystkie obecne zam\u00f3wienia szybko i zgodnie z wymaganiami. \u017be znajdziemy wystarczaj\u0105c\u0105 liczb\u0119 ochotnik\u00f3w, kt\u00f3rzy przez wi\u0119cej ni\u017c sze\u015b\u0107 miesi\u0119cy b\u0119d\u0105 w stanie obs\u0142ugiwa\u0107 ca\u0142y ten sprz\u0119t. \u017be USA nadal b\u0119d\u0105 roztacza\u0107 nad Europ\u0105 sw\u00f3j <a href=\"https:\/\/www.onet.pl\/informacje\/onetwiadomosci\/europa-nie-obroni-sie-bez-usa-szef-nato-nie-zostawia-zludzen\/kgl9de5,79cfc278\" id=\"6d307cf4-ca7d-465c-aa53-a6a96d0c5895\" rel=\"nofollow noopener\" target=\"_blank\">parasol nuklearny<\/a>. I, co r\u00f3wnie wa\u017cne, \u017ce Putin zostawi nas w spokoju przynajmniej do 2029 r.!&#8221;.<\/p>\n<p>Zdaniem Maisa, to &#8222;troch\u0119 za du\u017co nadziei, tam, gdzie potrzebna jest determinacja&#8221;.<\/p>\n","protected":false},"excerpt":{"rendered":"Stany Zjednoczone pod rz\u0105dami prezydenta Donalda Trumpa zrealizowa\u0142y to, co obiecywa\u0142 Merz \u2014 zmian\u0119 polityki, odwr\u00f3t od roli&hellip;\n","protected":false},"author":2,"featured_media":258388,"comment_status":"","ping_status":"","sticky":false,"template":"","format":"standard","meta":{"footnotes":"","_share_on_mastodon":"0"},"categories":[14],"tags":[56,6482,32,33,3096,345,27,34,35,28,31,48,160,25,295,46,40,41,9297,47,80,29,30,26,161,82,83,84],"class_list":["post-258387","post","type-post","status-publish","format-standard","has-post-thumbnail","category-swiat","tag-article_premium","tag-boris_pistorius","tag-breaking-news","tag-breakingnews","tag-bundeswehra","tag-friedrich_merz","tag-headlines","tag-latest-news","tag-latestnews","tag-naglowki","tag-najwazniejsze-artykuly","tag-nat_styl","tag-nato","tag-news","tag-niemcy","tag-omp","tag-polish","tag-polski","tag-przemysl_zbrojeniowy","tag-screening_general","tag-swiat","tag-top-stories","tag-topstories","tag-wiadomosci","tag-wojsko","tag-world","tag-world-news","tag-worldnews"],"share_on_mastodon":{"url":"https:\/\/pubeurope.com\/@pl\/116065865835156297","error":""},"_links":{"self":[{"href":"https:\/\/www.europesays.com\/pl\/wp-json\/wp\/v2\/posts\/258387","targetHints":{"allow":["GET"]}}],"collection":[{"href":"https:\/\/www.europesays.com\/pl\/wp-json\/wp\/v2\/posts"}],"about":[{"href":"https:\/\/www.europesays.com\/pl\/wp-json\/wp\/v2\/types\/post"}],"author":[{"embeddable":true,"href":"https:\/\/www.europesays.com\/pl\/wp-json\/wp\/v2\/users\/2"}],"replies":[{"embeddable":true,"href":"https:\/\/www.europesays.com\/pl\/wp-json\/wp\/v2\/comments?post=258387"}],"version-history":[{"count":0,"href":"https:\/\/www.europesays.com\/pl\/wp-json\/wp\/v2\/posts\/258387\/revisions"}],"wp:featuredmedia":[{"embeddable":true,"href":"https:\/\/www.europesays.com\/pl\/wp-json\/wp\/v2\/media\/258388"}],"wp:attachment":[{"href":"https:\/\/www.europesays.com\/pl\/wp-json\/wp\/v2\/media?parent=258387"}],"wp:term":[{"taxonomy":"category","embeddable":true,"href":"https:\/\/www.europesays.com\/pl\/wp-json\/wp\/v2\/categories?post=258387"},{"taxonomy":"post_tag","embeddable":true,"href":"https:\/\/www.europesays.com\/pl\/wp-json\/wp\/v2\/tags?post=258387"}],"curies":[{"name":"wp","href":"https:\/\/api.w.org\/{rel}","templated":true}]}}