{"id":258711,"date":"2026-02-14T07:44:12","date_gmt":"2026-02-14T07:44:12","guid":{"rendered":"https:\/\/www.europesays.com\/pl\/258711\/"},"modified":"2026-02-14T07:44:12","modified_gmt":"2026-02-14T07:44:12","slug":"unia-dojezdza-temu-aliexpress-i-shein-koniec-z-taniocha","status":"publish","type":"post","link":"https:\/\/www.europesays.com\/pl\/258711\/","title":{"rendered":"Unia doje\u017cd\u017ca Temu, Aliexpress i Shein. Koniec z tanioch\u0105"},"content":{"rendered":"<p>Rada Unii Europejskiej poinformowa\u0142a o zatwierdzeniu nowych przepis\u00f3w o nale\u017cno\u015bciach celnych za produkty wwo\u017cone na teren Unii w ma\u0142ych paczkach. To uderzenie w chi\u0144skie platformy sprzeda\u017cy internetowej &#8211; Temu, Shein i Aliexpress. Bruksela uzna\u0142a, \u017ce nie pobieranie op\u0142at za paczki o warto\u015bci do 150 euro powodowa\u0142o nieuczciw\u0105 konkurencj\u0119 wobec lokalnych sprzedawc\u00f3w.<\/p>\n<p>    Dalsza cz\u0119\u015b\u0107 tekstu pod wideo<\/p>\n<blockquote><p>&#13;<\/p>\n<p>Poniewa\u017c \u015bwiatowy handel elektroniczny rozwija si\u0119 dynamicznie, unijne przepisy celne musz\u0105 nad\u0105\u017ca\u0107 za zmianami. Zniesienie zwolnienia dla ma\u0142ych paczek nieprzystaj\u0105cego do obecnych reali\u00f3w pomo\u017ce wesprze\u0107 unijne przedsi\u0119biorstwa i utrudni dzia\u0142anie nieuczciwym sprzedawcom. Teraz musimy poczyni\u0107 zdecydowane post\u0119py w og\u00f3lnej reformie celnej. Jest to bowiem kluczowy element dzia\u0142a\u0144 na rzecz zwi\u0119kszenia konkurencyjno\u015bci i bezpiecze\u0144stwa UE.<\/p>\n<p>&#13;<br \/>\npowiedzia\u0142 Makis Kerawnos, minister finans\u00f3w Cypru.<\/p><\/blockquote>\n<p>Do tej pory paczki o warto\u015bci do 150 euro by\u0142o zwolnione z op\u0142at celnych. Jednak z tym ju\u017c koniec. Od 1 lipca 2026 roku od ka\u017cdej takiej przesy\u0142ki b\u0119dzie pobierana dodatkowa op\u0142ata w wysoko\u015bci 3 euro.<\/p>\n<p>        <img loading=\"lazy\" decoding=\"async\" src=\"https:\/\/www.europesays.com\/pl\/wp-content\/uploads\/2026\/02\/1771007649_676_B32963402.414688363;dc_trk_aid=607216972;dc_trk_cid=228291445;ord=[timestamp];dc_lat=;dc_rdid=;tag_f.gif\" attributionsrc=\"\" border=\"0\" height=\"1\" width=\"1\" alt=\"Advertisement\"\/><\/p>\n<p>Przepisy b\u0119d\u0105 obowi\u0105zywa\u0107 do 1 lipca 2028 roku, chocia\u017c okres ten mo\u017ce zosta\u0107 przed\u0142u\u017cony. Po tym czasie uruchomione zostanie unijne centrum danych celnych, a tymczasowa stawka zostanie zast\u0105piona taryfami celnymi.<\/p>\n<p>Co wa\u017cne, c\u0142o b\u0119dzie naliczane nie od samej przesy\u0142ki, a w zale\u017cno\u015bci od jej zawarto\u015bci. Jako przyk\u0142ad podano przesy\u0142k\u0119 z 1 bluz\u0105 z jedwabiu i 2 z we\u0142ny. W takim przypadku naliczona zostanie op\u0142ata w wysoko\u015bci 6 euro, poniewa\u017c przesy\u0142ka zawiera produkty z dw\u00f3ch r\u00f3\u017cnych kategorii. Tym samym \u0142adowanie kilku zam\u00f3wie\u0144 do jednego kartonu nie pomo\u017ce chi\u0144skim sprzedawcom.<\/p>\n","protected":false},"excerpt":{"rendered":"Rada Unii Europejskiej poinformowa\u0142a o zatwierdzeniu nowych przepis\u00f3w o nale\u017cno\u015bciach celnych za produkty wwo\u017cone na teren Unii w&hellip;\n","protected":false},"author":2,"featured_media":258712,"comment_status":"","ping_status":"","sticky":false,"template":"","format":"standard","meta":{"footnotes":"","_share_on_mastodon":"0"},"categories":[16],"tags":[8265,113,112,44817,43007,43006,43008,42,38,40,39,41,8266,8267,44816],"class_list":["post-258711","post","type-post","status-publish","format-standard","has-post-thumbnail","category-biznes","tag-aliexpress","tag-biznes","tag-business","tag-clo-na-aliexpres","tag-clo-na-paczki-z-chin","tag-clo-na-zakupy-z-chin","tag-nowe-clo","tag-pl","tag-poland","tag-polish","tag-polska","tag-polski","tag-shein","tag-temu","tag-temu-clo"],"share_on_mastodon":{"url":"https:\/\/pubeurope.com\/@pl\/116067871264902582","error":""},"_links":{"self":[{"href":"https:\/\/www.europesays.com\/pl\/wp-json\/wp\/v2\/posts\/258711","targetHints":{"allow":["GET"]}}],"collection":[{"href":"https:\/\/www.europesays.com\/pl\/wp-json\/wp\/v2\/posts"}],"about":[{"href":"https:\/\/www.europesays.com\/pl\/wp-json\/wp\/v2\/types\/post"}],"author":[{"embeddable":true,"href":"https:\/\/www.europesays.com\/pl\/wp-json\/wp\/v2\/users\/2"}],"replies":[{"embeddable":true,"href":"https:\/\/www.europesays.com\/pl\/wp-json\/wp\/v2\/comments?post=258711"}],"version-history":[{"count":0,"href":"https:\/\/www.europesays.com\/pl\/wp-json\/wp\/v2\/posts\/258711\/revisions"}],"wp:featuredmedia":[{"embeddable":true,"href":"https:\/\/www.europesays.com\/pl\/wp-json\/wp\/v2\/media\/258712"}],"wp:attachment":[{"href":"https:\/\/www.europesays.com\/pl\/wp-json\/wp\/v2\/media?parent=258711"}],"wp:term":[{"taxonomy":"category","embeddable":true,"href":"https:\/\/www.europesays.com\/pl\/wp-json\/wp\/v2\/categories?post=258711"},{"taxonomy":"post_tag","embeddable":true,"href":"https:\/\/www.europesays.com\/pl\/wp-json\/wp\/v2\/tags?post=258711"}],"curies":[{"name":"wp","href":"https:\/\/api.w.org\/{rel}","templated":true}]}}