{"id":259212,"date":"2026-02-14T12:57:07","date_gmt":"2026-02-14T12:57:07","guid":{"rendered":"https:\/\/www.europesays.com\/pl\/259212\/"},"modified":"2026-02-14T12:57:07","modified_gmt":"2026-02-14T12:57:07","slug":"van-der-beek-zmarl-na-raka-jelita-to-byl-pierwszy-objaw-z-poczatku-winil-kawe","status":"publish","type":"post","link":"https:\/\/www.europesays.com\/pl\/259212\/","title":{"rendered":"Van Der Beek zmar\u0142 na raka jelita. To by\u0142 pierwszy objaw. Z pocz\u0105tku wini\u0142 kaw\u0119"},"content":{"rendered":"\n<p class=\"ods-o-frame-in-text__paragraph\">Wczesne symptomy, tzn. kiedy mamy jeszcze do czynienia ze zmian\u0105 polipowat\u0105 w jelicie, mog\u0105 si\u0119 pojawi\u0107. Pacjent mo\u017ce np. zauwa\u017cy\u0107 kropelki krwi na bieli\u017anie albo w toalecie, sam <a href=\"https:\/\/www.medonet.pl\/choroby-od-a-do-z\/choroby-ukladu-pokarmowego,krew-w-kale---przyczyny--objawy--diagnostyka-i-leczenie,artykul,09139990.html\" id=\"dcb56c59-4045-48dc-883b-183c69e000d1\" rel=\"nofollow noopener\" target=\"_blank\">stolec te\u017c mo\u017ce by\u0107 z domieszk\u0105 krwi<\/a> widoczn\u0105 go\u0142ym okiem (du\u017cy polip mo\u017ce krwawi\u0107). To mog\u0105 by\u0107 te\u017c np. nietypowe dla danego cz\u0142owieka wzd\u0119cia, nag\u0142e zaparcie, rozwolnienia. Z ca\u0142\u0105 moc\u0105 chcia\u0142bym jednak podkre\u015bli\u0107, \u017ce na wczesnym etapie nowotworu jelita objawy te zdarzaj\u0105 si\u0119 bardzo rzadko \u2014 u zaledwie 5 \u2014 10 proc. chorych. Pozosta\u0142e 90-95 proc. najcz\u0119\u015bciej nie ma \u017cadnych dolegliwo\u015bci, nie odczuwa \u017cadnego b\u00f3lu (wczesne zmiany zwykle nie bol\u0105). Mo\u017ce doj\u015b\u0107 do sytuacji, \u017ce w jelicie b\u0119dziemy mie\u0107 guza wielko\u015bci 2-3 cm i \u017cadnych objaw\u00f3w \u2014 w rozmowie z Medonetem przestrzega chirurg onkologiczny, prof. Zoran Stoj\u010dev.<\/p>\n<p class=\"ods-o-frame-in-text__paragraph\">Nie czekajmy z badaniami do momentu, a\u017c zaczniemy mie\u0107 dolegliwo\u015bci (w rozwini\u0119tym nowotworze jelita s\u0105 one zreszt\u0105 bardzo podobne, jak te, kt\u00f3re wymieni\u0142em jako symptomy wczesne: to r\u00f3wnie\u017c mog\u0105 by\u0107 krwawienia, rozwolnienie, mo\u017ce pojawi\u0107 si\u0119 <a href=\"https:\/\/www.medonet.pl\/magazyny\/proste-badanie-ratujace-zycie,anemia--niedokrwistosc----objawy--leczenie--przyczyny-anemii,artykul,1677411.html\" id=\"93a949cf-0c93-463c-a311-5f3c06520a6e\" rel=\"nofollow noopener\" target=\"_blank\">niedokrwisto\u015b\u0107<\/a>, <a href=\"https:\/\/www.medonet.pl\/ciaza-i-dziecko\/choroby-dzieciece,bol-brzucha---przyczyny-i-leczenie,artykul,1576879.html\" id=\"7ad6c4fc-533f-4ad5-a4f5-5ff6836b50e1\" rel=\"nofollow noopener\" target=\"_blank\">b\u00f3le brzucha<\/a>). Guz mo\u017ce by\u0107 ju\u017c wtedy du\u017cy, nawet z przerzutami do p\u0142uc czy w\u0105troby, a wtedy rokowania s\u0105 ju\u017c niestety s\u0142abe \u2014 apeluje specjalista. <a href=\"https:\/\/www.medonet.pl\/choroby-od-a-do-z\/choroby-nowotworowe,wczesne-objawy-raka-jelita-grubego--profesor--z-cala-moca-przestrzegam-,artykul,36211210.html\" id=\"046de0f4-3e8f-4e3e-840f-4b46bd20ce2a\" rel=\"nofollow noopener\" target=\"_blank\">TU przeczytasz ca\u0142\u0105 rozmow\u0119 o objawach raka jelita grubego<\/a>.<\/p>\n","protected":false},"excerpt":{"rendered":"Wczesne symptomy, tzn. kiedy mamy jeszcze do czynienia ze zmian\u0105 polipowat\u0105 w jelicie, mog\u0105 si\u0119 pojawi\u0107. Pacjent mo\u017ce&hellip;\n","protected":false},"author":2,"featured_media":259213,"comment_status":"","ping_status":"","sticky":false,"template":"","format":"standard","meta":{"footnotes":"","_share_on_mastodon":"0"},"categories":[22],"tags":[2211,122,23242,44851,48,46,42,38,40,39,41,22486,123,47,30353],"class_list":["post-259212","post","type-post","status-publish","format-standard","has-post-thumbnail","category-rozrywka","tag-_skom_","tag-entertainment","tag-kolonoskopia","tag-narodowy_test_zdrowia_polakow","tag-nat_styl","tag-omp","tag-pl","tag-poland","tag-polish","tag-polska","tag-polski","tag-rak_jelita_grubego","tag-rozrywka","tag-screening_general","tag-wczesne_objawy_raka"],"share_on_mastodon":{"url":"https:\/\/pubeurope.com\/@pl\/116069101907236262","error":""},"_links":{"self":[{"href":"https:\/\/www.europesays.com\/pl\/wp-json\/wp\/v2\/posts\/259212","targetHints":{"allow":["GET"]}}],"collection":[{"href":"https:\/\/www.europesays.com\/pl\/wp-json\/wp\/v2\/posts"}],"about":[{"href":"https:\/\/www.europesays.com\/pl\/wp-json\/wp\/v2\/types\/post"}],"author":[{"embeddable":true,"href":"https:\/\/www.europesays.com\/pl\/wp-json\/wp\/v2\/users\/2"}],"replies":[{"embeddable":true,"href":"https:\/\/www.europesays.com\/pl\/wp-json\/wp\/v2\/comments?post=259212"}],"version-history":[{"count":0,"href":"https:\/\/www.europesays.com\/pl\/wp-json\/wp\/v2\/posts\/259212\/revisions"}],"wp:featuredmedia":[{"embeddable":true,"href":"https:\/\/www.europesays.com\/pl\/wp-json\/wp\/v2\/media\/259213"}],"wp:attachment":[{"href":"https:\/\/www.europesays.com\/pl\/wp-json\/wp\/v2\/media?parent=259212"}],"wp:term":[{"taxonomy":"category","embeddable":true,"href":"https:\/\/www.europesays.com\/pl\/wp-json\/wp\/v2\/categories?post=259212"},{"taxonomy":"post_tag","embeddable":true,"href":"https:\/\/www.europesays.com\/pl\/wp-json\/wp\/v2\/tags?post=259212"}],"curies":[{"name":"wp","href":"https:\/\/api.w.org\/{rel}","templated":true}]}}