{"id":259234,"date":"2026-02-14T13:15:15","date_gmt":"2026-02-14T13:15:15","guid":{"rendered":"https:\/\/www.europesays.com\/pl\/259234\/"},"modified":"2026-02-14T13:15:15","modified_gmt":"2026-02-14T13:15:15","slug":"ekspertka-o-stylizacji-ministry-edukacji-padly-krytyczne-slowa","status":"publish","type":"post","link":"https:\/\/www.europesays.com\/pl\/259234\/","title":{"rendered":"Ekspertka o stylizacji ministry edukacji. Pad\u0142y krytyczne s\u0142owa"},"content":{"rendered":"<p>W Sejmie dominuj\u0105 eleganckie stylizacje \u2014 zar\u00f3wno pod wzgl\u0119dem klasycznego kroju, jak i stonowanej kolorystyki. Polityczki cz\u0119\u015bciej wybieraj\u0105 damskie garnitury lub garsonki.<\/p>\n<p>Cho\u0107 dopasowane sukienki i kostiumy wci\u0105\u017c s\u0105 popularne, rosn\u0105c\u0105 uwag\u0119 zwracaj\u0105 lu\u017aniejsze kroje garniturowych spodni oraz minimalistyczne marynarki, kt\u00f3re podkre\u015blaj\u0105 indywidualny styl przy zachowaniu formalnego charakteru. Taki wyb\u00f3r jest nie tylko wyrazem elegancji, ale tak\u017ce praktycznym rozwi\u0105zaniem na wielogodzinne obrady i intensywne dni pracy parlamentu.<\/p>\n<p>13 lutego na posiedzeniu Sejmu Rzeczypospolitej Polskiej <a href=\"https:\/\/plejada.pl\/temat\/barbara-nowacka-polityczka\/9v8sbv3\" id=\"eeb5571b-b871-48d2-bcf1-7bb5d67403b3\" rel=\"nofollow noopener\" target=\"_blank\">Barbara Nowacka <\/a>zaskoczy\u0142a stylizacj\u0105. Postawi\u0142a na lu\u017ane garniturowe spodnie zamiast tradycyjnych, dopasowanych fason\u00f3w. Str\u00f3j przyci\u0105gn\u0105\u0142 uwag\u0119 medi\u00f3w.    Dalszy ci\u0105g artyku\u0142u pod materia\u0142em wideo    <\/p>\n<p> Jakie by\u0142y pierwsze wra\u017cenia na temat stroju Barbary Nowackiej? <\/p>\n<p> Co s\u0105dzi ekspertka o koszuli Barbary Nowackiej? <\/p>\n<p> Jakie elementy stylizacji Doroty Niedzieli zosta\u0142y ocenione pozytywnie? <\/p>\n<p> Dlaczego spodnie Barbary Nowackiej zosta\u0142y skrytykowane? <\/p>\n<p>  Ekspertka o stroju Barbary Nowackiej<a href=\"https:\/\/plejada.pl\/temat\/dorota-goldpoint\/j9l920y\" id=\"5bdb431a-e94b-44c8-aa63-754cef9c7263\" rel=\"nofollow noopener\" target=\"_blank\">Dorota Goldpoint<\/a>, stylistka Agaty Dudy, w rozmowie z Plejad\u0105 wzi\u0119\u0142a pod lup\u0119 str\u00f3j polityczki. Ma jeden wniosek.<\/p>\n<p>\u2014 Lu\u017ana, bia\u0142a koszula to bardzo dobry wyb\u00f3r \u2014 szczeg\u00f3lnie w przestrzeni oficjalnej. Nadaje sylwetce lekko\u015bci i nowoczesno\u015bci, a minimalistyczna forma buduje autorytet bez nadmiernej surowo\u015bci. \u015awietnie wpisuje si\u0119 w estetyk\u0119 wsp\u00f3\u0142czesnej polityki: prostota, czysto\u015b\u0107, brak dekoracyjno\u015bci. Natomiast przy tak szerokim dole powinna by\u0107 nieco mniej obszerna, bardziej kontrolowana konstrukcyjnie np. z delikatnie zaznaczon\u0105 lini\u0105 ramion i tali\u0105. W obecnej formie tworzy zbyt du\u017c\u0105 obj\u0119to\u015b\u0107 w g\u00f3rnej partii sylwetki \u2014 ocenia.<\/p>\n<p>Nast\u0119pnie ekspertka zwraca uwag\u0119 na obszerne spodnie.<\/p>\n<blockquote class=\"ods-o-quote\">\n<p class=\"ods-o-quote__paragraph\">Spodnie \u2014 tu pojawia si\u0119 problem proporcji. Fantazyjne, bardzo szerokie spodnie: dominuj\u0105 ca\u0142\u0105 stylizacj\u0119, poszerzaj\u0105 optycznie biodra i skracaj\u0105 sylwetk\u0119, w ruchu tworz\u0105 wra\u017cenie ci\u0119\u017cko\u015bci i nadmiaru tkaniny, odbieraj\u0105 stylizacji klarowno\u015b\u0107. W przestrzeni oficjalnej (Sejm, wydarzenia pa\u0144stwowe) taka forma jest zbyt eksperymentalna. Zamiast &#8222;mocnego, nowoczesnego komunikatu&#8221; pojawia si\u0119 wra\u017cenie niekontrolowanej obj\u0119to\u015bci<\/p>\n<\/blockquote>\n<p>\u2014 dodaje.<\/p>\n<p> <img decoding=\"async\" src=\"https:\/\/www.europesays.com\/pl\/wp-content\/uploads\/2026\/02\/ykMk9lBaHR0cHM6Ly9vY2RuLmV1L3B1bHNjbXMvTURBXy9lNzcwZjYxMjlkNjhlMjE0Y2I4YzRiMTIwOTA0YzAyNS5qcGeRlQLNA.jpeg\" height=\"800\" width=\"438\" alt=\"Barbara Nowacka\" loading=\"lazy\" class=\"ods-c-image__img ods-c-image__img--vertical\"\/> <\/p>\n<p>Barbara NowackaWojciech Olkusnik\/East News \/ East News<\/p>\n<p> Polecamy: <a href=\"https:\/\/plejada.pl\/newsy\/stylizacje-pierwszych-dam-na-litwie-ekspertka-ocenia-wybor-marty-nawrockiej-traci-na\/l54l3nc\" id=\"7ffa8532-996d-4c46-bada-4d70257b7307\" rel=\"nofollow noopener\" target=\"_blank\">Stylizacje pierwszych dam na Litwie. Ekspertka ocenia wyb\u00f3r Marty Nawrockiej. &#8222;Traci na jako\u015bci&#8221;<\/a><\/p>\n<p>W opozycji do tej stylizacji stawiany jest str\u00f3j Doroty Niedzieli.<\/p>\n<blockquote class=\"ods-o-quote\">\n<p class=\"ods-o-quote__paragraph\">Pani polityk wybra\u0142a klasyczny granatowy garnitur z dwurz\u0119dow\u0105 marynark\u0105, kamizelk\u0105 i bia\u0142\u0105 dopasowan\u0105 g\u00f3r\u0105 w formie T-shirtu. Spodnie proste w kroju. Ta wersja jest zdecydowanie bardziej wywa\u017cona i komunikacyjnie sp\u00f3jna. Stylizacja buduje wizerunek osoby kompetentnej, stabilnej i \u015bwiadomej swojej roli. Ten wyb\u00f3r jest zdecydowanie bardziej wywa\u017cony i komunikacyjnie sp\u00f3jny<\/p>\n<\/blockquote>\n<p>\u2014 dodaje Dorota Goldpoint.<\/p>\n<p> <img decoding=\"async\" src=\"https:\/\/www.europesays.com\/pl\/wp-content\/uploads\/2026\/02\/XBrk9lBaHR0cHM6Ly9vY2RuLmV1L3B1bHNjbXMvTURBXy80ZTVlNjM0Y2I3MDMyNGI3OWJhYTlhYWZhY2QyMWMyNi5qcGeRlQLNB.jpeg\" height=\"800\" width=\"547\" alt=\"Monika Wielichowska - po lewej, Dorota Niedziela - po prawej\" loading=\"lazy\" class=\"ods-c-image__img ods-c-image__img--vertical\"\/> <\/p>\n<p>Monika Wielichowska &#8211; po lewej, Dorota Niedziela &#8211; po prawejWojciech Olkusnik\/East News \/ East News<\/p>\n<p> Dzi\u0119kujemy, \u017ce przeczyta\u0142a\u015b\/e\u015b nasz artyku\u0142 do ko\u0144ca. W serwisie Plejada.pl ka\u017cdego dnia piszemy o najwa\u017cniejszych wydarzeniach show-biznesowych. B\u0105d\u017a na bie\u017c\u0105co! <a rel=\"nofollow noopener\" href=\"https:\/\/profile.google.com\/cp\/Cg0vZy8xMWJ6X19wdHBx\" id=\"150309dc-15b2-408c-9738-be1db820b166\" target=\"_blank\">Obserwuj<\/a> Plejad\u0119 w Google. Odwied\u017a nas tak\u017ce na <a rel=\"nofollow noopener\" href=\"https:\/\/www.facebook.com\/plejadapl\" id=\"b8460bbe-7e22-470e-8076-3dd9b4cfcef4\" target=\"_blank\">Facebooku<\/a>, <a rel=\"nofollow noopener\" href=\"https:\/\/www.instagram.com\/plejadapl\/\" id=\"34a5f09a-1481-4361-89d7-2fa376884118\" target=\"_blank\">Instagramie<\/a>, <a rel=\"nofollow noopener\" href=\"https:\/\/www.youtube.com\/c\/plejada\" id=\"0b38ffd8-75a6-452f-a552-c51db2084980\" target=\"_blank\">YouTubie<\/a> oraz <a rel=\"nofollow noopener\" href=\"https:\/\/www.tiktok.com\/@plejada_pl\" id=\"5aecf490-e190-4a12-92d4-75c24c9babfd\" target=\"_blank\">TikToku<\/a>.Chcesz podzieli\u0107 si\u0119 ciekawym newsem lub zaproponowa\u0107 temat? Skontaktuj si\u0119 z nami, pisz\u0105c maila na adres: <a rel=\"nofollow noopener\" href=\"https:\/\/plejada.pl\/newsy\/ekspertka-o-stylizacji-ministry-edukacji-padly-krytyczne-slowa\/mailto:plejada@redakcjaonet.pl\" id=\"dabcd715-d230-4a06-a70a-f502bfdb76b0\" target=\"_blank\">plejada@redakcjaon<\/a><a rel=\"nofollow noopener\" href=\"https:\/\/et.pl\" id=\"b7bd1f8e-2e8c-48ac-bf94-25aee0d9f145\" target=\"_blank\">et.pl<\/a>.<script async src=\"\/\/www.instagram.com\/embed.js\"><\/script><script async src=\"\/\/www.tiktok.com\/embed.js\"><\/script><\/p>\n","protected":false},"excerpt":{"rendered":"W Sejmie dominuj\u0105 eleganckie stylizacje \u2014 zar\u00f3wno pod wzgl\u0119dem klasycznego kroju, jak i stonowanej kolorystyki. Polityczki cz\u0119\u015bciej wybieraj\u0105&hellip;\n","protected":false},"author":2,"featured_media":259235,"comment_status":"","ping_status":"","sticky":false,"template":"","format":"standard","meta":{"footnotes":"","_share_on_mastodon":"0"},"categories":[12],"tags":[3769,32,33,3697,36,37,27,34,35,28,31,48,25,125,46,42,38,40,39,41,47,29,30,338,26],"class_list":["post-259234","post","type-post","status-publish","format-standard","has-post-thumbnail","category-polska","tag-barbara_nowacka","tag-breaking-news","tag-breakingnews","tag-dorota_goldpoint","tag-featured-news","tag-featurednews","tag-headlines","tag-latest-news","tag-latestnews","tag-naglowki","tag-najwazniejsze-artykuly","tag-nat_styl","tag-news","tag-newsy","tag-omp","tag-pl","tag-poland","tag-polish","tag-polska","tag-polski","tag-screening_general","tag-top-stories","tag-topstories","tag-tylko_w_plejadzie","tag-wiadomosci"],"share_on_mastodon":{"url":"https:\/\/pubeurope.com\/@pl\/116069172724938035","error":""},"_links":{"self":[{"href":"https:\/\/www.europesays.com\/pl\/wp-json\/wp\/v2\/posts\/259234","targetHints":{"allow":["GET"]}}],"collection":[{"href":"https:\/\/www.europesays.com\/pl\/wp-json\/wp\/v2\/posts"}],"about":[{"href":"https:\/\/www.europesays.com\/pl\/wp-json\/wp\/v2\/types\/post"}],"author":[{"embeddable":true,"href":"https:\/\/www.europesays.com\/pl\/wp-json\/wp\/v2\/users\/2"}],"replies":[{"embeddable":true,"href":"https:\/\/www.europesays.com\/pl\/wp-json\/wp\/v2\/comments?post=259234"}],"version-history":[{"count":0,"href":"https:\/\/www.europesays.com\/pl\/wp-json\/wp\/v2\/posts\/259234\/revisions"}],"wp:featuredmedia":[{"embeddable":true,"href":"https:\/\/www.europesays.com\/pl\/wp-json\/wp\/v2\/media\/259235"}],"wp:attachment":[{"href":"https:\/\/www.europesays.com\/pl\/wp-json\/wp\/v2\/media?parent=259234"}],"wp:term":[{"taxonomy":"category","embeddable":true,"href":"https:\/\/www.europesays.com\/pl\/wp-json\/wp\/v2\/categories?post=259234"},{"taxonomy":"post_tag","embeddable":true,"href":"https:\/\/www.europesays.com\/pl\/wp-json\/wp\/v2\/tags?post=259234"}],"curies":[{"name":"wp","href":"https:\/\/api.w.org\/{rel}","templated":true}]}}