{"id":25953,"date":"2025-10-01T12:31:09","date_gmt":"2025-10-01T12:31:09","guid":{"rendered":"https:\/\/www.europesays.com\/pl\/25953\/"},"modified":"2025-10-01T12:31:09","modified_gmt":"2025-10-01T12:31:09","slug":"oto-konkretny-plan-dla-oskara-pietuszewskiego-ujawniamy-kolejne-kroki","status":"publish","type":"post","link":"https:\/\/www.europesays.com\/pl\/25953\/","title":{"rendered":"Oto konkretny plan dla Oskara Pietuszewskiego. Ujawniamy kolejne kroki"},"content":{"rendered":"<p>Pietuszewski jest jednym z najgor\u0119tszych nazwisk na polskim rynku, kt\u00f3re pojawia si\u0119 w wielu notesach skaut\u00f3w europejskich gigant\u00f3w. M\u00f3wi\u0142o si\u0119, \u017ce 17-latka ju\u017c latem chcia\u0142o nawet Chelsea, a skala talentu nastolatka sugeruje, \u017ce mo\u017ce zosta\u0107 sprzedany za kwot\u0119, jakiej Ekstraklasa jeszcze nie widzia\u0142a. Jednak ju\u017c teraz wiadomo, \u017ce skrzyd\u0142owy w Bia\u0142ymstoku zostanie przynajmniej do ko\u0144ca sezonu.<\/p>\n<p>W dalszej cz\u0119\u015bci artyku\u0142u Mariusz Piekarski t\u0142umaczy, dlaczego na dzi\u015b jest ma\u0142o prawdopodobne, by Oskar Pietuszewski trafi\u0142 do ligi angielskiej i jak chcia\u0142by rozwija\u0107 jego karier\u0119. M\u00f3wi tak\u017ce, co wyr\u00f3\u017cnia nastolatka na tle innych polskich talent\u00f3w. <\/p>\n<p class=\"Paragraph_desktopParagraph__Fd2e9\">\u2014 Ka\u017cdemu, z kt\u00f3rym rozmawiali\u015bmy, m\u00f3wili\u015bmy, \u017ce Oskar zostanie w Jagiellonii do lata \u2014 ucina wprost spekulacje agent zawodnika Mariusz Piekarski.<\/p>\n<p class=\"Paragraph_desktopParagraph__Fd2e9\">Skrzyd\u0142owy mimo wielu spekulacji na sw\u00f3j temat w tym sezonie radzi sobie bardzo dobrze. Ma zaufanie trenera Adriana Siemie\u0144ca. Od pocz\u0105tku rozgrywek krajowych i europejskich \u0142\u0105cznie wyst\u0105pi\u0142 ju\u017c w 15 spotkaniach, strzeli\u0142 dwa gole i mia\u0142 asyst\u0119. Jego \u015bwietna forma sprawia, \u017ce szansa na rekordowy transfer Polaka z PKO BP Ekstraklasy jest coraz wi\u0119ksza. Obecnie to miano nale\u017cy do Jakuba Modera i Kacpra Koz\u0142owskiego, kt\u00f3rzy do Brighton odchodzili za 11 mln euro.<\/p>\n<p class=\"Paragraph_desktopParagraph__Fd2e9\">\u2014 Nie chcia\u0142bym rozmawia\u0107 o kwotach, bo trzeba podej\u015b\u0107 do tego dwutorowo. Po pierwsze trzeba pomy\u015ble\u0107, czy bijemy rekord i \u0142echtamy wszystkim ego, czy zajmujemy si\u0119 karier\u0105 Oskara \u2014 skomentowa\u0142 Piekarski.<\/p>\n<p>Oto plan na przysz\u0142o\u015b\u0107 Oskara Pietuszewskiego<\/p>\n<p class=\"Paragraph_desktopParagraph__Fd2e9\">Jak si\u0119 okazuje, Piekarski ma ju\u017c konkretny plan na Pietuszewskiego. Agent pi\u0142karza zdradzi\u0142, \u017ce nie zale\u017cy mu na tym, \u017ceby za wszelk\u0105 cen\u0119 pobi\u0107 rekord transferowy PKO BP Ekstraklasy. \u015awiadomy jest, \u017ce takie du\u017ce sumy mog\u0105 da\u0107 kluby z Anglii, lecz to dla 17-latka mo\u017ce nie by\u0107 dobrym rozwi\u0105zaniem.<\/p>\n<p class=\"Paragraph_desktopParagraph__Fd2e9\">\u2014 Raczej jestem za opcj\u0105, \u017ceby wybra\u0107 m\u0105drze. Wiadomo, \u017ce rekordow\u0105 kwot\u0119 zap\u0142ac\u0105 na pewno kluby angielskie, lecz w takim przypadku od razu zaczynamy od wypo\u017cycze\u0144, wi\u0119c nie wiem, czy to jest dobra droga. Poczekajmy do ko\u0144ca sezonu \u2014 przyznaje agent.<\/p>\n<p><img decoding=\"async\" src=\"https:\/\/www.europesays.com\/pl\/wp-content\/uploads\/2025\/10\/oskar-pietuszewski.jpeg\" alt=\"Oskar Pietuszewski\" width=\"944\" height=\"628\" loading=\"lazy\" class=\"\" \/>Oskar Pietuszewski (Foto: Maciej Gilewski \/ 058sport.pl)<\/p>\n<p class=\"Paragraph_desktopParagraph__Fd2e9\">Piekarski idzie o krok dalej i zdradza, \u017ce w grze jest tak\u017ce transfer do Belgii, Holandii, czy Austrii. Wszystko przez fakt, \u017ce kluby z TOP5 Europy obserwuj\u0105 zawodnik\u00f3w z tych lig i ch\u0119tnie kupuj\u0105 graczy, kt\u00f3rzy si\u0119 tam sprawdzili. W\u0142a\u015bnie tak\u0105 drog\u0119 wyobra\u017ca sobie w przypadku Pietuszewskiego.<\/p>\n<p class=\"Paragraph_desktopParagraph__Fd2e9\">\u2014 Mamy pomys\u0142 na przysz\u0142o\u015b\u0107. Rozmawia\u0142em ju\u017c o tym z Oskarem. Chcemy robi\u0107 krok po kroku. Nie b\u0119d\u0119 ujawnia\u0107 tutaj klub\u00f3w i lig, w jakie celujemy, ale ten krok musi by\u0107 m\u0105dry. Wydaje mi si\u0119, \u017ce lepiej sprzeda\u0107 pi\u0142karza za troch\u0119 mniej i wpisa\u0107 bonusy \u2014 opowiada.<\/p>\n<p class=\"Paragraph_desktopParagraph__Fd2e9\">\u2014 Wyobra\u017cam sobie, \u017ce Oskar odejdzie za dobre pieni\u0105dze dla klubu, ale Jagiellonia zabezpieczy si\u0119 w postaci dodatkowych premii. Wola\u0142bym, \u017ceby nast\u0119pny klub bardzo postawi\u0142 na Oskara i sprzeda\u0142 go p\u00f3\u017aniej za 30-35 mln euro. Chcia\u0142bym, \u017ceby trafi\u0142 do takiego zespo\u0142u, gdzie walczy\u0142by o pierwszy sk\u0142ad lub w nim gra\u0142, znacz\u0105co podnosi\u0142 swoj\u0105 warto\u015b\u0107 i za dwa lata zosta\u0142 sprzedany do jeszcze lepszego klubu jako gotowy pi\u0142karz \u2014 zaznacza.<\/p>\n<p>Piekarski jest pod wra\u017ceniem dojrza\u0142o\u015bci supertalentu Jagiellonii<\/p>\n<p class=\"Paragraph_desktopParagraph__Fd2e9\">Sam Piekarski jest te\u017c pod ogromnym wra\u017ceniem dojrza\u0142o\u015bci m\u0142odej gwiazdy Jagiellonii. Wed\u0142ug niego Pietuszewski jest bardzo \u015bwiadomy swojej przysz\u0142o\u015bci i ch\u0142odno patrzy na to, co dzieje si\u0119 wok\u00f3\u0142 niego.<\/p>\n<p class=\"Paragraph_desktopParagraph__Fd2e9\">\u2014 Mimo m\u0142odego wieku, Oskar jest bardzo \u015bwiadomy, dobrze si\u0119 z nim rozmawia, wi\u0119c jak b\u0119d\u0105 konkretne oferty, to wszystko przeanalizujemy. Nikt na Oskara nie naciska i na pewno zostanie w Polsce do ko\u0144ca sezonu. Dobrze czuje si\u0119 w Jagiellonii i dostanie du\u017co minut od trenera Siemie\u0144ca. Podchodzimy do wszystkiego na ch\u0142odno i spokojnie \u2014 ocenia.<\/p>\n<p class=\"Paragraph_desktopParagraph__Fd2e9\">\u2014 Patrz\u0105c na histori\u0119 pi\u0142karzy, kt\u00f3rych reprezentowa\u0142em, to Oskar jest najbardziej przygotowany pod k\u0105tem fizycznym, technicznym i mentalnym. Du\u017co rozmawiamy na temat tego, co trzeba jeszcze poprawi\u0107. On ca\u0142y czas si\u0119 rozwija. Oskar trafi\u0142 w znakomite \u015brodowisko, bo trzeba pami\u0119ta\u0107, \u017ce u tak m\u0142odego pi\u0142karza nie mo\u017cna zabija\u0107 tej pewno\u015bci siebie, werwy i szale\u0144stwa m\u0142odzie\u017cowca. Trzeba pochwali\u0107 ludzi, z kt\u00f3rymi pracowa\u0142 od ma\u0142ego, bo nie wrzucali go w ramy taktyczne i nie zabili jego kreatywno\u015bci, odwagi i szale\u0144stwa \u2014 stwierdza.<\/p>\n<p>&#8222;Oskar na pewno zagra w pierwszej reprezentacji Polski&#8221;<\/p>\n<p class=\"Paragraph_desktopParagraph__Fd2e9\">W ostatnich tygodniach wok\u00f3\u0142 Pietuszewskiego wiele m\u00f3wi si\u0119 w kontek\u015bcie powo\u0142ania do reprezentacji Polski Jana Urbana. Szczeg\u00f3lnie po tym, jak zachwyci\u0142 w m\u0142odzie\u017cowej kadrze Jerzego Brz\u0119czka. W dw\u00f3ch wrze\u015bniowych meczach eliminacji ME kadry U-21 zdoby\u0142 a\u017c trzy bramki i zaliczy\u0142 asyst\u0119. Piekarski podchodzi jednak bardzo spokojnie do tematu pierwszej reprezentacji.<\/p>\n<p><img decoding=\"async\" src=\"https:\/\/www.europesays.com\/pl\/wp-content\/uploads\/2025\/10\/oskar-pietuszewski-w-reprezentacji-u-21.jpeg\" alt=\"Oskar Pietuszewski w reprezentacji U-21\" width=\"944\" height=\"629\" loading=\"lazy\" class=\"\" \/>Oskar Pietuszewski w reprezentacji U-21 (Foto: Mateusz Sobczak \/ Pressfocus)<\/p>\n<p class=\"Paragraph_desktopParagraph__Fd2e9\">\u2014 Ciesz\u0119 si\u0119, \u017ce Oskar mimo m\u0142odego wieku dosta\u0142 szans\u0119 od trenera Jerzego Brz\u0119czka w kadrze do lat 21. Ta dru\u017cyna w pa\u017adzierniku te\u017c gra bardzo wa\u017cne mecze i my\u015bl\u0119, \u017ce trzeba poczeka\u0107. Zawsze by\u0142em odwa\u017cny i pi\u0142ka no\u017cna te\u017c jest dla m\u0142odych ludzi i je\u015bli kto\u015b ma wysokie umiej\u0119tno\u015bci, to nic nie stoi na przeszkodzie, ale podkre\u015blam, \u017ce decyzja nale\u017cy do trenera, czy b\u0119dzie to teraz, czy za p\u00f3\u0142 roku. Oskar na pewno b\u0119dzie gra\u0107 w pierwszej reprezentacji \u2014 przewiduje.<\/p>\n","protected":false},"excerpt":{"rendered":"Pietuszewski jest jednym z najgor\u0119tszych nazwisk na polskim rynku, kt\u00f3re pojawia si\u0119 w wielu notesach skaut\u00f3w europejskich gigant\u00f3w.&hellip;\n","protected":false},"author":2,"featured_media":25954,"comment_status":"","ping_status":"","sticky":false,"template":"","format":"standard","meta":{"footnotes":""},"categories":[24],"tags":[274,67,2477,7953,7952,5957,42,38,40,39,41,136,128,47,127,135,126,130],"class_list":{"0":"post-25953","1":"post","2":"type-post","3":"status-publish","4":"format-standard","5":"has-post-thumbnail","7":"category-sport","8":"tag-ekstraklasa","9":"tag-intextvideo_splayer","10":"tag-jagiellonia_bialystok","11":"tag-mariusz_piekarski","12":"tag-ofensywni","13":"tag-oskar_pietuszewski","14":"tag-pl","15":"tag-poland","16":"tag-polish","17":"tag-polska","18":"tag-polski","19":"tag-ps_detal_new","20":"tag-psv2","21":"tag-screening_general","22":"tag-sport","23":"tag-sport_sport","24":"tag-sports","25":"tag-wiadomosci_sportowe"},"share_on_mastodon":{"url":"","error":""},"_links":{"self":[{"href":"https:\/\/www.europesays.com\/pl\/wp-json\/wp\/v2\/posts\/25953","targetHints":{"allow":["GET"]}}],"collection":[{"href":"https:\/\/www.europesays.com\/pl\/wp-json\/wp\/v2\/posts"}],"about":[{"href":"https:\/\/www.europesays.com\/pl\/wp-json\/wp\/v2\/types\/post"}],"author":[{"embeddable":true,"href":"https:\/\/www.europesays.com\/pl\/wp-json\/wp\/v2\/users\/2"}],"replies":[{"embeddable":true,"href":"https:\/\/www.europesays.com\/pl\/wp-json\/wp\/v2\/comments?post=25953"}],"version-history":[{"count":0,"href":"https:\/\/www.europesays.com\/pl\/wp-json\/wp\/v2\/posts\/25953\/revisions"}],"wp:featuredmedia":[{"embeddable":true,"href":"https:\/\/www.europesays.com\/pl\/wp-json\/wp\/v2\/media\/25954"}],"wp:attachment":[{"href":"https:\/\/www.europesays.com\/pl\/wp-json\/wp\/v2\/media?parent=25953"}],"wp:term":[{"taxonomy":"category","embeddable":true,"href":"https:\/\/www.europesays.com\/pl\/wp-json\/wp\/v2\/categories?post=25953"},{"taxonomy":"post_tag","embeddable":true,"href":"https:\/\/www.europesays.com\/pl\/wp-json\/wp\/v2\/tags?post=25953"}],"curies":[{"name":"wp","href":"https:\/\/api.w.org\/{rel}","templated":true}]}}