{"id":260607,"date":"2026-02-15T11:28:15","date_gmt":"2026-02-15T11:28:15","guid":{"rendered":"https:\/\/www.europesays.com\/pl\/260607\/"},"modified":"2026-02-15T11:28:15","modified_gmt":"2026-02-15T11:28:15","slug":"agnieszka-osiecka-i-daniel-passent-byli-razem-10-lat-zostawila-go-z-dzieckiem","status":"publish","type":"post","link":"https:\/\/www.europesays.com\/pl\/260607\/","title":{"rendered":"Agnieszka Osiecka i Daniel Passent byli razem 10 lat. Zostawi\u0142a go z dzieckiem"},"content":{"rendered":"<p>\u017bycie Agnieszki Osieckiej od dawna fascynuje opini\u0119 publiczn\u0105. W jej biografii jest kilka istotnych w\u0105tk\u00f3w i paru m\u0119\u017cczyzn, kt\u00f3rzy byli dla niej wa\u017cni. Jednym z nich z pewno\u015bci\u0105 by\u0142 Daniel Passent. Cho\u0107 dzieli\u0142o ich niemal wszystko \u2014 od charakteru do podej\u015bcia od \u017cycia ko\u0144cz\u0105c \u2014 po\u0142\u0105czy\u0142o ich gor\u0105ce uczucie. Para sp\u0119dzi\u0142a razem dekad\u0119 (cho\u0107 z przerwami). Rozstali si\u0119 jednak w przyja\u017ani i regularnie si\u0119 spotykali. Artystka zreszt\u0105 uwzgl\u0119dni\u0142a w swoim testamencie nie tylko ich c\u00f3rk\u0119, ale tak\u017ce by\u0142ego partnera i jego pasierba.<\/p>\n<p>Daniel Passent i Agnieszka Osiecka poznali si\u0119 na pocz\u0105tku lat 70. Ona mia\u0142a ju\u017c wtedy za sob\u0105 dwa nieudane ma\u0142\u017ce\u0144stwa (z Wojciechem Frykowskim i Wojciechem Jesionk\u0105). W \u015bwiecie artystycznym mog\u0142a przebiera\u0107 w ofertach wsp\u00f3\u0142pracy. Napisane przez ni\u0105 piosenki kr\u00f3lowa\u0142y w rozg\u0142o\u015bniach radiowych. On za\u015b by\u0142 uznanym w \u015brodowisku dziennikarzem. Studiowa\u0142 m.in. na Uniwersytecie Princeton. S\u0142aw\u0119 zdoby\u0142 po tym, jak uzyska\u0142 prawa do publikacji wspomnie\u0144 Adolfa Eichmanna. Sprawa mia\u0142a dla niego osobisty charakter. Nie by\u0142o bowiem tajemnic\u0105, \u017ce jego rodzice \u2014 Bernard i Izabela Passensteinowie \u2014 zgin\u0119li w czasie II wojny \u015bwiatowej.<\/p>\n<blockquote class=\"ods-o-quote\">\n<p class=\"ods-o-quote__paragraph\">Faktem jest, \u017ce Agnieszka pojawi\u0142a si\u0119 w moim \u017cyciu. Ka\u017cde z nas ju\u017c kogo\u015b wtedy mia\u0142o. Po jakim\u015b czasie zerwali\u015bmy swoje poprzednie zwi\u0105zki i zostali\u015bmy ze sob\u0105. Trudno stwierdzi\u0107, kt\u00f3ry z m\u0119\u017cczyzn by\u0142 dla niej najbardziej wa\u017cny. Ja, mo\u017ce zaspokaja\u0142em t\u0119 potrzeb\u0119 tworzenia normalnego domu, domu rodzinnego, z zup\u0105&#8230;<\/p>\n<\/blockquote>\n<p>\u2014 opowiada\u0142 Daniel Passent w rozmowie z &#8222;Imperium kobiet&#8221;.<\/p>\n<p>On mia\u0142 wtedy 33 lata. Ona by\u0142a dwa lata starsza. Zakochani nie tracili czasu. Chcieli by\u0107 razem, dlatego w ko\u0144cu zdecydowali si\u0119 na wsp\u00f3lny dom. Najpierw mieszkali w Falenicy. Potem jednak przeprowadzili si\u0119 na \u017boliborz. Ich relacja stawa\u0142a si\u0119 coraz powa\u017cniejsza. Szczeg\u00f3lnie gdy poetka zasz\u0142a w ci\u0105\u017c\u0119.<\/p>\n<p>    Dalszy ci\u0105g artyku\u0142u pod materia\u0142em wideo    <\/p>\n<p> Jak d\u0142ugo Agnieszka Osiecka i Daniel Passent byli razem? <\/p>\n<p> Ile dzieci mieli Agnieszka Osiecka i Daniel Passent? <\/p>\n<p> Czy Agnieszka Osiecka i Daniel Passent wzi\u0119li \u015blub? <\/p>\n<p> Kiedy zmar\u0142 Daniel Passent? <\/p>\n<p>  Agnieszka Osiecka i Daniel Passent byli razem 10 lat. &#8222;Zostawia\u0142a ludzi&#8221;<\/p>\n<p>Agnieszka Osiecka nie by\u0142a pewna, czy chce zosta\u0107 matk\u0105. Zdecydowa\u0142a si\u0119 jednak urodzi\u0107 dziecko. Para spodziewa\u0142a si\u0119 syna, kt\u00f3remu chcieli nada\u0107 imi\u0119 Jakub. Ale los zdecydowa\u0142 inaczej i na \u015bwiat przysz\u0142a ich jedyna c\u00f3rka, Agata. Szybko sta\u0142a si\u0119 oczkiem w g\u0142owie taty. Tymczasem poetka nie odnajdywa\u0142a si\u0119 w roli matki i opiekunki domowego ogniska. \u017bycie domowe &#8222;dusi\u0142o j\u0105&#8221;, cho\u0107 po urodzeniu dziecka kontynuowa\u0142a karier\u0119.<\/p>\n<blockquote class=\"ods-o-quote\">\n<p class=\"ods-o-quote__paragraph\">Agnieszka by\u0142a osob\u0105 jednocze\u015bnie bardzo dobr\u0105 i niedobr\u0105. Dobr\u0105, gdy kupowa\u0142a brzydkiego s\u0142onia od zm\u0119czonej przekupki ze Wschodu, a niedobr\u0105, bo zostawia\u0142a ludzi, zmienia\u0142a kompozytor\u00f3w, nie bawi\u0142a si\u0119 w sentymenty.<\/p>\n<\/blockquote>\n<p>\u2014 przyzna\u0142a Daniel Passent w wywiadzie dla &#8222;Vivy!&#8221;.<\/p>\n<p>Para zacz\u0119\u0142a oddala\u0107 si\u0119 od siebie. Co prawda nie zdecydowali si\u0119 nigdy na \u015blub, ale \u0142\u0105czy\u0142 ich dom i dziecko. Mimo to Agnieszka Osiecka postanowi\u0142a i\u015b\u0107 swoj\u0105 drog\u0105. Odesz\u0142a od Daniela Passenta. Uzna\u0142a, \u017ce lepiej b\u0119dzie, je\u015bli sze\u015bcioletnia Agata zostanie z ojcem. <\/p>\n<blockquote class=\"ods-o-quote\">\n<p class=\"ods-o-quote__paragraph\">Nasze rozstanie by\u0142o bardzo bolesne. By\u0142em zrozpaczony. Zosta\u0142em z c\u00f3rk\u0105 sam w tym domu, kt\u00f3ry zbudowali\u015bmy na \u017boliborzu. Agnieszka uwa\u017ca\u0142a, \u017ce tak b\u0119dzie dla Agaty lepiej. Sama wr\u00f3ci\u0142a na Sask\u0105 K\u0119p\u0119, do swojej matki. Nie wiedzia\u0142em jak sobie dam rad\u0119<\/p>\n<\/blockquote>\n<p> <img decoding=\"async\" src=\"https:\/\/www.europesays.com\/pl\/wp-content\/uploads\/2026\/02\/gLHk9lBaHR0cHM6Ly9vY2RuLmV1L3B1bHNjbXMvTURBXy82ZDNjNjBjYjA2OGE5ZjYxMWRhZWZiOGI4YWZiODUxMS5qcGeRlQLNB.jpeg\" height=\"800\" width=\"798\" alt=\"Daniel Passent i Agnieszka Osiecka z c\u00f3rk\u0105 Agat\u0105\" loading=\"lazy\" class=\"ods-c-image__img ods-c-image__img--vertical\"\/> <\/p>\n<p>Daniel Passent i Agnieszka Osiecka z c\u00f3rk\u0105 Agat\u0105W\u0142odzimierz Ochnio \/ PAP<\/p>\n<p>Daniel Passent robi\u0142 wszystko, aby jego c\u00f3rce niczego nie zabrak\u0142o \u2014 przede wszystkim emocjonalnie. Traktowa\u0142 to bardzo powa\u017cnie szczeg\u00f3lnie, dlatego \u017ce sam w m\u0142odym wieku straci\u0142 rodzic\u00f3w. W rozmowie z &#8222;Viv\u0105!&#8221; wspomina\u0142:<\/p>\n<blockquote class=\"ods-o-quote\">\n<p class=\"ods-o-quote__paragraph\">Jak Amerykanie zobaczyli, ile dziecku po\u015bwi\u0119cam, zacz\u0119li na mnie m\u00f3wi\u0107 &#8222;Jewish father&#8221;. Bo w Ameryce okre\u015blenie &#8222;Jewish mother&#8221; odnosi si\u0119 do matek zwariowanych na punkcie swoich dzieci. A ja gra\u0142em rol\u0119 ojca i matki jednocze\u015bnie<\/p>\n<\/blockquote>\n<p>Z biegiem czasu jednak relacje Daniela Passenta i Agnieszki Osieckiej u\u0142o\u017cy\u0142y. Dziennikarz rok po rozstaniu zwi\u0105za\u0142 si\u0119 z Mart\u0119 Dobromirsk\u0105. By\u0142a partnerka cz\u0119sto bywa\u0142a w ich domu.<\/p>\n<blockquote class=\"ods-o-quote\">\n<p class=\"ods-o-quote__paragraph\">Po jakim\u015b czasie relacje nasze u\u0142o\u017cy\u0142y si\u0119 optymalnie. Agnieszka interesowa\u0142a si\u0119 swoj\u0105 c\u00f3rk\u0105. Pomaga\u0142a mi, sfinansowa\u0142a remont domu, bywa\u0142a z nami bardzo cz\u0119sto. Nawet, kiedy za\u0142o\u017cy\u0142em now\u0105 rodzin\u0119, przyja\u017ani\u0142a si\u0119 z nami<\/p>\n<\/blockquote>\n<p> <img decoding=\"async\" src=\"https:\/\/www.europesays.com\/pl\/wp-content\/uploads\/2026\/02\/ID8k9lBaHR0cHM6Ly9vY2RuLmV1L3B1bHNjbXMvTURBXy9iYzJjZGI3MDJmYTUzY2ZiM2RiNjNhN2YxMDVlMjA4MS5qcGeRlQLNB.jpeg\" height=\"697\" width=\"929\" alt=\"Agnieszka Osiecka\" loading=\"lazy\" class=\"ods-c-image__img ods-c-image__img--viewport-width\"\/> <\/p>\n<p>Agnieszka OsieckaArchiwum Fotograficzne W\u0142odzimierza Barchacza \/ Narodowe Archiwum Cyfrowe<\/p>\n<p>Agnieszka Osiecka zostawi\u0142a Daniela Passenta dla jego kolegi, Zbigniewa Mentzela. Byli razem dziesi\u0119\u0107 lat. M\u0142odszy o 15 lat krytyk odszed\u0142 potem od poetki. Ona za\u015b znalaz\u0142a pocieszenie u boku Micha\u0142a Kotta. Ostatnie lata \u017cycia sp\u0119dzi\u0142a jednak z Andr\u00e9 H\u00fcbnerem-Ochodlo. Tymczasem dziennikarz by\u0142 szcz\u0119\u015bliwym m\u0119\u017cem wspomnianej wcze\u015bniej Marty Dobromirskiej. Para wychowa\u0142a razem nie tylko Agat\u0119, ale tak\u017ce syna z poprzedniego zwi\u0105zku Dobromirskiej, \u0141ukasza.<\/p>\n<blockquote class=\"ods-o-quote\">\n<p class=\"ods-o-quote__paragraph\">Agata to jest najlepsze, co mnie w \u017cyciu spotka\u0142o. By\u0142em szcz\u0119\u015bliwy, kiedy si\u0119 urodzi\u0142a, chocia\u017c chcia\u0142em mie\u0107 syna \u2014 Kub\u0119. Teraz mam wnuka o tym imieniu<\/p>\n<\/blockquote>\n<p>\u2014 podsumowa\u0142 Daniel Passent.<\/p>\n<p>Dziennikarz &#8222;Polityki&#8221; wraz z \u017con\u0105 pomaga\u0142 Agnieszce Osieckiej, gdy zacz\u0119\u0142a mie\u0107 problemy zdrowotne. Artystka do ko\u0144ca mog\u0142a na nich liczy\u0107. Para opiekowa\u0142a si\u0119 ni\u0105, traktuj\u0105c jak cz\u0142onka patchworkowej rodziny. Poetka zmar\u0142a 7 marca 1997 r. w wieku 61 lat. Mia\u0142a nowotw\u00f3r jelita grubego.<\/p>\n<blockquote class=\"ods-o-quote\">\n<p class=\"ods-o-quote__paragraph\">Ca\u0142y sw\u00f3j maj\u0105tek przekazuje Danielowi Passentowi w nadziei, \u017ce rozdzieli go sprawiedliwie pomi\u0119dzy moj\u0105 c\u00f3rk\u0119 Agat\u0119 i mojego przyjaciela \u0141ukasza [pasierba Daniela Passenta]<\/p>\n<\/blockquote>\n<p>\u2014 podkre\u015bli\u0142a w testamencie Agnieszka Osiecka<\/p>\n<p>   <a href=\"https:\/\/plejada.pl\/newsy\/daniel-passent-nie-zyje-agata-passent-jestesmy-zdewastowani\/zeqnlsz\" id=\"43487b6f-355c-4a78-b4d3-049bed4d9fe5\" rel=\"nofollow noopener\" target=\"_blank\">Daniel Passent odszed\u0142 25 lat p\u00f3\u017aniej \u2014 14 lutego 2022 r.<\/a> Mia\u0142 83 lata. O jego \u015bmierci media poinformowa\u0142a c\u00f3rka za po\u015brednictwem Facebooka. &#8222;Jeste\u015bmy zdewastowani&#8221; \u2014 podkre\u015bli\u0142a. <img decoding=\"async\" src=\"https:\/\/www.europesays.com\/pl\/wp-content\/uploads\/2026\/02\/yrck9lBaHR0cHM6Ly9vY2RuLmV1L3B1bHNjbXMvTURBXy81YzQ2ZTJlMGI5YTMxMjc2MDdiNmYxYjMzYTg1YTFlZC5qcGeRlQLNB.jpeg\" height=\"800\" width=\"533\" alt=\"Daniel Passent (2014)\" loading=\"lazy\" class=\"ods-c-image__img ods-c-image__img--vertical\"\/> <\/p>\n<p>Daniel Passent (2014)Jaros\u0142aw Antoniak \/ MW Media<\/p>\n<p> Dzi\u0119kujemy, \u017ce przeczyta\u0142a\u015b\/e\u015b nasz artyku\u0142 do ko\u0144ca. W serwisie Plejada.pl ka\u017cdego dnia piszemy o najwa\u017cniejszych wydarzeniach show-biznesowych. B\u0105d\u017a na bie\u017c\u0105co! <a rel=\"nofollow noopener\" href=\"https:\/\/news.google.com\/publications\/CAAiEF0PeAlb7W1llpV_mwV2rL4qFAgKIhBdD3gJW-1tZZaVf5sFdqy-?hl=pl&amp;gl=PL&amp;ceid=PL%3Apl\" id=\"0fcc015f-55ec-4ba4-9c79-92a6505ad416\" target=\"_blank\">Obserwuj<\/a> Plejad\u0119 w Wiadomo\u015bciach Google. Odwied\u017a nas tak\u017ce na <a rel=\"nofollow noopener\" href=\"https:\/\/www.facebook.com\/plejadapl\" id=\"01e664ef-3fc7-4bc5-b235-604503da3585\" target=\"_blank\">Facebooku<\/a>, <a rel=\"nofollow noopener\" href=\"https:\/\/www.instagram.com\/plejadapl\/\" id=\"d50be0ad-4783-497d-8495-ad6053e2107b\" target=\"_blank\">Instagramie<\/a>, <a rel=\"nofollow noopener\" href=\"https:\/\/www.youtube.com\/c\/plejada\" id=\"0603ab79-f893-40a9-9cdd-6969f08b16a9\" target=\"_blank\">YouTubie<\/a> oraz <a rel=\"nofollow noopener\" href=\"https:\/\/www.tiktok.com\/@plejada_pl\" id=\"212587c6-8615-4b76-9399-1b9dadc12dfb\" target=\"_blank\">TikToku<\/a>.Chcesz podzieli\u0107 si\u0119 ciekawym newsem lub zaproponowa\u0107 temat? Skontaktuj si\u0119 z nami, pisz\u0105c maila na adres: <a rel=\"nofollow noopener\" href=\"https:\/\/plejada.pl\/polscy-celebryci\/agnieszka-osiecka-i-daniel-passent-byli-razem-10-lat-zostawila-go-z-dzieckiem\/mailto:plejada@redakcjaonet.pl\" id=\"03c716c8-a9cc-40c4-b0de-43d8a78bb79a\" target=\"_blank\">plejada@redakcjaonet.pl<\/a><a rel=\"nofollow noopener\" href=\"https:\/\/plejada.pl\/polscy-celebryci\/agnieszka-osiecka-i-daniel-passent-byli-razem-10-lat-zostawila-go-z-dzieckiem\/mailto:pl.plejada@redakcjaonet.pl\" id=\"c00faf60-a3a3-48df-9aa6-faa8b54db77b\" target=\"_blank\">.<\/a><script async src=\"\/\/www.instagram.com\/embed.js\"><\/script><script async src=\"\/\/www.tiktok.com\/embed.js\"><\/script><\/p>\n","protected":false},"excerpt":{"rendered":"\u017bycie Agnieszki Osieckiej od dawna fascynuje opini\u0119 publiczn\u0105. W jej biografii jest kilka istotnych w\u0105tk\u00f3w i paru m\u0119\u017cczyzn,&hellip;\n","protected":false},"author":2,"featured_media":260608,"comment_status":"","ping_status":"","sticky":false,"template":"","format":"standard","meta":{"footnotes":"","_share_on_mastodon":"0"},"categories":[22],"tags":[19351,44981,122,48,46,42,38,40,3111,39,41,123,626,47,2115],"class_list":["post-260607","post","type-post","status-publish","format-standard","has-post-thumbnail","category-rozrywka","tag-agnieszka_osiecka","tag-daniel_passent","tag-entertainment","tag-nat_styl","tag-omp","tag-pl","tag-poland","tag-polish","tag-polscy_celebryci","tag-polska","tag-polski","tag-rozrywka","tag-rozstania_gwiazd","tag-screening_general","tag-zwiazki_gwiazd"],"share_on_mastodon":{"url":"https:\/\/pubeurope.com\/@pl\/116074414326439196","error":""},"_links":{"self":[{"href":"https:\/\/www.europesays.com\/pl\/wp-json\/wp\/v2\/posts\/260607","targetHints":{"allow":["GET"]}}],"collection":[{"href":"https:\/\/www.europesays.com\/pl\/wp-json\/wp\/v2\/posts"}],"about":[{"href":"https:\/\/www.europesays.com\/pl\/wp-json\/wp\/v2\/types\/post"}],"author":[{"embeddable":true,"href":"https:\/\/www.europesays.com\/pl\/wp-json\/wp\/v2\/users\/2"}],"replies":[{"embeddable":true,"href":"https:\/\/www.europesays.com\/pl\/wp-json\/wp\/v2\/comments?post=260607"}],"version-history":[{"count":0,"href":"https:\/\/www.europesays.com\/pl\/wp-json\/wp\/v2\/posts\/260607\/revisions"}],"wp:featuredmedia":[{"embeddable":true,"href":"https:\/\/www.europesays.com\/pl\/wp-json\/wp\/v2\/media\/260608"}],"wp:attachment":[{"href":"https:\/\/www.europesays.com\/pl\/wp-json\/wp\/v2\/media?parent=260607"}],"wp:term":[{"taxonomy":"category","embeddable":true,"href":"https:\/\/www.europesays.com\/pl\/wp-json\/wp\/v2\/categories?post=260607"},{"taxonomy":"post_tag","embeddable":true,"href":"https:\/\/www.europesays.com\/pl\/wp-json\/wp\/v2\/tags?post=260607"}],"curies":[{"name":"wp","href":"https:\/\/api.w.org\/{rel}","templated":true}]}}