{"id":26079,"date":"2025-10-01T13:40:08","date_gmt":"2025-10-01T13:40:08","guid":{"rendered":"https:\/\/www.europesays.com\/pl\/26079\/"},"modified":"2025-10-01T13:40:08","modified_gmt":"2025-10-01T13:40:08","slug":"misja-polskich-zolnierzy-w-danii-prezydent-postanowil","status":"publish","type":"post","link":"https:\/\/www.europesays.com\/pl\/26079\/","title":{"rendered":"Misja polskich \u017co\u0142nierzy w Danii. Prezydent postanowi\u0142"},"content":{"rendered":"\n<p>&#13;<br \/>\n&#8222;Od 30 wrze\u015bnia do\u00a03 pa\u017adziernika 2025\u00a0r. zostanie u\u017cyty Polski Kontyngent Wojskowy dla\u00a0wzmocnienia Si\u0142 Zbrojnych Kr\u00f3lestwa Danii o\u00a0liczebno\u015bci do\u00a030 \u017co\u0142nierzy&#8221; \u2013\u00a0poinformowa\u0142o Biuro Bezpiecze\u0144stwa Narodowego. &#13;\n<\/p>\n<p>&#13;<br \/>\ntwitter&#13;\n<\/p>\n<p>&#13;<br \/>\n&#8222;Zakres zada\u0144 PKW b\u0119dzie obejmowa\u0142 wsparcie Si\u0142 Zbrojnych Kr\u00f3lestwa Danii w\u00a0zabezpieczaniu i\u00a0ochronie teren\u00f3w wojskowych i\u00a0cywilnych oraz\u00a0prezentacj\u0119 aktywnej obecno\u015bci Rzeczypospolitej Polskiej w\u00a0utrzymywaniu i\u00a0wzmacnianiu bezpiecze\u0144stwa mi\u0119dzynarodowego&#8221; \u2013\u00a0napisano w\u00a0komunikacie BBN. &#13;\n<\/p>\n<p>&#13;<br \/>\nDow\u00f3dztwo Operacyjne Rodzaj\u00f3w Si\u0142 Zbrojnych poda\u0142o, \u017ce\u00a0&#8222;polscy \u017co\u0142nierze wraz ze\u00a0specjalistycznym sprz\u0119tem b\u0119d\u0105 realizowa\u0107 zadania zwi\u0105zane z\u00a0ochron\u0105 i\u00a0zabezpieczeniem teren\u00f3w wojskowych oraz\u00a0cywilnych, potwierdzaj\u0105c aktywn\u0105 rol\u0119 Rzeczypospolitej Polskiej w\u00a0umacnianiu bezpiecze\u0144stwa mi\u0119dzynarodowego&#8221;. &#13;\n<\/p>\n<p>&#13;<br \/>\ntwitter&#13;\n<\/p>\n<p>Zagraniczna misja polskich \u017co\u0142nierzy <\/p>\n<p>&#13;<br \/>\nO <a href=\"https:\/\/dorzeczy.pl\/kraj\/786369\/polska-wysle-zolnierzy-do-danii-tusk-jest-zgoda-prezydenta.html\" rel=\"nofollow noopener\" target=\"_blank\">wys\u0142aniu polskich \u017co\u0142nierzy do\u00a0Danii<\/a> poinformowa\u0142 we\u00a0wtorek Donald Tusk. \u2013\u00a0Z\u00a0satysfakcj\u0105 przyj\u0119li\u015bmy pro\u015bb\u0119 rz\u0105du du\u0144skiego o\u00a0pomoc polskich \u017co\u0142nierzy w\u00a0ochronie szczytu europejskiego \u2013\u00a0przekaza\u0142 premier we\u00a0wtorek przed posiedzeniem rz\u0105du. &#13;\n<\/p>\n<p>&#13;<br \/>\nJak t\u0142umaczy\u0142, w\u00a0\u015brod\u0119 w\u00a0Kopenhadze odb\u0119dzie si\u0119 nieformalny szczyt Unii Europejskiej, natomiast w\u00a0czwartek szczyt Europejskiej Wsp\u00f3lnoty Politycznej. \u2013\u00a0To\u00a0kilkudziesi\u0119ciu lider\u00f3w, premier\u00f3w, prezydent\u00f3w \u2013\u00a0podkre\u015bli\u0142. &#13;\n<\/p>\n<p>&#13;<br \/>\nDoda\u0142, \u017ce\u00a0&#8222;Dania mia\u0142a swoje incydenty z\u00a0dronami&#8221;. \u2013\u00a0Pani premier Danii, rozmawia\u0142em z\u00a0ni\u0105 ostatnio kilka razy, nie\u00a0wyklucza niestety \u2013\u00a0podobnie jak to\u00a0mia\u0142o miejsc w\u00a0Polsce \u2013\u00a0prowokacji rosyjskiej \u2013\u00a0stwierdzi\u0142 premier. &#13;\n<\/p>\n<p>Tusk: Dania zwr\u00f3ci\u0142a si\u0119 z\u00a0pro\u015bb\u0105 <\/p>\n<p>&#13;<br \/>\n\u2013 Rz\u0105d Danii zwr\u00f3ci\u0142 si\u0119 z\u00a0pro\u015bb\u0105, aby\u00a0to\u00a0polscy \u017co\u0142nierze wsp\u00f3\u0142uczestniczyli w\u00a0ochronie obu szczyt\u00f3w, je\u015bli chodzi o\u00a0zagro\u017cenie antydronowe. Traktujemy to\u00a0jako oczywisty akt solidarno\u015bci. Sami mogli\u015bmy liczy\u0107 na\u00a0pomoc naszych sojusznik\u00f3w 10 wrze\u015bnia w\u00a0czasie ataku dron\u00f3w \u2013\u00a0powiedzia\u0142 Tusk. &#13;\n<\/p>\n<p>&#13;<br \/>\nDalej m\u00f3wi\u0142, \u017ce\u00a0zosta\u0142a ju\u017c podj\u0119ta decyzja o\u00a0wys\u0142aniu kontyngentu za\u00a0zgod\u0105 prezydenta. Przypomnia\u0142, \u017ce\u00a0wys\u0142anie Wojska Polskiego za\u00a0granic\u0119 wymaga zgody wszystkich instytucji. &#13;\n<\/p>\n<p>&#13;<br \/>\n\u2013 Warto sobie uzmys\u0142owi\u0107 t\u0119\u00a0oczywist\u0105 prawd\u0119, jak wysoko s\u0105 cenieni polscy \u017co\u0142nierze, tak\u017ce je\u015bli chodzi o\u00a0te nowoczesne techniki walki i\u00a0obrony, takie jak zabezpieczenie przed dronami albo jeszcze bardziej wyrafinowane techniki na\u00a0wsp\u00f3\u0142czesnym polu walki. W\u0142a\u015bnie takich specjalist\u00f3w Polska wysy\u0142a do\u00a0ochrony szczytu \u2013\u00a0podkre\u015bli\u0142. &#13;\n<\/p>\n<p>&#13;<br \/>\nCzytaj te\u017c:<br \/><a href=\"https:\/\/dorzeczy.pl\/kraj\/786480\/zandarmeria-znaleziono-niezidentyfikowany-obiekt-powietrzny.html\" rel=\"follow nofollow noopener\" data-schema=\"DORZECZY\" data-image=\"https:\/\/img.dorzeczy.pl\/_thumb\/a9\/97\/f34663d72241540591640f44fb0d.jpeg\" target=\"_blank\">Odnaleziono &#8222;niezidentyfikowany obiekt&#8221;. \u017bandarmeria wyda\u0142a komunikat<\/a>&#13;<\/p>\n","protected":false},"excerpt":{"rendered":"&#13; &#8222;Od 30 wrze\u015bnia do\u00a03 pa\u017adziernika 2025\u00a0r. zostanie u\u017cyty Polski Kontyngent Wojskowy dla\u00a0wzmocnienia Si\u0142 Zbrojnych Kr\u00f3lestwa Danii o\u00a0liczebno\u015bci&hellip;\n","protected":false},"author":2,"featured_media":26080,"comment_status":"","ping_status":"","sticky":false,"template":"","format":"standard","meta":{"footnotes":""},"categories":[5],"tags":[32,33,1347,2787,98,36,37,27,49,34,35,28,31,25,42,38,40,7980,39,41,1005,80,29,30,26,7981],"class_list":{"0":"post-26079","1":"post","2":"type-post","3":"status-publish","4":"format-standard","5":"has-post-thumbnail","7":"category-naglowki","8":"tag-breaking-news","9":"tag-breakingnews","10":"tag-damian-cygan","11":"tag-dania","12":"tag-dorzeczy","13":"tag-featured-news","14":"tag-featurednews","15":"tag-headlines","16":"tag-kraj","17":"tag-latest-news","18":"tag-latestnews","19":"tag-naglowki","20":"tag-najwazniejsze-artykuly","21":"tag-news","22":"tag-pl","23":"tag-poland","24":"tag-polish","25":"tag-polscy-zolnierze","26":"tag-polska","27":"tag-polski","28":"tag-prezydent","29":"tag-swiat","30":"tag-top-stories","31":"tag-topstories","32":"tag-wiadomosci","33":"tag-zagraniczna-misja"},"share_on_mastodon":{"url":"","error":""},"_links":{"self":[{"href":"https:\/\/www.europesays.com\/pl\/wp-json\/wp\/v2\/posts\/26079","targetHints":{"allow":["GET"]}}],"collection":[{"href":"https:\/\/www.europesays.com\/pl\/wp-json\/wp\/v2\/posts"}],"about":[{"href":"https:\/\/www.europesays.com\/pl\/wp-json\/wp\/v2\/types\/post"}],"author":[{"embeddable":true,"href":"https:\/\/www.europesays.com\/pl\/wp-json\/wp\/v2\/users\/2"}],"replies":[{"embeddable":true,"href":"https:\/\/www.europesays.com\/pl\/wp-json\/wp\/v2\/comments?post=26079"}],"version-history":[{"count":0,"href":"https:\/\/www.europesays.com\/pl\/wp-json\/wp\/v2\/posts\/26079\/revisions"}],"wp:featuredmedia":[{"embeddable":true,"href":"https:\/\/www.europesays.com\/pl\/wp-json\/wp\/v2\/media\/26080"}],"wp:attachment":[{"href":"https:\/\/www.europesays.com\/pl\/wp-json\/wp\/v2\/media?parent=26079"}],"wp:term":[{"taxonomy":"category","embeddable":true,"href":"https:\/\/www.europesays.com\/pl\/wp-json\/wp\/v2\/categories?post=26079"},{"taxonomy":"post_tag","embeddable":true,"href":"https:\/\/www.europesays.com\/pl\/wp-json\/wp\/v2\/tags?post=26079"}],"curies":[{"name":"wp","href":"https:\/\/api.w.org\/{rel}","templated":true}]}}