{"id":260985,"date":"2026-02-15T15:51:11","date_gmt":"2026-02-15T15:51:11","guid":{"rendered":"https:\/\/www.europesays.com\/pl\/260985\/"},"modified":"2026-02-15T15:51:11","modified_gmt":"2026-02-15T15:51:11","slug":"aktualizacja-ios-26-3-dla-iphoneow-ulatwia-przesiadke-na-androida-a-na-tym-niespodzianek-nie-koniec","status":"publish","type":"post","link":"https:\/\/www.europesays.com\/pl\/260985\/","title":{"rendered":"Aktualizacja iOS 26.3 dla iPhone&#8217;\u00f3w&#8230; u\u0142atwia przesiadk\u0119 na Androida. A na tym niespodzianek nie koniec"},"content":{"rendered":"\n<p> Jakie zmiany wprowadza aktualizacja iOS 26.3? <\/p>\n<p> Czy aktualizacja pozwala na \u0142atwe parowanie s\u0142uchawek? <\/p>\n<p> Czy mog\u0119 przesy\u0142a\u0107 powiadomienia z iPhone&#8217;a na urz\u0105dzenia innych producent\u00f3w? <\/p>\n<p> Jakie s\u0105 nowe funkcje dotycz\u0105ce lokalizacji w iOS 26.3? <\/p>\n<p>  Poza standardowymi poprawkami zwi\u0105zanymi ze zwi\u0119kszaniem bezpiecze\u0144stwa i \u0142ataniem luk, Apple wprowadza kilka zaskakuj\u0105cych usprawnie\u0144. Po pierwsze \u2014 od teraz powiadomienia z iPhone\u2019a b\u0119d\u0105 mog\u0142y by\u0107 przesy\u0142ane tak\u017ce na urz\u0105dzenia innych producent\u00f3w \u2014 tj. je\u017celi macie iPhone\u2019a i np. opask\u0119 od Garmina czy Xiaomi, b\u0119dziecie mogli je zintegrowa\u0107 tak\u017ce w obszarze notyfikacji. Aktualizacja pozwala tak\u017ce na \u0142atwe, zbli\u017ceniowe parowanie <a href=\"https:\/\/www.komputerswiat.pl\/audio-i-video\/sluchawki\/najlepsze-sluchawki-dokanalowe-z-anc-oto-zakupowe-pewniaki\/l39920j\" id=\"9a453861-9b39-46a3-ac93-49728402c6e0\" rel=\"nofollow noopener\" target=\"_blank\">bezprzewodowych s\u0142uchawek<\/a>. Gdy chcieli\u015bmy zrobi\u0107 to z czym\u015b innym ni\u017c AirPodsy \u2014 zwykle by\u0142 z tym spory problem i trzeba by\u0142o robi\u0107 to na oko\u0142o. Teraz, bez wzgl\u0119du na producenta, wystarczy oba urz\u0105dzenia do siebie po prostu zbli\u017cy\u0107.    <\/p>\n<p>W system wbudowano tak\u017ce nowe, specjalne narz\u0119dzie u\u0142atwiaj\u0105ce migracj\u0119 danych z iPhone\u2019a na smartfon z Androidem \u2014 dla tych z was, kt\u00f3rzy chcieliby zmieni\u0107 ekosystem. Wreszcie, cho\u0107 w Polsce to na razie niedost\u0119pne, iOS 26.3 wprowadza funkcj\u0119 ukrywania dok\u0142adnej lokalizacji przed naszym operatorem kom\u00f3rkowym. Gdy j\u0105 aktywujemy \u2014 operator nie wie, na jakiej ulicy si\u0119 dok\u0142adnie znajdujemy, a zamiast tego wysy\u0142ane s\u0105 jedynie informacje o szerszym, og\u00f3lnym obszarze.<\/p>\n<p>Aktualizacja powinna zainstalowa\u0107 si\u0119 u was samodzielnie ju\u017c na dniach, ale mo\u017cecie j\u0105 oczywi\u015bcie tak\u017ce wymusi\u0107 z poziomu ustawie\u0144. Wa\u017cy nieca\u0142e 5 GB.<\/p>\n","protected":false},"excerpt":{"rendered":"Jakie zmiany wprowadza aktualizacja iOS 26.3? Czy aktualizacja pozwala na \u0142atwe parowanie s\u0142uchawek? Czy mog\u0119 przesy\u0142a\u0107 powiadomienia z&hellip;\n","protected":false},"author":2,"featured_media":260986,"comment_status":"","ping_status":"","sticky":false,"template":"","format":"standard","meta":{"footnotes":"","_share_on_mastodon":"0"},"categories":[20],"tags":[489,6659,6203,6204,48,120,118,119,46,42,38,40,39,41,116,114,115,47,6205,121,117],"class_list":["post-260985","post","type-post","status-publish","format-standard","has-post-thumbnail","category-nauka-i-technika","tag-apple","tag-ios","tag-iphone","tag-mobile","tag-nat_styl","tag-nauka","tag-nauka-i-technika","tag-naukatechnika","tag-omp","tag-pl","tag-poland","tag-polish","tag-polska","tag-polski","tag-science","tag-science-and-technology","tag-sciencetechnology","tag-screening_general","tag-smartfony","tag-technika","tag-technology"],"share_on_mastodon":{"url":"https:\/\/pubeurope.com\/@pl\/116075448426840268","error":""},"_links":{"self":[{"href":"https:\/\/www.europesays.com\/pl\/wp-json\/wp\/v2\/posts\/260985","targetHints":{"allow":["GET"]}}],"collection":[{"href":"https:\/\/www.europesays.com\/pl\/wp-json\/wp\/v2\/posts"}],"about":[{"href":"https:\/\/www.europesays.com\/pl\/wp-json\/wp\/v2\/types\/post"}],"author":[{"embeddable":true,"href":"https:\/\/www.europesays.com\/pl\/wp-json\/wp\/v2\/users\/2"}],"replies":[{"embeddable":true,"href":"https:\/\/www.europesays.com\/pl\/wp-json\/wp\/v2\/comments?post=260985"}],"version-history":[{"count":0,"href":"https:\/\/www.europesays.com\/pl\/wp-json\/wp\/v2\/posts\/260985\/revisions"}],"wp:featuredmedia":[{"embeddable":true,"href":"https:\/\/www.europesays.com\/pl\/wp-json\/wp\/v2\/media\/260986"}],"wp:attachment":[{"href":"https:\/\/www.europesays.com\/pl\/wp-json\/wp\/v2\/media?parent=260985"}],"wp:term":[{"taxonomy":"category","embeddable":true,"href":"https:\/\/www.europesays.com\/pl\/wp-json\/wp\/v2\/categories?post=260985"},{"taxonomy":"post_tag","embeddable":true,"href":"https:\/\/www.europesays.com\/pl\/wp-json\/wp\/v2\/tags?post=260985"}],"curies":[{"name":"wp","href":"https:\/\/api.w.org\/{rel}","templated":true}]}}