{"id":261493,"date":"2026-02-15T22:41:08","date_gmt":"2026-02-15T22:41:08","guid":{"rendered":"https:\/\/www.europesays.com\/pl\/261493\/"},"modified":"2026-02-15T22:41:08","modified_gmt":"2026-02-15T22:41:08","slug":"to-bedzie-przelom-trump-zapowiada-historyczny-ruch","status":"publish","type":"post","link":"https:\/\/www.europesays.com\/pl\/261493\/","title":{"rendered":"&#8222;To b\u0119dzie prze\u0142om&#8221;. Trump zapowiada historyczny ruch"},"content":{"rendered":"\n<p>&#13;<br \/>\nTak\u0105 wiadomo\u015b\u0107 og\u0142osi\u0142 w\u00a0niedziel\u0119 prezydent USA Donald Trump. Wed\u0142ug niego nowa organizacja ma\u00a0odegra\u0107 prze\u0142omow\u0105 rol\u0119 w\u00a0mi\u0119dzynarodowej polityce bezpiecze\u0144stwa. &#13;\n<\/p>\n<p>&#8222;Nieograniczony potencja\u0142 Rady Pokoju&#8221;<\/p>\n<p>&#13;<br \/>\nTrump przekaza\u0142 nowe informacje na\u00a0temat Rady Pokoju za\u00a0po\u015brednictwem wpisu opublikowanego na\u00a0platformie Truth Social. Podkre\u015bli\u0142 w\u00a0nim, \u017ce\u00a0Rada Pokoju ma\u00a0&#8222;nieograniczony potencja\u0142&#8221;, a\u00a0przedstawiony wcze\u015bniej plan trwa\u0142ego zako\u0144czenia konfliktu w\u00a0Gazie zosta\u0142, jak zaznaczy\u0142, jednog\u0142o\u015bnie przyj\u0119ty przez Rad\u0119 Bezpiecze\u0144stwa ONZ. &#13;\n<\/p>\n<p>&#13;<br \/>\nZ zapowiedzi wynika, \u017ce\u00a0pa\u0144stwa cz\u0142onkowskie nie\u00a0tylko przeznacz\u0105 ponad 5\u00a0miliard\u00f3w dolar\u00f3w na\u00a0odbudow\u0119 Gazy i\u00a0pomoc humanitarn\u0105, ale\u00a0tak\u017ce skieruj\u0105 tysi\u0105ce os\u00f3b do\u00a0Mi\u0119dzynarodowych Si\u0142 Stabilizacyjnych oraz\u00a0lokalnej policji. Ich zadaniem ma\u00a0by\u0107 utrzymanie bezpiecze\u0144stwa i\u00a0stabilno\u015bci w\u00a0regionie. Trump zaznaczy\u0142 jednocze\u015bnie, \u017ce\u00a0po\u00a0zako\u0144czeniu wojny na\u00a0Bliskim Wschodzie kluczowe znaczenie ma\u00a0pe\u0142na demilitaryzacja Hamasu i\u00a0dotrzymanie wcze\u015bniejszych zobowi\u0105za\u0144. &#13;\n<\/p>\n<p>Nowa organizacja z\u00a0globalnymi ambicjami<\/p>\n<p>&#13;<br \/>\nRada Pokoju zosta\u0142a oficjalnie powo\u0142ana 23 stycznia. W\u015br\u00f3d pa\u0144stw za\u0142o\u017cycielskich znalaz\u0142y si\u0119 m.in. USA, Arabia Saudyjska, Pakistan, Indonezja, Turcja, Katar oraz\u00a0Zjednoczone Emiraty Arabskie, a\u00a0tak\u017ce szereg pa\u0144stw z\u00a0Europy, Azji i\u00a0Ameryki Po\u0142udniowej. &#13;\n<\/p>\n<p>&#13;<br \/>\nCz\u0119\u015b\u0107 globalnych pot\u0119g oraz\u00a0tradycyjnych zachodnich sojusznik\u00f3w USA podchodzi jednak do\u00a0inicjatywy z\u00a0rezerw\u0105. Obawy dotycz\u0105 przede wszystkim mo\u017cliwo\u015bci rozszerzenia dzia\u0142alno\u015bci Rady Pokoju na\u00a0inne konflikty mi\u0119dzynarodowe, co\u00a0mog\u0142oby oznacza\u0107 rywalizacj\u0119 z\u00a0Organizacj\u0105 Narod\u00f3w Zjednoczonych. Mimo sceptycyzmu cz\u0119\u015bci pa\u0144stw Trump przekonuje, \u017ce\u00a0Rada Pokoju stanie si\u0119 &#8222;najbardziej znacz\u0105cym mi\u0119dzynarodowym organem w\u00a0historii&#8221;, a\u00a0kierowanie ni\u0105 okre\u015bli\u0142 jako wielki zaszczyt &#13;\n<\/p>\n<p>Niejasne deklaracje Polski Rady Pokoju?<\/p>\n<p>&#13;<br \/>\nPrezydent RP Karol Nawrocki wzi\u0105\u0142 udzia\u0142 w\u00a0inauguracji Rady Pokoju, kt\u00f3ra odby\u0142a si\u0119 na\u00a0szczycie ekonomicznym w\u00a0Davos. G\u0142owa pa\u0144stwa nie\u00a0podpisa\u0142a jednak \u017cadnych dokument\u00f3w o\u00a0przyst\u0105pieniu do\u00a0tej inicjatywy. &#13;\n<\/p>\n<p>&#13;<br \/>\nW minion\u0105 \u015brod\u0119 przed posiedzeniem Rady Bezpiecze\u0144stwa Narodowego premier Donald <a href=\"https:\/\/dorzeczy.pl\/kraj\/844373\/polska-odrzuca-propozycje-trumpa-tusk-nie-przystapimy-do-prac-rady-pokoju.html\" rel=\"nofollow noopener\" target=\"_blank\">Tusk o\u015bwiadczy\u0142,<\/a> \u017ce\u00a0Polska nie\u00a0skorzysta z\u00a0zaproszenia Donalda Trumpa i\u00a0nie we\u017amie udzia\u0142u w\u00a0pracach Rady Pokoju. \u2013\u00a0To\u00a0chyba ten moment, \u017ceby do\u015b\u0107 jednoznacznie i\u00a0wyra\u017anie powiedzie\u0107, \u017ce\u00a0w\u00a0obecnych okoliczno\u015bciach, je\u015bli chodzi o\u00a0zasady, statut tej rady, bezpo\u015brednie cele, g\u0142\u00f3wnie zwi\u0105zane z\u00a0odbudow\u0105 Gazy, pewne w\u0105tpliwo\u015bci o\u00a0charakterze, powiedzia\u0142bym, ustrojowym je\u015bli chodzi o\u00a0kszta\u0142t tej rady, powoduj\u0105, \u017ce\u00a0w\u00a0tych okoliczno\u015bciach Polska nie\u00a0przyst\u0105pi do\u00a0prac Rady ds. Pokoju \u2013\u00a0kontynuowa\u0142 premier. &#13;\n<\/p>\n<p>&#13;<br \/>\nW trakcie konferencji Tusk powiedzia\u0142 r\u00f3wnie\u017c, \u017ce\u00a0&#8222;je\u015bli pan prezydent jako \u015bwiadek zdecyduje si\u0119 uczestniczy\u0107 w\u00a0spotkaniu w\u00a0USA 19 lutego, to\u00a0oczywi\u015bcie otrzyma od\u00a0rz\u0105du pe\u0142ne dossier na\u00a0temat tego, jak post\u0119powa\u0107&#8221;. &#13;\n<\/p>\n<p>&#13;<br \/>\nCzytaj te\u017c:<br \/><a href=\"https:\/\/dorzeczy.pl\/opinie\/846371\/rymanowski-przeprasza-po-wywiadzie-z-karolem-nawrockim.html\" rel=\"follow nofollow noopener\" data-schema=\"DORZECZY\" data-image=\"https:\/\/img.dorzeczy.pl\/_thumb\/f1\/29\/57e31e3df81245a738e675b8c57b.jpeg\" target=\"_blank\">Rymanowski przeprasza po\u00a0wywiadzie z\u00a0Karolem Nawrockim<\/a>Czytaj te\u017c:<br \/><a href=\"https:\/\/dorzeczy.pl\/opinie\/846377\/nawrocki-o-broni-jadrowej-natychmiastowa-reakcja-rosji.html\" rel=\"follow nofollow noopener\" data-schema=\"DORZECZY\" data-image=\"https:\/\/img.dorzeczy.pl\/_thumb\/50\/3b\/c391ea72440b41cf6120171cba60.jpeg\" target=\"_blank\">Burza po\u00a0s\u0142owach Nawrockiego o\u00a0broni j\u0105drowej. Natychmiastowa reakcja Rosji<\/a>Czytaj te\u017c:<br \/><a href=\"https:\/\/dorzeczy.pl\/opinie\/846332\/mocna-riposta-tuska-odpowiedzial-nawrockiemu-o-wnuczkach.html\" rel=\"follow nofollow noopener\" data-schema=\"DORZECZY\" data-image=\"https:\/\/img.dorzeczy.pl\/_thumb\/59\/77\/8291f73367e6772c654c45b00523.jpeg\" target=\"_blank\">Mocna riposta Tuska. Odpowiedzia\u0142 na\u00a0s\u0142owa Nawrockiego o\u00a0wnuczkach<\/a>&#13;<\/p>\n","protected":false},"excerpt":{"rendered":"&#13; Tak\u0105 wiadomo\u015b\u0107 og\u0142osi\u0142 w\u00a0niedziel\u0119 prezydent USA Donald Trump. Wed\u0142ug niego nowa organizacja ma\u00a0odegra\u0107 prze\u0142omow\u0105 rol\u0119 w\u00a0mi\u0119dzynarodowej polityce&hellip;\n","protected":false},"author":2,"featured_media":261494,"comment_status":"","ping_status":"","sticky":false,"template":"","format":"standard","meta":{"footnotes":"","_share_on_mastodon":"0"},"categories":[5],"tags":[32,33,1835,98,36,37,27,34,35,28,31,25,1191,102,42,38,40,39,41,8725,40570,891,80,29,30,45059,26],"class_list":["post-261493","post","type-post","status-publish","format-standard","has-post-thumbnail","category-naglowki","tag-breaking-news","tag-breakingnews","tag-donald-trump","tag-dorzeczy","tag-featured-news","tag-featurednews","tag-headlines","tag-latest-news","tag-latestnews","tag-naglowki","tag-najwazniejsze-artykuly","tag-news","tag-onz","tag-opinie","tag-pl","tag-poland","tag-polish","tag-polska","tag-polski","tag-przelom","tag-rada-pokoju","tag-strefa-gazy","tag-swiat","tag-top-stories","tag-topstories","tag-usa-stany-zjednoczone","tag-wiadomosci"],"share_on_mastodon":{"url":"https:\/\/pubeurope.com\/@pl\/116077060733737200","error":""},"_links":{"self":[{"href":"https:\/\/www.europesays.com\/pl\/wp-json\/wp\/v2\/posts\/261493","targetHints":{"allow":["GET"]}}],"collection":[{"href":"https:\/\/www.europesays.com\/pl\/wp-json\/wp\/v2\/posts"}],"about":[{"href":"https:\/\/www.europesays.com\/pl\/wp-json\/wp\/v2\/types\/post"}],"author":[{"embeddable":true,"href":"https:\/\/www.europesays.com\/pl\/wp-json\/wp\/v2\/users\/2"}],"replies":[{"embeddable":true,"href":"https:\/\/www.europesays.com\/pl\/wp-json\/wp\/v2\/comments?post=261493"}],"version-history":[{"count":0,"href":"https:\/\/www.europesays.com\/pl\/wp-json\/wp\/v2\/posts\/261493\/revisions"}],"wp:featuredmedia":[{"embeddable":true,"href":"https:\/\/www.europesays.com\/pl\/wp-json\/wp\/v2\/media\/261494"}],"wp:attachment":[{"href":"https:\/\/www.europesays.com\/pl\/wp-json\/wp\/v2\/media?parent=261493"}],"wp:term":[{"taxonomy":"category","embeddable":true,"href":"https:\/\/www.europesays.com\/pl\/wp-json\/wp\/v2\/categories?post=261493"},{"taxonomy":"post_tag","embeddable":true,"href":"https:\/\/www.europesays.com\/pl\/wp-json\/wp\/v2\/tags?post=261493"}],"curies":[{"name":"wp","href":"https:\/\/api.w.org\/{rel}","templated":true}]}}