{"id":261545,"date":"2026-02-15T23:14:07","date_gmt":"2026-02-15T23:14:07","guid":{"rendered":"https:\/\/www.europesays.com\/pl\/261545\/"},"modified":"2026-02-15T23:14:07","modified_gmt":"2026-02-15T23:14:07","slug":"dramatyczne-doniesienia-ze-strefy-gazy-izrael-znow-zaatakowal","status":"publish","type":"post","link":"https:\/\/www.europesays.com\/pl\/261545\/","title":{"rendered":"Dramatyczne doniesienia ze Strefy Gazy. Izrael zn\u00f3w zaatakowa\u0142"},"content":{"rendered":"\n<p>&#13;<br \/>\nTak wynika z\u00a0najnowszych doniesie\u0144 medialnych i\u00a0informacji przekazywanych przez lokalne s\u0142u\u017cby medyczne. Kilkana\u015bcie os\u00f3b zosta\u0142o rannych. W\u015br\u00f3d ofiar maj\u0105 znajdowa\u0107 si\u0119 cywile, w\u00a0tym kobiety i\u00a0dzieci. &#13;\n<\/p>\n<p> Uderzono w\u00a0strefy pobytu uchod\u017ac\u00f3w <\/p>\n<p>&#13;<br \/>\nAtaki obj\u0119\u0142y m.in. ob\u00f3z namiotowy dla\u00a0przesiedlonych rodzin na\u00a0p\u00f3\u0142nocy Strefy Gazy oraz\u00a0okolice miasta Chan Junus na\u00a0po\u0142udniu. Wed\u0142ug palesty\u0144skich s\u0142u\u017cb ratunkowych jeden z\u00a0nalot\u00f3w uderzy\u0142 bezpo\u015brednio w\u00a0namiot przeznaczony dla\u00a0uchod\u017ac\u00f3w. \u015awiadkowie relacjonuj\u0105, \u017ce\u00a0cz\u0119\u015b\u0107 ofiar zosta\u0142a trafiona podczas snu. Przedstawiciele Hamasu okre\u015blili naloty jako powa\u017cne z\u0142amanie zawieszenia broni i\u00a0element eskalacji dzia\u0142a\u0144 militarnych. Organizacja podkre\u015bla, \u017ce\u00a0ataki dotkn\u0119\u0142y przede wszystkim ludno\u015b\u0107 cywiln\u0105. &#13;\n<\/p>\n<p>&#13;<br \/>\nIzraelskie Si\u0142y Obronne przekaza\u0142y, \u017ce\u00a0operacja by\u0142a odpowiedzi\u0105 na\u00a0naruszenie warunk\u00f3w zawieszenia broni przez Hamas. Wed\u0142ug strony izraelskiej bojownicy mieli przekroczy\u0107 tzw. &#8222;\u017c\u00f3\u0142t\u0105 lini\u0119&#8221; \u2013\u00a0stref\u0119 buforow\u0105 ustalon\u0105 w\u00a0ramach rozejmu zawartego w\u00a0pa\u017adzierniku 2025 roku \u2013\u00a0oraz\u00a0pojawi\u0107 si\u0119 w\u00a0pobli\u017cu pozycji izraelskich \u017co\u0142nierzy, prawdopodobnie po\u00a0opuszczeniu podziemnej infrastruktury. &#13;\n<\/p>\n<p> Po\u00a0og\u0142oszeniu rozejmu nadal gin\u0105 ludzie <\/p>\n<p>&#13;<br \/>\nWed\u0142ug ministerstwa zdrowia Strefy Gazy, kontrolowanego przez Hamas, od\u00a0momentu zawarcia rozejmu w\u00a0pa\u017adzierniku 2025 roku w\u00a0wyniku izraelskich dzia\u0142a\u0144 zbrojnych zgin\u0119\u0142o co\u00a0najmniej 600 os\u00f3b. Dane te\u00a0nie s\u0105 niezale\u017cnie weryfikowane, jednak podobne szacunki pojawiaj\u0105 si\u0119 w\u00a0relacjach cz\u0119\u015bci medi\u00f3w i\u00a0organizacji humanitarnych. &#13;\n<\/p>\n<p>&#13;<br \/>\nDo atak\u00f3w dosz\u0142o na\u00a0kr\u00f3tko przed og\u0142oszonymi w\u00a0niedziel\u0119 przez prezydenta Stan\u00f3w Zjednoczonych Donalda Trumpa inicjatywami, dotycz\u0105cymi pomocy humanitarnej i\u00a0<a href=\"https:\/\/dorzeczy.pl\/opinie\/846380\/to-bedzie-przelom-trump-zapowiada-historyczny-ruch.html\" rel=\"nofollow noopener\" target=\"_blank\">odbudowy Strefy Gazy<\/a>. Z\u00a0zapowiedzi wynika, \u017ce\u00a0pa\u0144stwa cz\u0142onkowskie nie\u00a0tylko przeznacz\u0105 ponad 5\u00a0miliard\u00f3w dolar\u00f3w na\u00a0odbudow\u0119 Gazy i\u00a0pomoc humanitarn\u0105, ale\u00a0tak\u017ce skieruj\u0105 tysi\u0105ce os\u00f3b do\u00a0Mi\u0119dzynarodowych Si\u0142 Stabilizacyjnych oraz\u00a0lokalnej policji. Ich zadaniem ma\u00a0by\u0107 utrzymanie bezpiecze\u0144stwa i\u00a0stabilno\u015bci w\u00a0regionie. Trump zaznaczy\u0142 jednocze\u015bnie, \u017ce\u00a0po\u00a0zako\u0144czeniu wojny na\u00a0Bliskim Wschodzie kluczowe znaczenie ma\u00a0pe\u0142na demilitaryzacja Hamasu i\u00a0dotrzymanie wcze\u015bniejszych zobowi\u0105za\u0144. &#13;\n<\/p>\n<p>&#13;<br \/>\nCzytaj te\u017c:<br \/><a href=\"https:\/\/dorzeczy.pl\/opinie\/841577\/wojna-zabrala-im-wszystko-dzieci-walcza-o-zycie-w-strefie-gazy.html\" rel=\"follow nofollow noopener\" data-schema=\"DORZECZY\" data-image=\"https:\/\/img.dorzeczy.pl\/_thumb\/6e\/11\/02a7f46727e9b3fd39c6d6e77cb6.jpeg\" target=\"_blank\">Wojna zabra\u0142a im\u00a0wszystko. Dzieci walcz\u0105 o\u00a0\u017cycie w\u00a0Strefie Gazy<\/a>Czytaj te\u017c:<br \/><a href=\"https:\/\/dorzeczy.pl\/opinie\/846380\/to-bedzie-przelom-trump-zapowiada-historyczny-ruch.html\" rel=\"follow nofollow noopener\" data-schema=\"DORZECZY\" data-image=\"https:\/\/img.dorzeczy.pl\/_thumb\/ce\/83\/86f909c594bxx7e870e9a22ae613.jpeg\" target=\"_blank\">&#8222;To b\u0119dzie prze\u0142om&#8221;. Trump zapowiada historyczny ruch Rady Pokoju<\/a>&#13;<\/p>\n","protected":false},"excerpt":{"rendered":"&#13; Tak wynika z\u00a0najnowszych doniesie\u0144 medialnych i\u00a0informacji przekazywanych przez lokalne s\u0142u\u017cby medyczne. Kilkana\u015bcie os\u00f3b zosta\u0142o rannych. W\u015br\u00f3d ofiar&hellip;\n","protected":false},"author":2,"featured_media":261546,"comment_status":"","ping_status":"","sticky":false,"template":"","format":"standard","meta":{"footnotes":"","_share_on_mastodon":"0"},"categories":[14],"tags":[32,33,1835,98,213,27,91,34,35,28,31,23100,25,103,45067,40,41,891,80,29,30,2224,26,82,83,84],"class_list":["post-261545","post","type-post","status-publish","format-standard","has-post-thumbnail","category-swiat","tag-breaking-news","tag-breakingnews","tag-donald-trump","tag-dorzeczy","tag-hamas","tag-headlines","tag-izrael","tag-latest-news","tag-latestnews","tag-naglowki","tag-najwazniejsze-artykuly","tag-naloty","tag-news","tag-obserwator-mediow","tag-ofiary-cywilne","tag-polish","tag-polski","tag-strefa-gazy","tag-swiat","tag-top-stories","tag-topstories","tag-uchodzcy","tag-wiadomosci","tag-world","tag-world-news","tag-worldnews"],"share_on_mastodon":{"url":"https:\/\/pubeurope.com\/@pl\/116077190534481785","error":""},"_links":{"self":[{"href":"https:\/\/www.europesays.com\/pl\/wp-json\/wp\/v2\/posts\/261545","targetHints":{"allow":["GET"]}}],"collection":[{"href":"https:\/\/www.europesays.com\/pl\/wp-json\/wp\/v2\/posts"}],"about":[{"href":"https:\/\/www.europesays.com\/pl\/wp-json\/wp\/v2\/types\/post"}],"author":[{"embeddable":true,"href":"https:\/\/www.europesays.com\/pl\/wp-json\/wp\/v2\/users\/2"}],"replies":[{"embeddable":true,"href":"https:\/\/www.europesays.com\/pl\/wp-json\/wp\/v2\/comments?post=261545"}],"version-history":[{"count":0,"href":"https:\/\/www.europesays.com\/pl\/wp-json\/wp\/v2\/posts\/261545\/revisions"}],"wp:featuredmedia":[{"embeddable":true,"href":"https:\/\/www.europesays.com\/pl\/wp-json\/wp\/v2\/media\/261546"}],"wp:attachment":[{"href":"https:\/\/www.europesays.com\/pl\/wp-json\/wp\/v2\/media?parent=261545"}],"wp:term":[{"taxonomy":"category","embeddable":true,"href":"https:\/\/www.europesays.com\/pl\/wp-json\/wp\/v2\/categories?post=261545"},{"taxonomy":"post_tag","embeddable":true,"href":"https:\/\/www.europesays.com\/pl\/wp-json\/wp\/v2\/tags?post=261545"}],"curies":[{"name":"wp","href":"https:\/\/api.w.org\/{rel}","templated":true}]}}