{"id":261741,"date":"2026-02-16T06:22:07","date_gmt":"2026-02-16T06:22:07","guid":{"rendered":"https:\/\/www.europesays.com\/pl\/261741\/"},"modified":"2026-02-16T06:22:07","modified_gmt":"2026-02-16T06:22:07","slug":"petru-zapowiada-zmiany-kolejne-trzesienie-w-polsce-2050","status":"publish","type":"post","link":"https:\/\/www.europesays.com\/pl\/261741\/","title":{"rendered":"Petru zapowiada &#8222;zmiany&#8221;. Kolejne trz\u0119sienie w Polsce 2050?"},"content":{"rendered":"\n<p>&#13;<br \/>\nW sobot\u0119 na\u00a0Radzie Krajowej Polski 2050 przyj\u0119to uchwa\u0142\u0119 blokuj\u0105c\u0105 zmiany w\u00a0klubie parlamentarnym, do\u00a0czasu partyjnego zjazdu zaplanowanego na\u00a0koniec marca. W\u0142adze ugrupowania przekonywa\u0142y, \u017ce\u00a0decyzja ma\u00a0uspokoi\u0107 wewn\u0119trzny konflikt, jednak cz\u0119\u015b\u0107 polityk\u00f3w ocenia j\u0105 jako pr\u00f3b\u0119 zablokowania zmian personalnych w\u00a0kierownictwie klubu. &#13;\n<\/p>\n<p> Tajemniczy wpis Petru <\/p>\n<p>&#13;<br \/>\nNowe spekulacje wywo\u0142a\u0142 kr\u00f3tki wpis Ryszarda Petru w\u00a0mediach spo\u0142eczno\u015bciowych. &#8222;Czas na\u00a0zmiany&#8221; \u2013\u00a0napisa\u0142 polityk, nie\u00a0rozwijaj\u0105c swojej my\u015bli mimo pyta\u0144 dziennikarzy. Wpis pojawi\u0142 si\u0119 w\u00a0momencie narastaj\u0105cych napi\u0119\u0107 w\u00a0partii i\u00a0zosta\u0142 odebrany jako mo\u017cliwy sygna\u0142 zmian personalnych lub\u00a0politycznych. &#13;\n<\/p>\n<p>&#13;<br \/>\ntwitter&#13;\n<\/p>\n<p>&#13;<br \/>\nOd soboty 14 lutego pojawiaj\u0105 si\u0119 sygna\u0142y o\u00a0mo\u017cliwym powa\u017cnym kryzysie w\u00a0ugrupowaniu. Z\u00a0Polski 2050 <a href=\"https:\/\/dorzeczy.pl\/opinie\/846020\/cwalina-sliwowska-opuszcza-polske-2050-uderza-w-pelczynska-nalecz.html\" rel=\"nofollow noopener\" target=\"_blank\">odesz\u0142a wczoraj<\/a> \u017baneta Cwalina-\u015aliwowska, kt\u00f3ra jako pow\u00f3d wskaza\u0142a przyj\u0119t\u0105 uchwa\u0142\u0119. Pos\u0142anka zrezygnowa\u0142a z\u00a0cz\u0142onkostwa w\u00a0partii, pozostaj\u0105c jednocze\u015bnie w\u00a0klubie parlamentarnym. Mo\u017cliwo\u015b\u0107 odej\u015bcia z\u00a0ugrupowania rozwa\u017ca tak\u017ce Aleksandra Leo. W\u00a0rozmowie z\u00a0Polsat News zapowiedzia\u0142a, \u017ce\u00a0decyzj\u0119 w\u00a0sprawie swojej przysz\u0142o\u015bci podejmie w\u00a0ci\u0105gu kilku dni. Jak podkre\u015bli\u0142a, nie\u00a0jest jedyn\u0105 osob\u0105 analizuj\u0105c\u0105 taki scenariusz, a\u00a0grupa parlamentarzyst\u00f3w mo\u017ce wsp\u00f3lnie zdecydowa\u0107 o\u00a0dalszych losach w\u00a0partii. Przyj\u0119t\u0105 uchwa\u0142\u0119 okre\u015bli\u0142a jako &#8222;kaga\u0144cow\u0105&#8221; i\u00a0symboliczny koniec formacji w\u00a0dotychczasowym kszta\u0142cie. &#13;\n<\/p>\n<p> Uchwa\u0142a kaga\u0144cowa <\/p>\n<p>&#13;<br \/>\nDokument przyj\u0119ty przez Rad\u0119 Krajow\u0105 przewiduje m.in. zawieszenie post\u0119powa\u0144 dyscyplinarnych, wstrzymanie zmian kadrowych w\u00a0organach partyjnych oraz\u00a0ograniczenie formalnych zmian w\u00a0strukturach powi\u0105zanych z\u00a0ugrupowaniem. W\u00a0praktyce oznacza zamro\u017cenie planowanych roszad personalnych, w\u00a0tym pr\u00f3b odwo\u0142ania przewodnicz\u0105cego klubu parlamentarnego, o\u00a0co zabiega\u0142a cz\u0119\u015b\u0107 pos\u0142\u00f3w. &#13;\n<\/p>\n<p>&#13;<br \/>\nWed\u0142ug relacji uczestnik\u00f3w spotkania po\u00a0przegranym g\u0142osowaniu cz\u0119\u015b\u0107 polityk\u00f3w, w\u00a0tym Paulina Hennig-Kloska, demonstracyjnie opu\u015bci\u0142a posiedzenie. W\u0142adze partii zapowiadaj\u0105 jednak pr\u00f3by deeskalacji konfliktu i\u00a0rozmowy mi\u0119dzy frakcjami dotycz\u0105ce przysz\u0142ego funkcjonowania klubu parlamentarnego. &#13;\n<\/p>\n<p>&#13;<br \/>\nCzytaj te\u017c:<br \/><a href=\"https:\/\/dorzeczy.pl\/opinie\/846008\/w-polsce-2050-znow-wrze-hennig-kloska-opuscila-spotkanie.html\" rel=\"follow nofollow noopener\" data-schema=\"DORZECZY\" data-image=\"https:\/\/img.dorzeczy.pl\/_thumb\/9f\/69\/9823027f7d9bfed18xx81eb50226.jpeg\" target=\"_blank\">W Polsce 2050 zn\u00f3w wrze? Hennig-Kloska opu\u015bci\u0142a spotkanie<\/a>Czytaj te\u017c:<br \/><a href=\"https:\/\/dorzeczy.pl\/opinie\/846053\/aleksandra-leo-moze-opuscic-polske-2050-podobny-ruch-rozwaza-grupa-poslow.html\" rel=\"follow nofollow noopener\" data-schema=\"DORZECZY\" data-image=\"https:\/\/img.dorzeczy.pl\/_thumb\/db\/74\/aa4c7cbde82eddb8d3481cd06981.jpeg\" target=\"_blank\">Polsce 2050 grozi rozpad. Kolejni politycy mog\u0105 odej\u015b\u0107<\/a>&#13;<\/p>\n","protected":false},"excerpt":{"rendered":"&#13; W sobot\u0119 na\u00a0Radzie Krajowej Polski 2050 przyj\u0119to uchwa\u0142\u0119 blokuj\u0105c\u0105 zmiany w\u00a0klubie parlamentarnym, do\u00a0czasu partyjnego zjazdu zaplanowanego na\u00a0koniec&hellip;\n","protected":false},"author":2,"featured_media":261742,"comment_status":"","ping_status":"","sticky":false,"template":"","format":"standard","meta":{"footnotes":"","_share_on_mastodon":"0"},"categories":[12],"tags":[41057,32,33,98,36,37,27,7657,10502,49,34,35,28,31,25,11173,102,42,38,40,39,331,41,42187,29,30,26],"class_list":["post-261741","post","type-post","status-publish","format-standard","has-post-thumbnail","category-polska","tag-aleksandra-leo","tag-breaking-news","tag-breakingnews","tag-dorzeczy","tag-featured-news","tag-featurednews","tag-headlines","tag-hennig-kloska","tag-katarzyna-pelczynska-nalecz","tag-kraj","tag-latest-news","tag-latestnews","tag-naglowki","tag-najwazniejsze-artykuly","tag-news","tag-odejscie","tag-opinie","tag-pl","tag-poland","tag-polish","tag-polska","tag-polska-2050","tag-polski","tag-ryszard-petru","tag-top-stories","tag-topstories","tag-wiadomosci"],"share_on_mastodon":{"url":"https:\/\/pubeurope.com\/@pl\/116078873490241217","error":""},"_links":{"self":[{"href":"https:\/\/www.europesays.com\/pl\/wp-json\/wp\/v2\/posts\/261741","targetHints":{"allow":["GET"]}}],"collection":[{"href":"https:\/\/www.europesays.com\/pl\/wp-json\/wp\/v2\/posts"}],"about":[{"href":"https:\/\/www.europesays.com\/pl\/wp-json\/wp\/v2\/types\/post"}],"author":[{"embeddable":true,"href":"https:\/\/www.europesays.com\/pl\/wp-json\/wp\/v2\/users\/2"}],"replies":[{"embeddable":true,"href":"https:\/\/www.europesays.com\/pl\/wp-json\/wp\/v2\/comments?post=261741"}],"version-history":[{"count":0,"href":"https:\/\/www.europesays.com\/pl\/wp-json\/wp\/v2\/posts\/261741\/revisions"}],"wp:featuredmedia":[{"embeddable":true,"href":"https:\/\/www.europesays.com\/pl\/wp-json\/wp\/v2\/media\/261742"}],"wp:attachment":[{"href":"https:\/\/www.europesays.com\/pl\/wp-json\/wp\/v2\/media?parent=261741"}],"wp:term":[{"taxonomy":"category","embeddable":true,"href":"https:\/\/www.europesays.com\/pl\/wp-json\/wp\/v2\/categories?post=261741"},{"taxonomy":"post_tag","embeddable":true,"href":"https:\/\/www.europesays.com\/pl\/wp-json\/wp\/v2\/tags?post=261741"}],"curies":[{"name":"wp","href":"https:\/\/api.w.org\/{rel}","templated":true}]}}