{"id":261778,"date":"2026-02-16T06:46:26","date_gmt":"2026-02-16T06:46:26","guid":{"rendered":"https:\/\/www.europesays.com\/pl\/261778\/"},"modified":"2026-02-16T06:46:26","modified_gmt":"2026-02-16T06:46:26","slug":"zacznie-sie-o-2000-kinowy-hit-z-ocena-81-dzis-wieczorem-w-telewizji-rmf-fm","status":"publish","type":"post","link":"https:\/\/www.europesays.com\/pl\/261778\/","title":{"rendered":"Zacznie si\u0119 o 20:00. Kinowy hit z ocen\u0105 8,1 dzi\u015b wieczorem w telewizji! :: RMF FM"},"content":{"rendered":"<p>Walentynki nie s\u0105 waszym ulubionym \u015bwi\u0119tem i wcale nie macie ochoty ogl\u0105da\u0107 dzi\u015b komedii romantycznej o idealnej mi\u0142o\u015bci? W takim razie sprawd\u017acie, jak\u0105 filmow\u0105 propozycj\u0119 ma na dzi\u015b kana\u0142 Stopklatka. Ten wci\u0105gaj\u0105cy thriller Davida Finchera docenili widzowie z ca\u0142ego \u015bwiata.<\/p>\n<p>&#13;<br \/>\n\tProgram telewizyjny na dzi\u015b<\/p>\n<p>&#13;<br \/>\n\t\u201eZaginiona dziewczyna\u201d w re\u017cyserii Davida Finchera to niepokoj\u0105cy thriller psychologiczny, kt\u00f3ry zaczyna si\u0119 jak historia o tajemniczym zagini\u0119ciu, a szybko przeradza si\u0119 w bezlitosn\u0105 analiz\u0119 ma\u0142\u017ce\u0144stwa i medialnej manipulacji. Film b\u0119dzie mo\u017cna obejrze\u0107 w telewizji\u00a0\u2013 w sobot\u0119 14 lutego wyemituje go Stopklatka. Start emisji: 20:00.\u00a0<\/p>\n<p>&#13;<br \/>\n\t\u201eZaginiona dziewczyna\u201d re\u017c. David Fincher<\/p>\n<p>&#13;<br \/>\n\tW dniu pi\u0105tej rocznicy \u015blubu znika Amy Dunne. W domu wida\u0107 \u015blady szarpaniny, a jej m\u0105\u017c Nick zg\u0142asza zagini\u0119cie na policj\u0119. Sprawa natychmiast przyci\u0105ga uwag\u0119 medi\u00f3w, a m\u0119\u017cczyzna \u2013 pocz\u0105tkowo postrzegany jako zrozpaczony partner \u2013 stopniowo staje si\u0119 g\u0142\u00f3wnym podejrzanym. Jego niesp\u00f3jne zeznania, ch\u0142odne zachowanie i ujawniane sekrety rzucaj\u0105 cie\u0144 na ich zwi\u0105zek. Opinia publiczna szybko wydaje wyrok.<\/p>\n<p>&#13;<br \/>\n\tR\u00f3wnolegle poznajemy fragmenty pami\u0119tnika Amy, kt\u00f3re ods\u0142aniaj\u0105 kulisy ich relacji \u2013 od romantycznego pocz\u0105tku po narastaj\u0105ce rozczarowanie i konflikty. Jednak im wi\u0119cej fakt\u00f3w wychodzi na jaw, tym mniej oczywista staje si\u0119 prawda.\u00a0<\/p>\n<p>&#13;<br \/>\n\tOscarowa nominacja dla Rosamund Pike<\/p>\n<p>&#13;<br \/>\n\tW Nicka wciela si\u0119 Ben Affleck, a anga\u017c jako Amy otrzyma\u0142a Rosamund Pike\u00a0\u2013 widzowie do tej pory uwa\u017caj\u0105, \u017ce jest to najlepszy wyst\u0119p w ca\u0142ej jej karierze. Dowodem na to jest mi\u0119dzy innymi nominacja do Oscara, kt\u00f3r\u0105 Rosamund otrzyma\u0142a w 2015 roku. Walk\u0119 o statuetk\u0119 przegra\u0142a jednak z\u00a0Julianne Moore.<\/p>\n<p><a href=\"https:\/\/www.rmf.fm\/rozrywka\/filmy-i-seriale\/news,88351,juz-nie-bridgertonowie-oto-nowy-serialowy-hit-netflixa.html\" rel=\"nofollow noopener\" target=\"_blank\"><img decoding=\"async\" src=\"https:\/\/www.europesays.com\/pl\/wp-content\/uploads\/2026\/02\/5930a1c955e216c9ff86f6c1a413cbb3.jpg\" width=\"290\"\/><\/a><a href=\"https:\/\/www.rmf.fm\/rozrywka\/filmy-i-seriale\/news,88351,juz-nie-bridgertonowie-oto-nowy-serialowy-hit-netflixa.html\" rel=\"nofollow noopener\" target=\"_blank\">Ju\u017c nie \u201eBridgertonowie\u201d! Oto nowy serialowy hit Netflixa<\/a><\/p>\n<p>Zmiany w zestawieniu Netflixa dotycz\u0105cym najch\u0119tniej ogl\u0105danych przez Polak\u00f3w seriali. Tym razem na szczycie znalaz\u0142a si\u0119 niemiecka produkcja o szpiegach, kt\u00f3rzy zn\u00f3w znale\u017ali si\u0119 w niebezpiecze\u0144stwie.<\/p>\n<p>&#13;<br \/>\n\tFilm oceniany jest bardzo wysoko \u2013 u\u017cytkownicy portalu Filmweb przyznali mu \u015bredni\u0105 7,8\/10.\u00a0 Nota w zagranicznym serwisie IMDb jest jeszcze wy\u017csza i wynosi 8,1\/10.<\/p>\n","protected":false},"excerpt":{"rendered":"Walentynki nie s\u0105 waszym ulubionym \u015bwi\u0119tem i wcale nie macie ochoty ogl\u0105da\u0107 dzi\u015b komedii romantycznej o idealnej mi\u0142o\u015bci?&hellip;\n","protected":false},"author":2,"featured_media":261779,"comment_status":"","ping_status":"","sticky":false,"template":"","format":"standard","meta":{"footnotes":"","_share_on_mastodon":"0"},"categories":[22],"tags":[122,42,38,40,39,41,45124,36397,25065,123,45123],"class_list":["post-261778","post","type-post","status-publish","format-standard","has-post-thumbnail","category-rozrywka","tag-entertainment","tag-pl","tag-poland","tag-polish","tag-polska","tag-polski","tag-program-teelwizyjny","tag-program-telewizyjny-na-dzis","tag-program-tv","tag-rozrywka","tag-zaginiona-dziewczyna"],"share_on_mastodon":{"url":"https:\/\/pubeurope.com\/@pl\/116078967698627141","error":""},"_links":{"self":[{"href":"https:\/\/www.europesays.com\/pl\/wp-json\/wp\/v2\/posts\/261778","targetHints":{"allow":["GET"]}}],"collection":[{"href":"https:\/\/www.europesays.com\/pl\/wp-json\/wp\/v2\/posts"}],"about":[{"href":"https:\/\/www.europesays.com\/pl\/wp-json\/wp\/v2\/types\/post"}],"author":[{"embeddable":true,"href":"https:\/\/www.europesays.com\/pl\/wp-json\/wp\/v2\/users\/2"}],"replies":[{"embeddable":true,"href":"https:\/\/www.europesays.com\/pl\/wp-json\/wp\/v2\/comments?post=261778"}],"version-history":[{"count":0,"href":"https:\/\/www.europesays.com\/pl\/wp-json\/wp\/v2\/posts\/261778\/revisions"}],"wp:featuredmedia":[{"embeddable":true,"href":"https:\/\/www.europesays.com\/pl\/wp-json\/wp\/v2\/media\/261779"}],"wp:attachment":[{"href":"https:\/\/www.europesays.com\/pl\/wp-json\/wp\/v2\/media?parent=261778"}],"wp:term":[{"taxonomy":"category","embeddable":true,"href":"https:\/\/www.europesays.com\/pl\/wp-json\/wp\/v2\/categories?post=261778"},{"taxonomy":"post_tag","embeddable":true,"href":"https:\/\/www.europesays.com\/pl\/wp-json\/wp\/v2\/tags?post=261778"}],"curies":[{"name":"wp","href":"https:\/\/api.w.org\/{rel}","templated":true}]}}