{"id":261786,"date":"2026-02-16T06:53:15","date_gmt":"2026-02-16T06:53:15","guid":{"rendered":"https:\/\/www.europesays.com\/pl\/261786\/"},"modified":"2026-02-16T06:53:15","modified_gmt":"2026-02-16T06:53:15","slug":"robert-stockinger-ujawnil-w-sprawie-swojego-nazwiska-tylko-w-naszej-linii","status":"publish","type":"post","link":"https:\/\/www.europesays.com\/pl\/261786\/","title":{"rendered":"Robert Stockinger ujawni\u0142 w sprawie swojego nazwiska. &#8222;Tylko w naszej linii&#8221;"},"content":{"rendered":"<p class=\"Paragraph_desktopParagraph__U31Gm\">W sieci ju\u017c od dawna poruszana jest kwestia nazwiska s\u0142ynnej rodziny. Jak stwierdzi\u0142 sam <a href=\"https:\/\/plejada.pl\/temat\/robert-stockinger\/90c78cl\" id=\"b1c6ecbb-9968-403b-a0b2-a5826fd06d88\" rel=\"nofollow noopener\" target=\"_blank\">Robert Stockinger<\/a>, ludzie uwa\u017caj\u0105 je za &#8222;niemiecko brzmi\u0105ce i trudne do zapisania&#8221;. &#8222;Ju\u017c wiele razy pytali\u015bcie mnie, sk\u0105d to dziwne nazwisko. Wszystko dzi\u0119ki dziadkowi mojego dziadka Andrzeja&#8221; \u2014 wyzna\u0142.<\/p>\n<ul class=\"OchatFollowUps_wrapper__1ry7X\">\n<li class=\"OchatFollowUps_item__Dhyly OchatFollowUps_itemDesktop__R6aBv\">Co Robert Stockinger ujawnili o swoim nazwisku?<\/li>\n<li class=\"OchatFollowUps_item__Dhyly OchatFollowUps_itemDesktop__R6aBv\">Jakie s\u0105 korzenie nazwiska Stockinger?<\/li>\n<li class=\"OchatFollowUps_item__Dhyly OchatFollowUps_itemDesktop__R6aBv\">Jak\u0105 rol\u0119 w rodzinie odgrywa Tomasz Stockinger?<\/li>\n<li class=\"OchatFollowUps_item__Dhyly OchatFollowUps_itemDesktop__R6aBv\">Gdzie pracowa\u0142 Mateusz Stockinger w XIX wieku?<\/li>\n<\/ul>\n<p>Robert Stockinger o historii swojego nazwiska. Mo\u017cna si\u0119 pogubi\u0107 <\/p>\n<blockquote>\n<p class=\"Paragraph_desktopParagraph__U31Gm\">Mateusz Stockinger, pod koniec XIX wieku przeprowadzi\u0142 si\u0119 z Berlina do Kr\u00f3lestwa Polskiego. Do Warszawy przyjecha\u0142 jako zdun, stawia\u0107 piece kaflowe, czyli za chlebem, pracowa\u0107, bo niemieccy rzemie\u015blnicy byli bardzo cenieni w zaborze rosyjskim. O\u017ceni\u0142 si\u0119 z El\u017cbiet\u0105 i mieli czworo dzieci, ale tylko w naszej linii dalej istnieje nazwisko Stockinger \u2014 po ich synu Ryszardzie, jego synu Andrzeju, jego synu Tomaszu, mnie i moim synu Adamie <\/p>\n<\/blockquote>\n<p class=\"Paragraph_desktopParagraph__U31Gm\">\u2014 podzieli\u0142 si\u0119 z internautami zagmatwan\u0105 histori\u0105 za po\u015brednictwem Instagrama.<\/p>\n<p class=\"Paragraph_desktopParagraph__U31Gm\">Przy okazji opowie\u015bci Robert Stockinger zaprezentowa\u0142 r\u00f3wnie\u017c kilka archiwalnych fotografii swoich przodk\u00f3w. Jak wydedukowa\u0142 prezenter, nazwisko do\u015b\u0107 jasno wskazuje, czym zajmowali si\u0119 jego pradziadowie.<\/p>\n<p><img decoding=\"async\" class=\"Image_image__0tuHp Image_autoHeight__f2n87 \" height=\"587\" width=\"325\" src=\"https:\/\/www.europesays.com\/pl\/wp-content\/uploads\/2026\/02\/xRik9kpTURBXy84MDkwMDk1Y2Y3NTBkZWJhMThmZTU4ZDEwYjA4M2Q2Zi5wbmeTlQPNAtTNAUrNAWzNApCVAs0DrADCw5UCAM0CS.jpeg\" alt=\"Robert Stockinger na Instagramie\" loading=\"lazy\" \/>https:\/\/www.instagram.com\/rob_stocky\/<\/p>\n<p>Robert Stockinger na Instagramie<\/p>\n<p class=\"Paragraph_desktopParagraph__U31Gm\">&#8222;Tak w og\u00f3le to \u00bbstock\u00ab po niemiecku oznacza \u00bbpie\u0144\u00ab, czyli przodkowie Mateusza prawdopodobnie byli drwalami. Samo nazwisko Stockinger dzi\u015b jest du\u017co bardziej popularne w Austrii ni\u017c w Niemczech, a za spraw\u0105 jednej rodziny, ca\u0142kiem rozpoznawalne tak\u017ce w Polsce&#8221; \u2014 podsumowa\u0142 prowadz\u0105cy &#8222;Pytania na \u015bniadanie&#8221;.<\/p>\n<p class=\"Paragraph_desktopParagraph__U31Gm\">Stockingerowie to jeden z najpopularniejszych klan\u00f3w artystycznych w Polsce. Najwi\u0119ksz\u0105 rozpoznawalno\u015bci\u0105 cieszy si\u0119 niew\u0105tpliwie ojciec Roberta, <a href=\"https:\/\/plejada.pl\/temat\/tomasz-stockinger\/vm85je6\" id=\"30eabcd8-d5b1-42f7-9d57-b638fef77aa8\" rel=\"nofollow noopener\" target=\"_blank\">Tomasz Stockinger<\/a>, kt\u00f3ry zadebiutowa\u0142 na ekranie ju\u017c w latach 70. XX wieku, a widzowie kojarz\u0105 go g\u0142\u00f3wnie z postaci\u0105 Paw\u0142a Lubicza z &#8222;Klanu&#8221;, w kt\u00f3r\u0105 odgrywa ju\u017c od prawie trzech dekad.<\/p>\n<p class=\"Paragraph_desktopParagraph__U31Gm\">R\u00f3wnie\u017c dziadek Roberta Stockingera, Andrzej, zas\u0142u\u017cy\u0142 si\u0119 polskiej bran\u017cy artystycznej \u2014 od 1949 r. do niemal\u017ce samej \u015bmierci w 1993 r., by\u0142 cenionym wokalist\u0105 i aktorem, zwi\u0105zanym z wieloma warszawskimi teatrami.<\/p>\n<p><img decoding=\"async\" class=\"Image_image__0tuHp Image_autoHeight__f2n87 \" height=\"587\" width=\"327\" src=\"https:\/\/www.europesays.com\/pl\/wp-content\/uploads\/2026\/02\/FUMk9kpTURBXy81NTI2MWMyOGNiM2Y2ZmMxOWY3MmUxOTZjMmZkNTE4OS5wbmeTlQPNAs7NAULNAXTNApqVAs0DrADCw5UCAM0CS.jpeg\" alt=\"Robert Stockinger na Instagramie\" loading=\"lazy\" \/>https:\/\/www.instagram.com\/rob_stocky\/<\/p>\n<p>Robert Stockinger na Instagramie<\/p>\n<p class=\"Paragraph_desktopParagraph__U31Gm\">Cho\u0107 Robert Stockinger pochodzi z jednej z najs\u0142ynniejszych rodzin artystycznych w Polsce, id\u0105c w\u0142asnymi \u015bcie\u017ckami, ju\u017c od samego pocz\u0105tku zwi\u0105za\u0142 swoj\u0105 karier\u0119 z dziennikarstwem. Pierwsze medialne do\u015bwiadczenia zdobywa\u0142 w radiu uniwersyteckim, a w 2011 r. zwi\u0105za\u0142 si\u0119 ze stacj\u0105 TVN24. Dwa lata p\u00f3\u017aniej rozpocz\u0105\u0142 wsp\u00f3\u0142prac\u0119 z &#8222;<a href=\"https:\/\/plejada.pl\/temat\/dzien-dobry-tvn\/wd8ew6d\" id=\"48e173d8-9734-4bd8-94e0-0ad0a8239d0e\" rel=\"nofollow noopener\" target=\"_blank\">Dzie\u0144 dobry TVN<\/a>&#8221; \u2014 pocz\u0105tkowo pojawia\u0142 si\u0119 na antenie w roli reportera, a z czasem zosta\u0142 wsp\u00f3\u0142prowadz\u0105cym.<\/p>\n<p class=\"Paragraph_desktopParagraph__U31Gm\">W 2024 r., po 13 latach pracy w TVN, podj\u0105\u0142 decyzj\u0119 o przej\u015bciu do Telewizji Polskiej, gdzie do dzi\u015b jest jednym z prowadz\u0105cych &#8222;<a href=\"https:\/\/plejada.pl\/temat\/pytanie-na-sniadanie\/3mqbclq#google_vignette\" id=\"dd54f3dc-29ea-449c-96af-8b96930826f9\" rel=\"nofollow noopener\" target=\"_blank\">Pytania na \u015bniadanie<\/a>&#8221; i to w\u0142a\u015bnie ta praca zagwarantowa\u0142a mu najwi\u0119ksz\u0105 rozpoznawalno\u015b\u0107.<\/p>\n<p><img decoding=\"async\" class=\"Image_image__0tuHp Image_autoHeight__f2n87 \" height=\"587\" width=\"331\" src=\"https:\/\/www.europesays.com\/pl\/wp-content\/uploads\/2026\/02\/rrxk9kpTURBXy84Mjk3MGEwYTBjNGQ2NzFhZDhmZDY5OWRlYTRmZjJkNS5wbmeTlQPNAtLNAULNAXTNApKVAs0DrADCw5UCAM0CS.jpeg\" alt=\"Robert Stockinger na Instagramie\" loading=\"lazy\" \/>https:\/\/www.instagram.com\/rob_stocky\/<\/p>\n<p>Robert Stockinger na Instagramie<\/p>\n<p><img decoding=\"async\" class=\"Image_image__0tuHp Image_autoHeight__f2n87 \" height=\"587\" width=\"326\" src=\"https:\/\/www.europesays.com\/pl\/wp-content\/uploads\/2026\/02\/rWjk9kpTURBXy9hNGY1ZWFhMzA1NzcwMDdhYzUyMWE0NzVlODQ0OGMzNy5wbmeTlQPNAtTNAUTNAXDNApaVAs0DrADCw5UCAM0CS.jpeg\" alt=\"Robert Stockinger na Instagramie\" loading=\"lazy\" \/>https:\/\/www.instagram.com\/rob_stocky\/<\/p>\n<p>Robert Stockinger na Instagramie<\/p>\n<p><img decoding=\"async\" class=\"Image_image__0tuHp Image_autoHeight__f2n87 \" height=\"587\" width=\"328\" src=\"https:\/\/www.europesays.com\/pl\/wp-content\/uploads\/2026\/02\/J_ak9kpTURBXy85OTQ5MDJiYzU0N2FiNTIzZWUyYTM4ZjY3MWVhYzg3ZC5wbmeTlQPNAtDNAUTNAXDNApKVAs0DrADCw5UCAM0CS.jpeg\" alt=\"Robert Stockinger na Instagramie\" loading=\"lazy\" \/>https:\/\/www.instagram.com\/rob_stocky\/<\/p>\n<p>Robert Stockinger na Instagramie<\/p>\n<p class=\"Paragraph_desktopParagraph__U31Gm\">Dzi\u0119kujemy, \u017ce przeczyta\u0142a\u015b\/e\u015b nasz artyku\u0142 do ko\u0144ca. W serwisie Plejada.pl ka\u017cdego dnia piszemy o najwa\u017cniejszych wydarzeniach show-biznesowych. B\u0105d\u017a na bie\u017c\u0105co! <a rel=\"nofollow noopener\" href=\"https:\/\/profile.google.com\/cp\/Cg0vZy8xMWJ6X19wdHBx\" id=\"d7652a63-ae06-4a0a-8221-3e933ea27366\" target=\"_blank\">Obserwuj<\/a> Plejad\u0119 w Google. Odwied\u017a nas tak\u017ce na <a rel=\"nofollow noopener\" href=\"https:\/\/www.facebook.com\/plejadapl\" id=\"8ba59f78-dad5-4dfc-9ff7-83111c57ff60\" target=\"_blank\">Facebooku<\/a>, <a rel=\"nofollow noopener\" href=\"https:\/\/www.instagram.com\/plejadapl\/\" id=\"3b502b5c-885c-4ed7-8813-9271352013c1\" target=\"_blank\">Instagramie<\/a>, <a rel=\"nofollow noopener\" href=\"https:\/\/www.youtube.com\/c\/plejada\" id=\"abcedc49-a6a1-42b2-a9b4-41bf8d4260ad\" target=\"_blank\">YouTubie<\/a> oraz <a rel=\"nofollow noopener\" href=\"https:\/\/www.tiktok.com\/@plejada_pl\" id=\"0d0fc9ed-5eae-4888-872e-a936a8d5146c\" target=\"_blank\">TikToku<\/a>.<\/p>\n<p class=\"Paragraph_desktopParagraph__U31Gm\">Chcesz podzieli\u0107 si\u0119 ciekawym newsem lub zaproponowa\u0107 temat? Skontaktuj si\u0119 z nami, pisz\u0105c maila na adres: <a href=\"https:\/\/www.onet.pl\/styl-zycia\/plejada\/robert-stockinger-ujawnil-w-sprawie-swojego-nazwiska-tylko-w-naszej-linii\/mailto:plejada@redakcjaonet.pl\" id=\"8c4937c5-ea63-4e74-891a-9f3453596ae1\" rel=\"nofollow noopener\" target=\"_blank\">plejada@redakcjaon<\/a><a rel=\"nofollow noopener\" href=\"http:\/\/et.pl\" id=\"5efc2681-d547-46a2-9cbc-9c696dd4c235\" target=\"_blank\">et.pl<\/a>.<\/p>\n<p><script async src=\"\/\/www.instagram.com\/embed.js\"><\/script><script async src=\"\/\/www.tiktok.com\/embed.js\"><\/script><\/p>\n","protected":false},"excerpt":{"rendered":"W sieci ju\u017c od dawna poruszana jest kwestia nazwiska s\u0142ynnej rodziny. Jak stwierdzi\u0142 sam Robert Stockinger, ludzie uwa\u017caj\u0105&hellip;\n","protected":false},"author":2,"featured_media":261787,"comment_status":"","ping_status":"","sticky":false,"template":"","format":"standard","meta":{"footnotes":"","_share_on_mastodon":"0"},"categories":[22],"tags":[244,122,67,53,52,68,51,55,42,38,40,39,41,13800,123,47,196,13801,65,50],"class_list":["post-261786","post","type-post","status-publish","format-standard","has-post-thumbnail","category-rozrywka","tag-ctr_tst","tag-entertainment","tag-intextvideo_splayer","tag-new_header","tag-onet3","tag-onet3d","tag-onet3d_2i","tag-phx","tag-pl","tag-poland","tag-polish","tag-polska","tag-polski","tag-robert_stockinger","tag-rozrywka","tag-screening_general","tag-styl_zycia","tag-tomasz_stockinger","tag-update_me","tag-v2021"],"share_on_mastodon":{"url":"https:\/\/pubeurope.com\/@pl\/116078995357399239","error":""},"_links":{"self":[{"href":"https:\/\/www.europesays.com\/pl\/wp-json\/wp\/v2\/posts\/261786","targetHints":{"allow":["GET"]}}],"collection":[{"href":"https:\/\/www.europesays.com\/pl\/wp-json\/wp\/v2\/posts"}],"about":[{"href":"https:\/\/www.europesays.com\/pl\/wp-json\/wp\/v2\/types\/post"}],"author":[{"embeddable":true,"href":"https:\/\/www.europesays.com\/pl\/wp-json\/wp\/v2\/users\/2"}],"replies":[{"embeddable":true,"href":"https:\/\/www.europesays.com\/pl\/wp-json\/wp\/v2\/comments?post=261786"}],"version-history":[{"count":0,"href":"https:\/\/www.europesays.com\/pl\/wp-json\/wp\/v2\/posts\/261786\/revisions"}],"wp:featuredmedia":[{"embeddable":true,"href":"https:\/\/www.europesays.com\/pl\/wp-json\/wp\/v2\/media\/261787"}],"wp:attachment":[{"href":"https:\/\/www.europesays.com\/pl\/wp-json\/wp\/v2\/media?parent=261786"}],"wp:term":[{"taxonomy":"category","embeddable":true,"href":"https:\/\/www.europesays.com\/pl\/wp-json\/wp\/v2\/categories?post=261786"},{"taxonomy":"post_tag","embeddable":true,"href":"https:\/\/www.europesays.com\/pl\/wp-json\/wp\/v2\/tags?post=261786"}],"curies":[{"name":"wp","href":"https:\/\/api.w.org\/{rel}","templated":true}]}}