{"id":262330,"date":"2026-02-16T11:58:11","date_gmt":"2026-02-16T11:58:11","guid":{"rendered":"https:\/\/www.europesays.com\/pl\/262330\/"},"modified":"2026-02-16T11:58:11","modified_gmt":"2026-02-16T11:58:11","slug":"cios-w-trumpa-kanada-buduje-nowy-sojusz-wymierzony-w-usa-dawny-przyjaciel-odwraca-sie-od-amerykanow-2","status":"publish","type":"post","link":"https:\/\/www.europesays.com\/pl\/262330\/","title":{"rendered":"Cios w Trumpa. Kanada buduje nowy sojusz wymierzony w USA. Dawny przyjaciel odwraca si\u0119 od Amerykan\u00f3w"},"content":{"rendered":"<p>Dwa najwi\u0119ksze bloki handlowe na \u015bwiecie d\u0105\u017c\u0105 do porozumienia, kt\u00f3re po\u0142\u0105czy \u0142a\u0144cuchy dostaw kraj\u00f3w takich jak Kanada, Singapur, Meksyk, Japonia, Wietnam, Malezja i Australia z Europ\u0105. Nowy sojusz zbli\u017cy do siebie prawie 40 pa\u0144stw po\u0142o\u017conych po przeciwnych stronach globu.<\/p>\n<p>Jak dowiedzia\u0142o si\u0119 POLITICO, grupy biznesowe w ca\u0142ej Europie coraz g\u0142o\u015bniej wyra\u017caj\u0105 swoje poparcie dla porozumienia i naciskaj\u0105 na Bruksel\u0119 i Londyn, aby kontynuowa\u0142y prace. Umowa wytr\u0105ci karty z r\u0105k Donaldowi Trumpowi \u2014 udowadniaj\u0105c, \u017ce sojusznicy jednocz\u0105 si\u0119 mimo brutalnej presji USA.<\/p>\n<p>Dwa najwi\u0119ksze bloki handlowe \u2014 UE oraz kraje Kompleksowego i post\u0119powego porozumienia o partnerstwie transpacyficznym (CPTPP) \u2014 na \u015bwiecie rozwa\u017caj\u0105 zacie\u015bnienie wi\u0119zi, aby obej\u015b\u0107 <a href=\"https:\/\/wiadomosci.onet.pl\/swiat\/donald-trump-znow-porusza-temat-cel-pisze-o-kanadzie-i-republikanach\/mrfgxdf\" id=\"c5e1411a-9cce-42f1-8e84-224067333099\" rel=\"nofollow noopener\" target=\"_blank\">c\u0142a nak\u0142adane przez Donalda Trumpa<\/a>.   <\/p>\n<p>Jak poinformowa\u0142o POLITICO wiele os\u00f3b zaznajomionych z trwaj\u0105cymi rozmowami, premier Kanady przewodzi rozmowom mi\u0119dzy UE a du\u017cym blokiem handlowym Indo-Pacyfiku. W zesz\u0142ym miesi\u0105cu kanadyjski premier Mark Carney wezwa\u0142 kraje \u015bredniej wielko\u015bci do przeciwstawienia si\u0119 presji handlowej USA.<\/p>\n<p>Zrobi\u0142 to kilka dni po tym, jak Trump zagrozi\u0142 podwy\u017cszeniem ce\u0142 na europejskich sojusznik\u00f3w Danii, je\u015bli nie zrzeknie si\u0119 ona Grenlandii.<\/p>\n<p>    Dalszy ci\u0105g artyku\u0142u pod materia\u0142em wideo Ottawa &#8222;wspiera wysi\u0142ki na rzecz zbudowania mostu mi\u0119dzy Partnerstwem Transpacyficznym a Uni\u0105 Europejsk\u0105, co doprowadzi\u0142oby do powstania nowego bloku handlowego obejmuj\u0105cego 1,5 mld ludzi&#8221; \u2014<a href=\"https:\/\/wiadomosci.onet.pl\/swiat\/mocne-przemowienie-premiera-kanady-dawny-porzadek-swiata-sie-zalamuje\/s88x8b9\" id=\"4cbb166f-0847-433c-9cf5-6062b37fb13a\" rel=\"nofollow noopener\" target=\"_blank\"> powiedzia\u0142 Carney \u015bwiatowym przyw\u00f3dcom<\/a> i globalnej elicie biznesowej w Davos.   <\/p>\n<p>Porozumienie umo\u017cliwi\u0142oby producentom z obu blok\u00f3w bardziej p\u0142ynn\u0105 wymian\u0119 towar\u00f3w i ich cz\u0119\u015bci z zastosowaniem niskich ce\u0142. Propozycj\u0119 tej umowy popieraj\u0105 m.in. Niemiecka Izba Przemys\u0142owo-Handlowa (DIHK) oraz Brytyjska Izba Handlowa.<\/p>\n<p>&#8222;Sytuacja staje si\u0119 naprawd\u0119 bardzo interesuj\u0105ca&#8221;<\/p>\n<p>Na pocz\u0105tku tego miesi\u0105ca premier Kanady Carney wys\u0142a\u0142 swojego osobistego przedstawiciela w Unii Europejskiej, Johna Hannaforda, do Singapuru, aby zebra\u0142 opinie regionalnych przyw\u00f3dc\u00f3w na temat potencjalnego porozumienia.<\/p>\n<p> <img decoding=\"async\" src=\"https:\/\/www.europesays.com\/pl\/wp-content\/uploads\/2026\/02\/AGnk9lBaHR0cHM6Ly9vY2RuLmV1L3B1bHNjbXMvTURBXy82YjJhYTBmZTY2M2E1YmZiMzkzNTFmNjQzYjE2YzdmZC5qcGeRlQLNB.jpeg\" height=\"627\" width=\"940\" alt=\"Premier Kanady Mark Carney\" loading=\"lazy\" class=\"ods-c-image__img ods-c-image__img--viewport-width\"\/> <\/p>\n<p>Premier Kanady Mark CarneyMert Alper Dervis\/Anadolu Agency via Getty Images \/ Getty Images<\/p>\n<p>&#8222;Prace zdecydowanie posuwaj\u0105 si\u0119 naprz\u00f3d&#8221; \u2014 powiedzia\u0142 przedstawiciel kanadyjskiego rz\u0105du w rozmowie z serwisem POLITICO. &#8222;Przeprowadzili\u015bmy bardzo owocne rozmowy na ten temat z innymi partnerami na ca\u0142ym \u015bwiecie&#8221;.<\/p>\n<p>UE i kraje Indo-Pacyfiku postanowi\u0142y w listopadzie ubieg\u0142ego roku <a href=\"https:\/\/wiadomosci.onet.pl\/swiat\/wielkie-przetasowanie-juz-nie-usa-i-chiny-francuski-ekonomista-mowi-o-trzeciej-drodze\/754hh18\" id=\"d829ec27-63a6-4099-8ba5-2644d0cd5316\" rel=\"nofollow noopener\" target=\"_blank\">po\u0142\u0105czy\u0107 swoje si\u0142y gospodarcze, aby przeciwdzia\u0142a\u0107 fragmentacji wolnego handlu<\/a> w nast\u0119pstwie wprowadzenia przez Trumpa ce\u0142 w <a href=\"https:\/\/wiadomosci.onet.pl\/swiat\/donald-trump-oglosil-pakiet-cel-dzien-wyzwolenia\/l45tf9j\" id=\"5247b44e-4498-4d97-9b5f-a18fcefa2547\" rel=\"nofollow noopener\" target=\"_blank\">&#8222;dniu wyzwolenia&#8221;<\/a> w kwietniu ubieg\u0142ego roku.   &#8222;Widzimy du\u017c\u0105 warto\u015b\u0107 w zwi\u0119kszeniu handlu mi\u0119dzy UE a CPTPP, co przyczyni\u0142oby si\u0119 r\u00f3wnie\u017c do wzmocnienia odporno\u015bci \u0142a\u0144cucha dostaw&#8221; \u2014 powiedzia\u0142 w rozmowie z POLITICO japo\u0144ski urz\u0119dnik do spraw handlu, kt\u00f3ry chcia\u0142 zachowa\u0107 anonimowo\u015b\u0107. Doda\u0142, \u017ce <a href=\"https:\/\/www.onet.pl\/informacje\/onetwiadomosci\/japonia-w-punkcie-zwrotnym-jej-premier-dostala-historyczna-szanse-teraz-moze-stac-sie\/xhrjx1q,79cfc278\" id=\"1f92eff5-b5f9-49cd-ab8d-6ac42831b351\" rel=\"nofollow noopener\" target=\"_blank\">porozumienie jest dla Tokio interesuj\u0105c\u0105 perspektyw\u0105<\/a>, ale &#8222;w kr\u00f3tkim okresie nie mo\u017cna oczekiwa\u0107 konkretnych rezultat\u00f3w&#8221;.<\/p>\n<p>&#8222;UE jest gotowa do rozm\u00f3w, a to oczywi\u015bcie sprawia to, \u017ce sytuacja staje si\u0119 naprawd\u0119 bardzo interesuj\u0105ca&#8221; \u2014 powiedzia\u0142 dyplomata do spraw handlu z innego kraju CPTPP.<\/p>\n<p>\u2014 W UE niekt\u00f3rzy urz\u0119dnicy s\u0105 &#8222;bardzo zainteresowani&#8221; zawarciem umowy \u2014 powiedzia\u0142 w rozmowie z POLITICO przedstawiciel biznesu, kt\u00f3ry jest zaznajomiony z trwaj\u0105cymi rozmowami handlowymi.<\/p>\n<p>Chocia\u017c porozumienie &#8222;jest rzeczywi\u015bcie cz\u0119\u015bci\u0105 szerokiego zakresu wsp\u00f3\u0142pracy mi\u0119dzy UE a CPTPP&#8221;, potwierdzi\u0142 w rozmowie z POLITICO urz\u0119dnik UE, &#8222;nie jest ono obecnie priorytetem&#8221;. Bardziej pilne dyskusje koncentruj\u0105 si\u0119 na &#8222;konkretnych wynikach&#8221; w zakresie zbli\u017cenia \u0142a\u0144cuch\u00f3w dostaw w obu blokach i wzmocnienia dywersyfikacji handlu mi\u0119dzy ich cz\u0142onkami.<\/p>\n<p>\u2014 W obu blokach kwestie te s\u0105 &#8222;omawiane wewn\u0119trznie&#8221;, ale nie s\u0105 jeszcze przedmiotem publicznej dyskusji \u2014 powiedzia\u0142 Klemens Kober, dyrektor do spraw polityki handlowej, ce\u0142 UE i stosunk\u00f3w transatlantyckich w Stowarzyszeniu Niemieckich Izb Przemys\u0142owych i Handlowych [DIHK, organizacja zrzesza 79 podmiot\u00f3w reprezentuj\u0105cych niemieckie przedsi\u0119biorstwa]. &#8222;Wszyscy zainteresowani gracze przygl\u0105daj\u0105 si\u0119 tej sprawie&#8221;.<\/p>\n<p>&#8222;Je\u015bli w ramach tych negocjacji uda si\u0119 skupi\u0107 na jak najwi\u0119kszej harmonizacji i uproszczeniu tych zasad, mo\u017ce to okaza\u0107 si\u0119 korzystne dla niemieckich przedsi\u0119biorstw&#8221; \u2014 stwierdzi\u0142 Kober. Wskaza\u0142, \u017ce UE ma umowy o wolnym handlu z wi\u0119kszo\u015bci\u0105 cz\u0142onk\u00f3w CPTPP, w tym z Now\u0105 Zelandi\u0105, Japoni\u0105, Wielk\u0105 Brytani\u0105 i Kanad\u0105. &#8222;Mo\u017cliwo\u015b\u0107 po\u0142\u0105czenia korzy\u015bci z r\u00f3\u017cnych um\u00f3w o wolnym handlu jest bardzo przydatna&#8221;.<\/p>\n<p>&#8222;Mamy nadziej\u0119, \u017ce je\u015bli to si\u0119 powiedzie i b\u0119d\u0105 widoczne konkretne korzy\u015bci w r\u00f3\u017cnych obszarach, mo\u017ce to zach\u0119ci\u0107 inne kraje do przy\u0142\u0105czenia si\u0119 i nawi\u0105zania pozytywnej wsp\u00f3\u0142pracy&#8221; \u2014 doda\u0142 Kober. &#8222;Im wi\u0119cej [kraj\u00f3w zawieraj\u0105cych porozumienia z UE], tym lepiej&#8221;.<\/p>\n","protected":false},"excerpt":{"rendered":"Dwa najwi\u0119ksze bloki handlowe na \u015bwiecie d\u0105\u017c\u0105 do porozumienia, kt\u00f3re po\u0142\u0105czy \u0142a\u0144cuchy dostaw kraj\u00f3w takich jak Kanada, Singapur,&hellip;\n","protected":false},"author":2,"featured_media":262265,"comment_status":"","ping_status":"","sticky":false,"template":"","format":"standard","meta":{"footnotes":"","_share_on_mastodon":"0"},"categories":[14],"tags":[56,32,33,44,190,27,193,34,35,10875,28,31,48,25,46,40,1314,41,47,80,29,30,45195,26,82,83,84],"class_list":["post-262330","post","type-post","status-publish","format-standard","has-post-thumbnail","category-swiat","tag-article_premium","tag-breaking-news","tag-breakingnews","tag-donald_trump","tag-gospodarka","tag-headlines","tag-kanada","tag-latest-news","tag-latestnews","tag-mark_carney","tag-naglowki","tag-najwazniejsze-artykuly","tag-nat_styl","tag-news","tag-omp","tag-polish","tag-politico","tag-polski","tag-screening_general","tag-swiat","tag-top-stories","tag-topstories","tag-unifeed_tst0","tag-wiadomosci","tag-world","tag-world-news","tag-worldnews"],"share_on_mastodon":{"url":"https:\/\/pubeurope.com\/@pl\/116080194642805802","error":""},"_links":{"self":[{"href":"https:\/\/www.europesays.com\/pl\/wp-json\/wp\/v2\/posts\/262330","targetHints":{"allow":["GET"]}}],"collection":[{"href":"https:\/\/www.europesays.com\/pl\/wp-json\/wp\/v2\/posts"}],"about":[{"href":"https:\/\/www.europesays.com\/pl\/wp-json\/wp\/v2\/types\/post"}],"author":[{"embeddable":true,"href":"https:\/\/www.europesays.com\/pl\/wp-json\/wp\/v2\/users\/2"}],"replies":[{"embeddable":true,"href":"https:\/\/www.europesays.com\/pl\/wp-json\/wp\/v2\/comments?post=262330"}],"version-history":[{"count":0,"href":"https:\/\/www.europesays.com\/pl\/wp-json\/wp\/v2\/posts\/262330\/revisions"}],"wp:featuredmedia":[{"embeddable":true,"href":"https:\/\/www.europesays.com\/pl\/wp-json\/wp\/v2\/media\/262265"}],"wp:attachment":[{"href":"https:\/\/www.europesays.com\/pl\/wp-json\/wp\/v2\/media?parent=262330"}],"wp:term":[{"taxonomy":"category","embeddable":true,"href":"https:\/\/www.europesays.com\/pl\/wp-json\/wp\/v2\/categories?post=262330"},{"taxonomy":"post_tag","embeddable":true,"href":"https:\/\/www.europesays.com\/pl\/wp-json\/wp\/v2\/tags?post=262330"}],"curies":[{"name":"wp","href":"https:\/\/api.w.org\/{rel}","templated":true}]}}