{"id":26250,"date":"2025-10-01T15:12:07","date_gmt":"2025-10-01T15:12:07","guid":{"rendered":"https:\/\/www.europesays.com\/pl\/26250\/"},"modified":"2025-10-01T15:12:07","modified_gmt":"2025-10-01T15:12:07","slug":"sensacja-w-lidze-mistrzow-kluczowe-wiesci-dla-polski-z-rankingu-uefa-przeglad-sportowy-onet","status":"publish","type":"post","link":"https:\/\/www.europesays.com\/pl\/26250\/","title":{"rendered":"Sensacja w Lidze Mistrz\u00f3w! Kluczowe wie\u015bci dla Polski z rankingu UEFA &#8211; Przegl\u0105d Sportowy Onet"},"content":{"rendered":"<ol>\n<li><a href=\"https:\/\/news.google.com\/rss\/articles\/CBMi0AFBVV95cUxOd1E4U2x4ZUU2cTFiaVdiSTFJU0YtUlMtdm9hWmxJaG5NNnFfbW9PTmt2SzJJNXIzZ3BJb0tJalRseHprYmZfZ0M4MzZTSTVweUs3R1R3UUpkVE5rc2gtYk5wZG9QOFowVWVxam1pN3l5QnFFWlFaSUItLUplUnNPeWhHbEZPWEV5M1dPN3pLTTZJeVNvZVlWUkJyTGZYdm5fcUU5aENlejhFeW13ZnVTbDNFelFRZnVibl8wazNiWGpwalZ5OFFnYkJfeWdBaWJn?oc=5\" target=\"_blank\" rel=\"nofollow noopener\">Sensacja w Lidze Mistrz\u00f3w! Kluczowe wie\u015bci dla Polski z rankingu UEFA<\/a>&nbsp;&nbsp;Przegl\u0105d Sportowy Onet<\/li>\n<li><a href=\"https:\/\/news.google.com\/rss\/articles\/CBMivAFBVV95cUxQclc4SE56dEQ1aEczb2xEazFVWnJOcGJxZnEtTW12aURUSVJhcEMxLTJmOHM2YXVVQ3FLZWlTY2dlME1CSmNnV09OMkZCbjI0ZVpXTjdYMGJndFRnRWRPRGd1SkZURjFCcW1EOTNUeUdUa3NCYTJ5cXN0cHplQy1KdEV1N1d4SUhTd3ZNajhtczFEbjVPTmdTTWlmbEtVbk1FOUhtYVB6TVBtUXNCZmxab1Y3LW85WHNVS0ZDRg?oc=5\" target=\"_blank\" rel=\"nofollow noopener\">Zrobili sensacj\u0119 w Lidze Mistrz\u00f3w. Z\u0142e wie\u015bci dla Polski ws. rankingu UEFA<\/a>&nbsp;&nbsp;SportoweFakty<\/li>\n<li><a href=\"https:\/\/news.google.com\/rss\/articles\/CBMidkFVX3lxTE5VTGNxWi0wWTBDb0FxY3BrbjJYTXlGWmgyOHIyUjdEbzZ1ZmVUY1dVR1ZLbVkxbDN3Ukw1MzNwVUl4aVNZZ21NbEJHSy1RQWt6WFp1b0dudjBHWTdzYXJ0SmwwTWw0RDZzV21ZWDhiTDJmT09MWGc?oc=5\" target=\"_blank\" rel=\"nofollow noopener\">Spadek na 14. miejsce, czas na odpowied\u017a w LK<\/a>&nbsp;&nbsp;Polska Pi\u0142ka w Tabelach<\/li>\n<li><a href=\"https:\/\/news.google.com\/rss\/articles\/CBMiuAFBVV95cUxORVJHSVJ0aXlrYzJmNnhJOThxMmVEcm1kVzR0QTd2dE9sV0pYM3MtOEZQTk1lazhlWF96T0VXelBBRERKNGgwZk4zZlp6ejFFZWxvdWp4c2Nqd0pma0JlUkFvNjNLVlVzb2VyTjZGbzU3al80STZQQzVlZ1JQOWkxUlFfc09xZXVOb3Vtc2dyNDNBRmpqWm40YnpjZDFIX0wzY2V5ZjQ1Y3lTQm1xb1BoMWc0Nm5JZTRo?oc=5\" target=\"_blank\" rel=\"nofollow noopener\">Rywal Polski niespodziewanie zapunktowa\u0142. Oto sytuacja w rankingu UEFA<\/a>&nbsp;&nbsp;Meczyki.pl<\/li>\n<li><a href=\"https:\/\/news.google.com\/rss\/articles\/CBMixwFBVV95cUxQVEVqQzBSdldRYUhuc3p5N0hvdVRBYXVvdTVRNWVueFlNLTd6NTJjVTBkaHJCWFVLcHBxVzk0NzFYSl9kWFA0V1AzZmNlSVRkWjJyRjN3Rm94VDBiaC16aXlMWWFjV0JwVjZNNWR0bzJqRTFEbjJkNkE5WGIzVlRvMEpNaEctRGdKYkhodnV0dHNNSUhPcjU1M2NoUXZ0WTFQY0FsMEtMd1dKNDMxTnhueE5zR0FxSTRmRHZUcDZ3ZmpuTm1JNG9V?oc=5\" target=\"_blank\" rel=\"nofollow noopener\">Kompletny nokaut w Ekstraklasie. Zero konkurencji, widzi to ca\u0142y \u015bwiat<\/a>&nbsp;&nbsp;MSN<\/li>\n<\/ol>\n","protected":false},"excerpt":{"rendered":"Sensacja w Lidze Mistrz\u00f3w! Kluczowe wie\u015bci dla Polski z rankingu UEFA&nbsp;&nbsp;Przegl\u0105d Sportowy Onet Zrobili sensacj\u0119 w Lidze Mistrz\u00f3w.&hellip;\n","protected":false},"author":2,"featured_media":26251,"comment_status":"","ping_status":"","sticky":false,"template":"","format":"standard","meta":{"footnotes":""},"categories":[24],"tags":[949,67,299,746,42,38,40,39,41,136,128,845,47,950,127,135,126,130],"class_list":{"0":"post-26250","1":"post","2":"type-post","3":"status-publish","4":"format-standard","5":"has-post-thumbnail","7":"category-sport","8":"tag-bodo-glimt","9":"tag-intextvideo_splayer","10":"tag-liga_mistrzow","11":"tag-lysy","12":"tag-pl","13":"tag-poland","14":"tag-polish","15":"tag-polska","16":"tag-polski","17":"tag-ps_detal_new","18":"tag-psv2","19":"tag-ranking_uefa","20":"tag-screening_general","21":"tag-slavia_praga","22":"tag-sport","23":"tag-sport_sport","24":"tag-sports","25":"tag-wiadomosci_sportowe"},"share_on_mastodon":{"url":"","error":""},"_links":{"self":[{"href":"https:\/\/www.europesays.com\/pl\/wp-json\/wp\/v2\/posts\/26250","targetHints":{"allow":["GET"]}}],"collection":[{"href":"https:\/\/www.europesays.com\/pl\/wp-json\/wp\/v2\/posts"}],"about":[{"href":"https:\/\/www.europesays.com\/pl\/wp-json\/wp\/v2\/types\/post"}],"author":[{"embeddable":true,"href":"https:\/\/www.europesays.com\/pl\/wp-json\/wp\/v2\/users\/2"}],"replies":[{"embeddable":true,"href":"https:\/\/www.europesays.com\/pl\/wp-json\/wp\/v2\/comments?post=26250"}],"version-history":[{"count":0,"href":"https:\/\/www.europesays.com\/pl\/wp-json\/wp\/v2\/posts\/26250\/revisions"}],"wp:featuredmedia":[{"embeddable":true,"href":"https:\/\/www.europesays.com\/pl\/wp-json\/wp\/v2\/media\/26251"}],"wp:attachment":[{"href":"https:\/\/www.europesays.com\/pl\/wp-json\/wp\/v2\/media?parent=26250"}],"wp:term":[{"taxonomy":"category","embeddable":true,"href":"https:\/\/www.europesays.com\/pl\/wp-json\/wp\/v2\/categories?post=26250"},{"taxonomy":"post_tag","embeddable":true,"href":"https:\/\/www.europesays.com\/pl\/wp-json\/wp\/v2\/tags?post=26250"}],"curies":[{"name":"wp","href":"https:\/\/api.w.org\/{rel}","templated":true}]}}