{"id":262700,"date":"2026-02-16T15:30:06","date_gmt":"2026-02-16T15:30:06","guid":{"rendered":"https:\/\/www.europesays.com\/pl\/262700\/"},"modified":"2026-02-16T15:30:06","modified_gmt":"2026-02-16T15:30:06","slug":"nawrocki-chce-broni-jadrowej-dla-polski-braun-zgadza-sie-z-prezydentem","status":"publish","type":"post","link":"https:\/\/www.europesays.com\/pl\/262700\/","title":{"rendered":"Nawrocki chce broni j\u0105drowej dla Polski. Braun zgadza si\u0119 z prezydentem"},"content":{"rendered":"\n<p>&#13;<br \/>\n&#8222;Polska powinna rozwa\u017cy\u0107 rozw\u00f3j w\u0142asnej broni j\u0105drowej w\u00a0obliczu rosn\u0105cego zagro\u017cenia ze\u00a0strony Rosji&#8221; \u2013\u00a0stwierdzi\u0142 Nawrocki w\u00a0rozmowie z\u00a0Polsat News. &#13;\n<\/p>\n<p>&#13;<br \/>\nJak podkre\u015bli\u0142, jest &#8222;wielkim zwolennikiem&#8221;, aby\u00a0<a href=\"https:\/\/dorzeczy.pl\/opinie\/846377\/nawrocki-o-broni-jadrowej-natychmiastowa-reakcja-rosji.html\" rel=\"nofollow noopener\" target=\"_blank\">Polska w\u0142\u0105czy\u0142a si\u0119 w\u00a0projekt j\u0105drowy<\/a>, cho\u0107 nie\u00a0potrafi\u0142 wskaza\u0107, czy\u00a0i\u00a0kiedy kraj rozpocz\u0105\u0142by prace nad pozyskaniem w\u0142asnej broni atomowej. Prezydent argumentowa\u0142, \u017ce\u00a0Polska znajduje si\u0119 tu\u017c przy granicy konfliktu zbrojnego i\u00a0musi bra\u0107 pod\u00a0uwag\u0119 &#8222;nastawienie agresywnej, imperialnej Federacji Rosyjskiej wobec Polski&#8221;. &#13;\n<\/p>\n<p>&#13;<br \/>\nNawrocki zaznaczy\u0142 r\u00f3wnie\u017c, \u017ce\u00a0Polska powinna rozwija\u0107 w\u0142asny potencja\u0142 nuklearny z\u00a0poszanowaniem mi\u0119dzynarodowych regulacji. Pytany, czy\u00a0Stany Zjednoczone pozwoli\u0142yby Warszawie obra\u0107 taki kierunek mimo zobowi\u0105za\u0144 wynikaj\u0105cych z\u00a0traktatu o\u00a0nierozprzestrzenianiu broni j\u0105drowej, odpowiedzia\u0142, \u017ce\u00a0nie wie, ale\u00a0Polska powinna dzia\u0142a\u0107 tak, aby\u00a0m\u00f3c rozpocz\u0105\u0107 prace. Wypowied\u017a pojawi\u0142a si\u0119 tak\u017ce w\u00a0kontek\u015bcie wcze\u015bniejszej umowy Polski z\u00a0Francj\u0105 dotycz\u0105cej potencjalnego wsp\u00f3\u0142dzielenia ochrony nuklearnej. &#13;\n<\/p>\n<p>Braun: Wojsko trzeba wyposa\u017cy\u0107 w\u00a0bro\u0144 niekonwencjonaln\u0105<\/p>\n<p>&#13;<br \/>\nDo s\u0142\u00f3w g\u0142owy pa\u0144stwa odni\u00f3s\u0142 si\u0119 w\u00a0poniedzia\u0142ek lider Konfederacji Korony Polskiej Grzegorz Braun. &#13;\n<\/p>\n<p>&#13;<br \/>\ntwitter&#13;\n<\/p>\n<p>&#13;<br \/>\n&#8222;Tak, zgadzam si\u0119, \u017ce\u00a0w\u00a0tych sprawach nale\u017ca\u0142o by\u00a0raczej dzia\u0142a\u0107, ni\u017c\u00a0gada\u0107. Ale\u00a0skoro sprawa zosta\u0142a ju\u017c wprowadzona do\u00a0agendy publicznej, uwa\u017cam za\u00a0wskazane prezentowanie jasnego i\u00a0zdecydowanego stanowiska Konfederacji Korony Polskiej w\u00a0tej sprawie (czemu po\u015bwi\u0119cam tu par\u0119 wcze\u015bniejszych wpis\u00f3w)&#8221; \u2013\u00a0napisa\u0142 na\u00a0portalu X deputowany do\u00a0Parlamentu Europejskiego. &#13;\n<\/p>\n<p>&#13;<br \/>\nJak podkre\u015bli\u0142 Braun, &#8222;Wojsko Polskie nale\u017cy wyposa\u017cy\u0107 w\u00a0zdolno\u015b\u0107 skutecznego odstraszania \u2013\u00a0tzn. w\u00a0bro\u0144 niekonwencjonaln\u0105, nad kt\u00f3r\u0105 najwy\u017csze w\u0142adze niepodleg\u0142ej Rzeczypospolitej Polskiej b\u0119d\u0105 sprawowa\u0142y suwerenn\u0105 i\u00a0wy\u0142\u0105czn\u0105 kontrol\u0119&#8221;. &#8222;R\u00f3\u017cnica w\u00a0ocenie zagro\u017ce\u0144 \u2013\u00a0ja widz\u0119 ich \u017ar\u00f3d\u0142a zdecydowanie bardziej \u201estereoskopowo\u201d ni\u017c\u00a0pan prezydent, nie\u00a0wskazuj\u0119 ani wiecznych wrog\u00f3w, ani bezalternatywnych sojusznik\u00f3w \u2013\u00a0nie\u00a0ma\u00a0znaczenia dla\u00a0ew. decyzji strategicznej, z\u00a0kt\u00f3rej podj\u0119ciem nie\u00a0nale\u017cy zwleka\u0107&#8221; \u2013\u00a0doda\u0142 europose\u0142. &#13;\n<\/p>\n<p>&#13;<br \/>\nCzytaj te\u017c:<br \/><a href=\"https:\/\/dorzeczy.pl\/opinie\/846500\/polska-bron-jadrowa-zandberg-slowa-nawrockiego-byly-mocno-nierozsadne.html\" rel=\"follow nofollow noopener\" data-schema=\"DORZECZY\" data-image=\"https:\/\/img.dorzeczy.pl\/_thumb\/7e\/64\/529f5a4365587ba7db44cb8c7f67.jpeg\" target=\"_blank\">&#8222;Ostatnia rzecz, kt\u00f3r\u0105 nale\u017cy og\u0142asza\u0107&#8221;. Zandberg o\u00a0deklaracji Nawrockiego<\/a>Czytaj te\u017c:<br \/><a href=\"https:\/\/dorzeczy.pl\/opinie\/846497\/bron-atomowa-w-polsce-bochenski-o-propozycji-nawrockiego.html\" rel=\"follow nofollow noopener\" data-schema=\"DORZECZY\" data-image=\"https:\/\/img.dorzeczy.pl\/_thumb\/07\/5d\/f41d3518e01155d02d97c066e9a3.jpeg\" target=\"_blank\">&#8222;Powinni\u015bmy o\u00a0tym my\u015ble\u0107&#8221;. Boche\u0144ski o\u00a0propozycji Nawrockiego<\/a>&#13;<\/p>\n","protected":false},"excerpt":{"rendered":"&#13; &#8222;Polska powinna rozwa\u017cy\u0107 rozw\u00f3j w\u0142asnej broni j\u0105drowej w\u00a0obliczu rosn\u0105cego zagro\u017cenia ze\u00a0strony Rosji&#8221; \u2013\u00a0stwierdzi\u0142 Nawrocki w\u00a0rozmowie z\u00a0Polsat News.&hellip;\n","protected":false},"author":2,"featured_media":262701,"comment_status":"","ping_status":"","sticky":false,"template":"","format":"standard","meta":{"footnotes":"","_share_on_mastodon":"0"},"categories":[12],"tags":[18048,32,33,19250,98,105,36,37,27,22086,49,34,35,28,31,1315,25,102,42,38,40,39,41,1005,80,29,30,26],"class_list":["post-262700","post","type-post","status-publish","format-standard","has-post-thumbnail","category-polska","tag-braun","tag-breaking-news","tag-breakingnews","tag-bron-jadrowa","tag-dorzeczy","tag-ekonomia","tag-featured-news","tag-featurednews","tag-headlines","tag-konfederacja-korony-polskiej","tag-kraj","tag-latest-news","tag-latestnews","tag-naglowki","tag-najwazniejsze-artykuly","tag-nawrocki","tag-news","tag-opinie","tag-pl","tag-poland","tag-polish","tag-polska","tag-polski","tag-prezydent","tag-swiat","tag-top-stories","tag-topstories","tag-wiadomosci"],"share_on_mastodon":{"url":"https:\/\/pubeurope.com\/@pl\/116081028284074012","error":""},"_links":{"self":[{"href":"https:\/\/www.europesays.com\/pl\/wp-json\/wp\/v2\/posts\/262700","targetHints":{"allow":["GET"]}}],"collection":[{"href":"https:\/\/www.europesays.com\/pl\/wp-json\/wp\/v2\/posts"}],"about":[{"href":"https:\/\/www.europesays.com\/pl\/wp-json\/wp\/v2\/types\/post"}],"author":[{"embeddable":true,"href":"https:\/\/www.europesays.com\/pl\/wp-json\/wp\/v2\/users\/2"}],"replies":[{"embeddable":true,"href":"https:\/\/www.europesays.com\/pl\/wp-json\/wp\/v2\/comments?post=262700"}],"version-history":[{"count":0,"href":"https:\/\/www.europesays.com\/pl\/wp-json\/wp\/v2\/posts\/262700\/revisions"}],"wp:featuredmedia":[{"embeddable":true,"href":"https:\/\/www.europesays.com\/pl\/wp-json\/wp\/v2\/media\/262701"}],"wp:attachment":[{"href":"https:\/\/www.europesays.com\/pl\/wp-json\/wp\/v2\/media?parent=262700"}],"wp:term":[{"taxonomy":"category","embeddable":true,"href":"https:\/\/www.europesays.com\/pl\/wp-json\/wp\/v2\/categories?post=262700"},{"taxonomy":"post_tag","embeddable":true,"href":"https:\/\/www.europesays.com\/pl\/wp-json\/wp\/v2\/tags?post=262700"}],"curies":[{"name":"wp","href":"https:\/\/api.w.org\/{rel}","templated":true}]}}