{"id":262730,"date":"2026-02-16T15:58:09","date_gmt":"2026-02-16T15:58:09","guid":{"rendered":"https:\/\/www.europesays.com\/pl\/262730\/"},"modified":"2026-02-16T15:58:09","modified_gmt":"2026-02-16T15:58:09","slug":"siarczysty-mroz-i-marznacy-deszcz-uderza-tej-nocy-imgw-bije-na-alarm-onet","status":"publish","type":"post","link":"https:\/\/www.europesays.com\/pl\/262730\/","title":{"rendered":"Siarczysty mr\u00f3z i marzn\u0105cy deszcz uderz\u0105 tej nocy. IMGW bije na alarm &#8211; Onet"},"content":{"rendered":"<ol>\n<li><a href=\"https:\/\/news.google.com\/rss\/articles\/CBMi0gFBVV95cUxNUVZDWjMyNVlxVF8ybGJLZ0cyaGxDQlF2ZTR5VHFlU3pCRkZsd2Fad1BiVlBRZTl4TDJHRFowUUpnU0FzdXl4a3lyQVY5OGlJbmpuei0xQ3hmVnRCTHFKUFJuY3o1b3d5NkRUaHVwZEJXWTVTa0tENl9TbWUwUnVSWWk4Rjh2Y24wWDBHa3lTQU0tYXIxd24tUjdvd1F4RlgtbXZWRXFPSjVQMkJBYWJ4VG1xZzhwc3BObUkxRTZPSkhGTDAtc1FHMTBJTHJNMlBRaWc?oc=5\" target=\"_blank\" rel=\"nofollow noopener\">Siarczysty mr\u00f3z i marzn\u0105cy deszcz uderz\u0105 tej nocy. IMGW bije na alarm<\/a>&nbsp;&nbsp;Onet<\/li>\n<li><a href=\"https:\/\/news.google.com\/rss\/articles\/CBMimwFBVV95cUxPRlNNcVNpUHZDc3l4MldpbDNLamk3VVVZbW9DT2RCVVduZEg5TFZNTnZrUERIVFR6OFpKNEozOS1oSGY2bjNvVkhxVE5VRnMtSjRNNHp3M1dXN1QyczgzS0pBNjFqeUlxb1k0dWpCQ2Y3M0J3QUJyZkxPU3lpbVhVLXpWUGsyWjVTeENBNjF1ZldPWU1vb3ZjMU14WQ?oc=5\" target=\"_blank\" rel=\"nofollow noopener\">Wracaj\u0105 opady marzn\u0105ce. Alarmy IMGW<\/a>&nbsp;&nbsp;TVN24<\/li>\n<li><a href=\"https:\/\/news.google.com\/rss\/articles\/CBMiuwFBVV95cUxNRVFHNk9kWUI0TklEcWE0cTZoTmNtTUNWNHZabWdST3hCMTR2aDBhWEp6VF95QW92UUZna010TWZpSXYxYUZEeXZPOWo4T0FyMzktUEhzeXFjUmtaNFFqclFYTFlQR1Nzdk1MdUJzWkdCUzRPOHdUZERmWVNxeUZmcXNhZWkxVldFemEyWTdjNEhYUmsxRURJYzNFWXlySnEwTS15VG9rYWFaVVZMUzNnRHZGcGQ4V0NsQVJj?oc=5\" target=\"_blank\" rel=\"nofollow noopener\">Pilna aktualizacja alert\u00f3w. IMGW ostrzega kilka region\u00f3w, trzy rodzaje zagro\u017ce\u0144<\/a>&nbsp;&nbsp;Polskie Radio 24<\/li>\n<li><a href=\"https:\/\/news.google.com\/rss\/articles\/CBMitAFBVV95cUxNc04xTDlESnBwQ1BVek5JVHotQVMteXRDRERCN0tuNnRWeUpwbHdGSjU5NGJKWFV1Nkg4eHE0MGxyT2U2U0Y0S2xvMThNLTIwdVdtSHBFb0dVcS1CcWFieV9wV29YeTVqOHp4eURseDBGc1JiT1FVV2RDbjhIWFU5eVJzY05xczNacF9CcXFvYjdUaWxOQXdIaklFMVREdFo0Nk1RTDRFdnlldE1uaU85djZaZHA?oc=5\" target=\"_blank\" rel=\"nofollow noopener\">Zrobi si\u0119 naprawd\u0119 ciep\u0142o: miejscami do 10 stopni. Trzeba uwa\u017ca\u0107 na go\u0142oled\u017a na p\u00f3\u0142nocy<\/a>&nbsp;&nbsp;Pogoda Interia<\/li>\n<li><a href=\"https:\/\/news.google.com\/rss\/articles\/CBMitAFBVV95cUxPMno4Q0RmQi1wS3hOeDQwNFh2dVpXbTVFVURUWXlZNU5JY2ZkV2lVMUFJZEZCTGlzRmhyeGhCZnIxNXNPX0dOV2VKTVI5REpaYld0b1lfLTBNMWlUcnhNSDRIVktCMXF1d0s1ejVFMm1ETHVRbWxFQ090Y2tkeHdsYXBPYmo3eVVOU1o0YmtNbWprenFKeFByWDRNSHZhX1ZCcE1xUmpvZWc4Z0xKeWx1cHREYmc?oc=5\" target=\"_blank\" rel=\"nofollow noopener\">Ostrze\u017cenie dla Lubuskiego 16.02.2026 00:59. Informacja drogowa<\/a>&nbsp;&nbsp;Zielona G\u00f3ra Nasze Miasto<\/li>\n<\/ol>\n","protected":false},"excerpt":{"rendered":"Siarczysty mr\u00f3z i marzn\u0105cy deszcz uderz\u0105 tej nocy. IMGW bije na alarm&nbsp;&nbsp;Onet Wracaj\u0105 opady marzn\u0105ce. Alarmy IMGW&nbsp;&nbsp;TVN24 Pilna&hellip;\n","protected":false},"author":2,"featured_media":262731,"comment_status":"","ping_status":"","sticky":false,"template":"","format":"standard","meta":{"footnotes":"","_share_on_mastodon":"0"},"categories":[12],"tags":[32,33,36,37,23120,27,167,34,35,6987,28,31,53,25,52,68,51,55,42,78,38,40,39,41,47,39422,29,30,65,50,26],"class_list":["post-262730","post","type-post","status-publish","format-standard","has-post-thumbnail","category-polska","tag-breaking-news","tag-breakingnews","tag-featured-news","tag-featurednews","tag-gololedz","tag-headlines","tag-imgw","tag-latest-news","tag-latestnews","tag-mroz","tag-naglowki","tag-najwazniejsze-artykuly","tag-new_header","tag-news","tag-onet3","tag-onet3d","tag-onet3d_2i","tag-phx","tag-pl","tag-pogoda","tag-poland","tag-polish","tag-polska","tag-polski","tag-screening_general","tag-sg_cleanup_tst1","tag-top-stories","tag-topstories","tag-update_me","tag-v2021","tag-wiadomosci"],"share_on_mastodon":{"url":"https:\/\/pubeurope.com\/@pl\/116081138254756960","error":""},"_links":{"self":[{"href":"https:\/\/www.europesays.com\/pl\/wp-json\/wp\/v2\/posts\/262730","targetHints":{"allow":["GET"]}}],"collection":[{"href":"https:\/\/www.europesays.com\/pl\/wp-json\/wp\/v2\/posts"}],"about":[{"href":"https:\/\/www.europesays.com\/pl\/wp-json\/wp\/v2\/types\/post"}],"author":[{"embeddable":true,"href":"https:\/\/www.europesays.com\/pl\/wp-json\/wp\/v2\/users\/2"}],"replies":[{"embeddable":true,"href":"https:\/\/www.europesays.com\/pl\/wp-json\/wp\/v2\/comments?post=262730"}],"version-history":[{"count":0,"href":"https:\/\/www.europesays.com\/pl\/wp-json\/wp\/v2\/posts\/262730\/revisions"}],"wp:featuredmedia":[{"embeddable":true,"href":"https:\/\/www.europesays.com\/pl\/wp-json\/wp\/v2\/media\/262731"}],"wp:attachment":[{"href":"https:\/\/www.europesays.com\/pl\/wp-json\/wp\/v2\/media?parent=262730"}],"wp:term":[{"taxonomy":"category","embeddable":true,"href":"https:\/\/www.europesays.com\/pl\/wp-json\/wp\/v2\/categories?post=262730"},{"taxonomy":"post_tag","embeddable":true,"href":"https:\/\/www.europesays.com\/pl\/wp-json\/wp\/v2\/tags?post=262730"}],"curies":[{"name":"wp","href":"https:\/\/api.w.org\/{rel}","templated":true}]}}