{"id":26292,"date":"2025-10-01T15:37:09","date_gmt":"2025-10-01T15:37:09","guid":{"rendered":"https:\/\/www.europesays.com\/pl\/26292\/"},"modified":"2025-10-01T15:37:09","modified_gmt":"2025-10-01T15:37:09","slug":"drony-nad-polnocnymi-niemcami-wladze-maja-podejrzenia-3","status":"publish","type":"post","link":"https:\/\/www.europesays.com\/pl\/26292\/","title":{"rendered":"Drony nad p\u00f3\u0142nocnymi Niemcami. W\u0142adze maj\u0105 podejrzenia"},"content":{"rendered":"<p class=\"ods-c-paragraph\">W ubieg\u0142ym tygodniu <a href=\"https:\/\/wiadomosci.onet.pl\/swiat\/drony-nad-polnocnymi-niemcami-podejrzenia-o-sabotaz\/sz0hds1\" id=\"0b9dab85-4c7a-4dbe-912f-c05d0a3bae11\" rel=\"nofollow noopener\" target=\"_blank\">nad regionem Szlezwik-Holsztyn, le\u017c\u0105cym w p\u00f3\u0142nocnej cz\u0119\u015bci Niemiec, zaobserwowano drony. <\/a>Ministra spraw wewn\u0119trznych tego landu Sabine Suetterlin-Waack przekaza\u0142a w\u00f3wczas, \u017ce w sprawie wszcz\u0119to \u015bledztwo w zwi\u0105zku z podejrzeniami o szpiegostwo i sabota\u017c.<\/p>\n<p class=\"ods-c-paragraph\">Okazuje si\u0119, \u017ce sytuacja mo\u017ce by\u0107 jeszcze powa\u017cniejsza. &#8222;Der Spiegel&#8221; podaje, \u017ce niemieckie w\u0142adze podejrzewaj\u0105, \u017ce drony przelecia\u0142y nad obiektami infrastruktury krytycznej, w tym nad elektrowni\u0105, siedzib\u0105 rz\u0105du krajowego czy klinik\u0105 uniwersyteck\u0105 w Kilonii, w celu ich zmierzenia.<\/p>\n<p>   Drony nad niemieckimi obiektami infrastruktury krytycznej<\/p>\n<p class=\"ods-c-paragraph\">Gazeta dotrze\u0107 mia\u0142a do &#8222;wewn\u0119trznej notatki&#8221;. Zawarto w niej informacj\u0119, \u017ce 25 wrze\u015bnia chwil\u0119 po godz. 21 nad terenem zak\u0142ad\u00f3w stoczniowych koncernu Thyssenkrupp przelecia\u0142y najpierw dwa niewielkie drony. Chwil\u0119 p\u00f3\u017aniej &#8222;grupa dron\u00f3w z dronem macierzystym&#8221; pojawi\u0142a si\u0119 nad klinik\u0105 uniwersyteck\u0105. Ju\u017c po godz. 22 podobna formacja przelecia\u0142a nad elektrowni\u0105.<\/p>\n<p>Dalszy ci\u0105g artyku\u0142u pod materia\u0142em wideo<\/p>\n<p class=\"ods-c-paragraph\">&#8222;Der Spiegel&#8221; informuje, \u017ce grup\u0119 dron\u00f3w r\u00f3\u017cnego rodzaju zaobserwowano tak\u017ce p\u00f3\u017aniej nad Zatok\u0105 Kilo\u0144sk\u0105 oraz nad budynkiem parlamentu krajowego w Kilonii. Gromada bezza\u0142ogowc\u00f3w prawdopodobnie obserwowa\u0142a r\u00f3wnie\u017c rafineri\u0119 Heide.<\/p>\n<p>Bezza\u0142ogowce porusza\u0142y si\u0119 w okre\u015blony spos\u00f3b<\/p>\n<p class=\"ods-c-paragraph\">Policja zaobserwowa\u0107 mia\u0142a, \u017ce maszyny przemieszcza\u0142y si\u0119 r\u00f3wnoleg\u0142ymi torami, co prawdopodobnie oznacza, \u017ce ich celem by\u0142o dok\u0142adne zmierzenie obiekt\u00f3w \u2014 informuje gazeta, powo\u0142uj\u0105c si\u0119 na wspomnian\u0105 notatk\u0119.<\/p>\n<p class=\"ods-c-paragraph\">Wcze\u015bniej drony pojawi\u0142y si\u0119 tak\u017ce nad obiektami wojskowymi w Niemczech, w tym nad baz\u0105 wojskow\u0105 Bundeswehry w Sanitz w Meklemburgii-Pomorzu Przednim i nad dow\u00f3dztwem marynarki wojennej w Rostocku. &#8222;Der Spiegel&#8221; podaje, \u017ce w notatce podkre\u015blono, \u017ce maszyny te porusza\u0142y si\u0119 &#8222;w spos\u00f3b skoordynowany i sp\u00f3jny&#8221;.<\/p>\n","protected":false},"excerpt":{"rendered":"W ubieg\u0142ym tygodniu nad regionem Szlezwik-Holsztyn, le\u017c\u0105cym w p\u00f3\u0142nocnej cz\u0119\u015bci Niemiec, zaobserwowano drony. Ministra spraw wewn\u0119trznych tego landu&hellip;\n","protected":false},"author":2,"featured_media":25881,"comment_status":"","ping_status":"","sticky":false,"template":"","format":"standard","meta":{"footnotes":""},"categories":[14],"tags":[32,33,144,27,2089,34,35,4894,28,31,48,25,295,46,40,41,47,80,6099,7944,29,30,26,82,83,84],"class_list":{"0":"post-26292","1":"post","2":"type-post","3":"status-publish","4":"format-standard","5":"has-post-thumbnail","7":"category-swiat","8":"tag-breaking-news","9":"tag-breakingnews","10":"tag-drony","11":"tag-headlines","12":"tag-infrastruktura","13":"tag-latest-news","14":"tag-latestnews","15":"tag-livebar_tst0","16":"tag-naglowki","17":"tag-najwazniejsze-artykuly","18":"tag-nat_styl","19":"tag-news","20":"tag-niemcy","21":"tag-omp","22":"tag-polish","23":"tag-polski","24":"tag-screening_general","25":"tag-swiat","26":"tag-szlezwik_holsztyn","27":"tag-szpiegowo","28":"tag-top-stories","29":"tag-topstories","30":"tag-wiadomosci","31":"tag-world","32":"tag-world-news","33":"tag-worldnews"},"share_on_mastodon":{"url":"","error":""},"_links":{"self":[{"href":"https:\/\/www.europesays.com\/pl\/wp-json\/wp\/v2\/posts\/26292","targetHints":{"allow":["GET"]}}],"collection":[{"href":"https:\/\/www.europesays.com\/pl\/wp-json\/wp\/v2\/posts"}],"about":[{"href":"https:\/\/www.europesays.com\/pl\/wp-json\/wp\/v2\/types\/post"}],"author":[{"embeddable":true,"href":"https:\/\/www.europesays.com\/pl\/wp-json\/wp\/v2\/users\/2"}],"replies":[{"embeddable":true,"href":"https:\/\/www.europesays.com\/pl\/wp-json\/wp\/v2\/comments?post=26292"}],"version-history":[{"count":0,"href":"https:\/\/www.europesays.com\/pl\/wp-json\/wp\/v2\/posts\/26292\/revisions"}],"wp:featuredmedia":[{"embeddable":true,"href":"https:\/\/www.europesays.com\/pl\/wp-json\/wp\/v2\/media\/25881"}],"wp:attachment":[{"href":"https:\/\/www.europesays.com\/pl\/wp-json\/wp\/v2\/media?parent=26292"}],"wp:term":[{"taxonomy":"category","embeddable":true,"href":"https:\/\/www.europesays.com\/pl\/wp-json\/wp\/v2\/categories?post=26292"},{"taxonomy":"post_tag","embeddable":true,"href":"https:\/\/www.europesays.com\/pl\/wp-json\/wp\/v2\/tags?post=26292"}],"curies":[{"name":"wp","href":"https:\/\/api.w.org\/{rel}","templated":true}]}}