{"id":263198,"date":"2026-02-16T21:50:08","date_gmt":"2026-02-16T21:50:08","guid":{"rendered":"https:\/\/www.europesays.com\/pl\/263198\/"},"modified":"2026-02-16T21:50:08","modified_gmt":"2026-02-16T21:50:08","slug":"kolejne-wycofania-i-sensacyjna-zwyciezczyni-w-dubaju","status":"publish","type":"post","link":"https:\/\/www.europesays.com\/pl\/263198\/","title":{"rendered":"Kolejne wycofania i sensacyjna zwyci\u0119\u017cczyni w Dubaju"},"content":{"rendered":"\n<p class=\"contentpart contentpart--default contentpart--text\" data-position=\"0\"><a href=\"https:\/\/sportowefakty.wp.pl\/tenis\/antonia-ruzic\" rel=\"nofollow noopener\" target=\"_blank\">Antonia Ruzi\u0107<\/a>\u00a0rozpocz\u0119\u0142a walk\u0119 o g\u0142\u00f3wn\u0105 drabink\u0119 zmaga\u0144 w Dubaju od spotkania z Rebecc\u0105 Sramkov\u0105. Cho\u0107 po trzysetowej walce musia\u0142a uzna\u0107 wy\u017cszo\u015b\u0107 S\u0142owaczki, szcz\u0119\u015bcie si\u0119 do niej u\u015bmiechn\u0119\u0142o. Z turnieju wycofa\u0142y si\u0119 bowiem <a href=\"https:\/\/sportowefakty.wp.pl\/tenis\/elisabetta-cocciaretto\" rel=\"nofollow noopener\" target=\"_blank\">Elisabetta Cocciaretto<\/a>\u00a0i <a href=\"https:\/\/sportowefakty.wp.pl\/tenis\/victoria-mboko\" rel=\"nofollow noopener\" target=\"_blank\">Victoria Mboko<\/a>, a Chorwatka otrzyma\u0142a swoj\u0105 szans\u0119 jako&#8230; szcz\u0119\u015bliwa przegrana kwalifikacji.<\/p>\n<p class=\"contentpart contentpart--default contentpart--text\" data-position=\"1\">W meczu otwarcia Ruzi\u0107 trafi\u0142a na <a href=\"https:\/\/sportowefakty.wp.pl\/tenis\/emma-raducanu\" rel=\"nofollow noopener\" target=\"_blank\">Emm\u0119 Raducanu<\/a>. Chorwatka wysz\u0142a na kort wyra\u017anie zmobilizowana i w pierwszej partii rozbi\u0142a rywalk\u0119 6:1. Brytyjka w drugim secie w\u0142\u0105czy\u0142a si\u0119 do gry i zapisa\u0142a go na swoj\u0105 korzy\u015b\u0107, jednak nie wystrzeg\u0142a si\u0119 wpadki. Ruzi\u0107 w decyduj\u0105cej ods\u0142onie wr\u00f3ci\u0142a do postawy z pocz\u0105tku meczu i odnios\u0142a sensacyjne zwyci\u0119stwo.<\/p>\n<p>  <img decoding=\"async\" src=\"https:\/\/v.wpimg.pl\/X3dwLnN2d1IFFTpdYUl6R0ZNbgcnEHQREVV2TGEGbUtRT2MdOlZ2RBQUKABgQjQcDRotCStBd1IAAWMeIlM7VgwYIAorQAdEFFk_GCkQJQ\" alt=\"\" width=\"45\" height=\"58\" loading=\"lazy\"\/>  <\/p>\n<p class=\"contentpart contentpart--default contentpart--text\" data-position=\"2\">ZOBACZ WIDEO: #dziejesiewsporcie: Policja musia\u0142a spacyfikowa\u0107 pseudokibic\u00f3w<\/p>\n<p class=\"contentpart contentpart--default contentpart--text\" data-position=\"4\">Ciekaw\u0105, trzysetow\u0105 walk\u0119 stoczy\u0142y r\u00f3wnie\u017c <a href=\"https:\/\/sportowefakty.wp.pl\/tenis\/anna-kalinskaja\" rel=\"nofollow noopener\" target=\"_blank\">Anna Kalinska<\/a>\u00a0i <a href=\"https:\/\/sportowefakty.wp.pl\/tenis\/jelena-ostapenko\" rel=\"nofollow noopener\" target=\"_blank\">Jelena Ostapenko<\/a>. \u0141otyszka, kt\u00f3ra przed kilkoma dniami gra\u0142a w p\u00f3\u0142finale zmaga\u0144 w Dosze, w pierwszej partii by\u0142a wyra\u017anie lepsza. W drugim secie role na korcie si\u0119 jednak odwr\u00f3ci\u0142y. Kontrol\u0119 przej\u0119\u0142a Rosjanka, kt\u00f3ra odwr\u00f3ci\u0142a losy meczu i wywalczy\u0142a awans do drugiej rundy.<\/p>\n<p class=\"contentpart contentpart--default contentpart--text\" data-position=\"5\">W poniedzia\u0142ek byli\u015bmy te\u017c \u015bwiadkami dw\u00f3ch pierwszych spotka\u0144 na tym etapie. <a href=\"https:\/\/sportowefakty.wp.pl\/tenis\/janice-tjen\" rel=\"nofollow noopener\" target=\"_blank\">Janice Tjen<\/a>\u00a0potwierdzi\u0142a kapitaln\u0105 form\u0119 z minionych tygodni i pokona\u0142a w dw\u00f3ch setach <a href=\"https:\/\/sportowefakty.wp.pl\/tenis\/leylah-annie-fernandez\" rel=\"nofollow noopener\" target=\"_blank\">Leylah Fernandez<\/a>. Awans bez wyj\u015bcia na kort zanotowa\u0142a z kolei <a href=\"https:\/\/sportowefakty.wp.pl\/tenis\/amanda-anisimova\" rel=\"nofollow noopener\" target=\"_blank\">Amanda Anisimova<\/a>. Rozstawiona z numerem 2. Amerykanka dosta\u0142a walkowera od <a href=\"https:\/\/sportowefakty.wp.pl\/tenis\/barbora-krejcikova\" rel=\"nofollow noopener\" target=\"_blank\">Barbory Krejcikovej<\/a>, kt\u00f3ra wycofa\u0142a si\u0119 z turnieju z uwagi na uraz lewego uda.<\/p>\n<p class=\"contentpart contentpart--default contentpart--text\" data-position=\"6\"><a href=\"https:\/\/sportowefakty.wp.pl\/tenis\/wta-dubaj\" rel=\"nofollow noopener\" target=\"_blank\">WTA Dubaj<\/a>\u00a0<\/p>\n<p class=\"contentpart contentpart--default contentpart--text\" data-position=\"7\">I runda gry pojedynczej:<\/p>\n<p class=\"contentpart contentpart--default contentpart--text\" data-position=\"8\">Anastazja Zacharowa (LL) &#8211; Moyuka Uchijima (Japonia, Q) 6:2, 6:4<br \/>Anna Kalinska &#8211; Jelena Ostapenko (\u0141otwa) 2:6, 6:1, 6:4<br \/>Antonia Ruzi\u0107 (Chorwacja, LL) &#8211; Emma Raducanu (Wielka Brytania) 6:1, 5:7, 6:2<br \/>Paula Badosa (Hiszpania) &#8211; Katerina Siniakova (Czechy) 6:3, 7:5<br \/>Jaqueline Cristian (Rumunia) &#8211; Petra Marcinko (Chorwacja, LL) 6:1, 6:1<\/p>\n<p>  <img decoding=\"async\" src=\"https:\/\/v.wpimg.pl\/X3dwLnN2d1IFFTpdYUl6R0ZNbgcnEHQREVV2TGEGbUtRT2MdOlZ2RBQUKABgQjQcDRotCStBd1IAAWMeIlM7VgwYIAorQAdEFFk_GCkQJQ\" alt=\"\" width=\"45\" height=\"58\" loading=\"lazy\"\/>  <\/p>\n<p class=\"contentpart contentpart--default contentpart--text\" data-position=\"9\">II runda gry pojedynczej:<\/p>\n<p class=\"contentpart contentpart--default contentpart--text\" data-position=\"10\">Janice Tjen (Indonezja) &#8211; Leylah Fernandez (Kanada) 7:6(5), 6:4<br \/>Amanda Anisimova (USA, 2) &#8211; Barbora Krejcikova (Czechy) walkower<\/p>\n","protected":false},"excerpt":{"rendered":"Antonia Ruzi\u0107\u00a0rozpocz\u0119\u0142a walk\u0119 o g\u0142\u00f3wn\u0105 drabink\u0119 zmaga\u0144 w Dubaju od spotkania z Rebecc\u0105 Sramkov\u0105. Cho\u0107 po trzysetowej walce&hellip;\n","protected":false},"author":2,"featured_media":263199,"comment_status":"","ping_status":"","sticky":false,"template":"","format":"standard","meta":{"footnotes":"","_share_on_mastodon":"0"},"categories":[24],"tags":[3879,9216,6083,3877,6461,17370,6073,40526,42,38,40,39,41,127,126,156,157,44771],"class_list":["post-263198","post","type-post","status-publish","format-standard","has-post-thumbnail","category-sport","tag-amanda-anisimova","tag-anna-kalinska","tag-antonia-ruzic","tag-barbora-krejcikova","tag-emma-raducanu","tag-janice-tjen","tag-jelena-ostapenko","tag-leylah-fernandez","tag-pl","tag-poland","tag-polish","tag-polska","tag-polski","tag-sport","tag-sports","tag-tenis","tag-wta","tag-wta-dubaj"],"share_on_mastodon":{"url":"https:\/\/pubeurope.com\/@pl\/116082522434488280","error":""},"_links":{"self":[{"href":"https:\/\/www.europesays.com\/pl\/wp-json\/wp\/v2\/posts\/263198","targetHints":{"allow":["GET"]}}],"collection":[{"href":"https:\/\/www.europesays.com\/pl\/wp-json\/wp\/v2\/posts"}],"about":[{"href":"https:\/\/www.europesays.com\/pl\/wp-json\/wp\/v2\/types\/post"}],"author":[{"embeddable":true,"href":"https:\/\/www.europesays.com\/pl\/wp-json\/wp\/v2\/users\/2"}],"replies":[{"embeddable":true,"href":"https:\/\/www.europesays.com\/pl\/wp-json\/wp\/v2\/comments?post=263198"}],"version-history":[{"count":0,"href":"https:\/\/www.europesays.com\/pl\/wp-json\/wp\/v2\/posts\/263198\/revisions"}],"wp:featuredmedia":[{"embeddable":true,"href":"https:\/\/www.europesays.com\/pl\/wp-json\/wp\/v2\/media\/263199"}],"wp:attachment":[{"href":"https:\/\/www.europesays.com\/pl\/wp-json\/wp\/v2\/media?parent=263198"}],"wp:term":[{"taxonomy":"category","embeddable":true,"href":"https:\/\/www.europesays.com\/pl\/wp-json\/wp\/v2\/categories?post=263198"},{"taxonomy":"post_tag","embeddable":true,"href":"https:\/\/www.europesays.com\/pl\/wp-json\/wp\/v2\/tags?post=263198"}],"curies":[{"name":"wp","href":"https:\/\/api.w.org\/{rel}","templated":true}]}}