{"id":26333,"date":"2025-10-01T16:04:07","date_gmt":"2025-10-01T16:04:07","guid":{"rendered":"https:\/\/www.europesays.com\/pl\/26333\/"},"modified":"2025-10-01T16:04:07","modified_gmt":"2025-10-01T16:04:07","slug":"gus-podal-mediane-zarobkow-polakow","status":"publish","type":"post","link":"https:\/\/www.europesays.com\/pl\/26333\/","title":{"rendered":"GUS poda\u0142 median\u0119 zarobk\u00f3w Polak\u00f3w"},"content":{"rendered":"\n<p>&#13;<br \/>\nOpublikowany przez GUS raport zawiera dane z\u00a0kwietnia tego roku. Wynika z\u00a0nich, \u017ce\u00a0mediana zarobk\u00f3w w\u00a0gospodarce narodowej wynosi 7262 z\u0142 brutto. Oznacza to, \u017ce\u00a0po\u0142owie zatrudnionych zosta\u0142o wyp\u0142acone wynagrodzenie nie\u00a0wy\u017csze ni\u017c\u00a0ta\u00a0kwota, a\u00a0druga po\u0142owa otrzyma\u0142a wynagrodzenie nie\u00a0ni\u017csze. Przypomnijmy, \u017ce\u00a0jeszcze w\u00a0styczniu wska\u017anik ten wynosi\u0142 6\u00a0882,80 z\u0142 brutto. &#13;\n<\/p>\n<p>&#13;<br \/>\nW sektorze publicznym mediana wynagrodze\u0144 by\u0142a wy\u017csza o\u00a01389 z\u0142 od\u00a0mediany wynagrodze\u0144 og\u00f3\u0142em, natomiast w\u00a0sektorze prywatnym ni\u017csza o\u00a0712,36 z\u0142. &#13;\n<\/p>\n<p>&#13;<br \/>\nWarto\u015b\u0107 mediany wynagrodze\u0144 r\u00f3\u017cni\u0142a si\u0119 w\u00a0zale\u017cno\u015bci od\u00a0p\u0142ci \u2013\u00a0w\u00a0przypadku m\u0119\u017cczyzn wynios\u0142a 7451 z\u0142, natomiast w\u015br\u00f3d kobiet \u2014\u00a07083,20 z\u0142. &#13;\n<\/p>\n<p>&#13;<br \/>\nJak pokazuj\u0105 dane, 10 proc. najgorzej zarabiaj\u0105cych otrzymywa\u0142o wynagrodzenie, kt\u00f3re nie\u00a0przekracza\u0142o kwoty 4666 z\u0142. Z\u00a0kolei 10 proc. najlepiej zarabiaj\u0105cych dostawa\u0142o co najmniej 14 172,41 z\u0142. &#13;\n<\/p>\n<p>&#13;<br \/>\nPrzypomnijmy, \u017ce\u00a0GUS poda\u0142 w\u00a0poniedzia\u0142ek, \u017ce\u00a0w\u00a02024\u00a0r. przeci\u0119tny miesi\u0119czny doch\u00f3d rozporz\u0105dzalny na\u00a0osob\u0119 wyni\u00f3s\u0142 3167 z\u0142, co\u00a0oznacza wzrost o\u00a018,3 proc. nominalnie i\u00a014,1 proc. realnie w\u00a0por\u00f3wnaniu z\u00a02023\u00a0r. &#13;\n<\/p>\n<p>Przeci\u0119tne wynagrodzenie<\/p>\n<p>&#13;<br \/>\nWed\u0142ug GUS, <a href=\"https:\/\/dorzeczy.pl\/ekonomia\/780882\/zarobki-polakow-najnowsze-dane-pokazuja-spadek-tempa-wzrostu.html\" rel=\"nofollow noopener\" target=\"_blank\">przeci\u0119tna pensja<\/a> w\u00a0ubieg\u0142ym miesi\u0105cu w\u00a0sektorze przedsi\u0119biorstw wynios\u0142a 8\u00a0tys. 769,08 z\u0142. Oznacza to\u00a0wzrost o\u00a07,1 proc. w\u00a0por\u00f3wnaniu z\u00a0analogicznym okresem roku poprzedniego. Eksperci wskazuj\u0105 jednak, \u017ce\u00a0w\u00a0por\u00f3wnaniu z\u00a0lipcem poziom \u015bredniego wynagrodzenia spad\u0142 o\u00a01,5 proc. &#13;\n<\/p>\n<p>&#13;<br \/>\n&#8222;Na obni\u017cenie poziomu wynagrodze\u0144 wp\u0142yw mia\u0142a mniejsza skala dodatkowych wyp\u0142at, kt\u00f3re mia\u0142y miejsce w\u00a0poprzednim miesi\u0105cu m.in. nagr\u00f3d i\u00a0premii w\u00a0tym rocznych, nagr\u00f3d jubileuszowych, a\u00a0tak\u017ce odpraw emerytalnych (kt\u00f3re obok wynagrodze\u0144 zasadniczych tak\u017ce zaliczane s\u0105 do\u00a0sk\u0142adnik\u00f3w wynagrodze\u0144)&#8221; \u2014\u00a0poda\u0142 GUS. &#13;\n<\/p>\n<p>&#13;<br \/>\nJak wskazuj\u0105 analitycy mBanku, sierpie\u0144 to\u00a0drugi miesi\u0105c z\u00a0rz\u0119du, kiedy p\u0142ace rosn\u0105 wolniej od\u00a0zak\u0142adanego konsensu. &#13;\n<\/p>\n<p>&#13;<br \/>\nCzytaj te\u017c:<br \/><a href=\"https:\/\/dorzeczy.pl\/ekonomia\/786393\/wzrost-dochodu-rozporzadzalnego-w-polsce-tusk-oglasza-koniec-drozyzny.html\" rel=\"follow nofollow noopener\" data-schema=\"DORZECZY\" data-image=\"https:\/\/img.dorzeczy.pl\/_thumb\/41\/b8\/1ec3a02296d1d898e24869095246.jpeg\" target=\"_blank\">Premier og\u0142asza &#8222;koniec dro\u017cyzny&#8221;. M\u00f3wi o\u00a0rekordowych dochodach Polak\u00f3w<\/a>Czytaj te\u017c:<br \/><a href=\"https:\/\/dorzeczy.pl\/ekonomia\/785289\/zus-sprawdza-emerytow-czesc-bedzie-musiala-oddac-czternastke.html\" rel=\"follow nofollow noopener\" data-schema=\"DORZECZY\" data-image=\"https:\/\/img.dorzeczy.pl\/_thumb\/e7\/45\/3f5e4121f4715ae47e4493388b11.jpeg\" target=\"_blank\">ZUS sprawdza emeryt\u00f3w. Cz\u0119\u015b\u0107 b\u0119dzie musia\u0142a odda\u0107 niema\u0142e pieni\u0105dze<\/a>&#13;<\/p>\n","protected":false},"excerpt":{"rendered":"&#13; Opublikowany przez GUS raport zawiera dane z\u00a0kwietnia tego roku. Wynika z\u00a0nich, \u017ce\u00a0mediana zarobk\u00f3w w\u00a0gospodarce narodowej wynosi 7262&hellip;\n","protected":false},"author":2,"featured_media":26334,"comment_status":"","ping_status":"","sticky":false,"template":"","format":"standard","meta":{"footnotes":""},"categories":[16],"tags":[113,112,4978,98,105,1704,49,601,8018,42,8020,38,40,39,41,90,8019],"class_list":{"0":"post-26333","1":"post","2":"type-post","3":"status-publish","4":"format-standard","5":"has-post-thumbnail","7":"category-biznes","8":"tag-biznes","9":"tag-business","10":"tag-dane","11":"tag-dorzeczy","12":"tag-ekonomia","13":"tag-gus","14":"tag-kraj","15":"tag-marcin-bugaj","16":"tag-mediana","17":"tag-pl","18":"tag-polakow","19":"tag-poland","20":"tag-polish","21":"tag-polska","22":"tag-polski","23":"tag-raport","24":"tag-zarobkow"},"share_on_mastodon":{"url":"","error":""},"_links":{"self":[{"href":"https:\/\/www.europesays.com\/pl\/wp-json\/wp\/v2\/posts\/26333","targetHints":{"allow":["GET"]}}],"collection":[{"href":"https:\/\/www.europesays.com\/pl\/wp-json\/wp\/v2\/posts"}],"about":[{"href":"https:\/\/www.europesays.com\/pl\/wp-json\/wp\/v2\/types\/post"}],"author":[{"embeddable":true,"href":"https:\/\/www.europesays.com\/pl\/wp-json\/wp\/v2\/users\/2"}],"replies":[{"embeddable":true,"href":"https:\/\/www.europesays.com\/pl\/wp-json\/wp\/v2\/comments?post=26333"}],"version-history":[{"count":0,"href":"https:\/\/www.europesays.com\/pl\/wp-json\/wp\/v2\/posts\/26333\/revisions"}],"wp:featuredmedia":[{"embeddable":true,"href":"https:\/\/www.europesays.com\/pl\/wp-json\/wp\/v2\/media\/26334"}],"wp:attachment":[{"href":"https:\/\/www.europesays.com\/pl\/wp-json\/wp\/v2\/media?parent=26333"}],"wp:term":[{"taxonomy":"category","embeddable":true,"href":"https:\/\/www.europesays.com\/pl\/wp-json\/wp\/v2\/categories?post=26333"},{"taxonomy":"post_tag","embeddable":true,"href":"https:\/\/www.europesays.com\/pl\/wp-json\/wp\/v2\/tags?post=26333"}],"curies":[{"name":"wp","href":"https:\/\/api.w.org\/{rel}","templated":true}]}}