{"id":263453,"date":"2026-02-17T01:21:05","date_gmt":"2026-02-17T01:21:05","guid":{"rendered":"https:\/\/www.europesays.com\/pl\/263453\/"},"modified":"2026-02-17T01:21:05","modified_gmt":"2026-02-17T01:21:05","slug":"rafal-brzoska-o-klotniach-z-zona-mamy-umowe-ktora-zawarlismy-u-notariusza-2","status":"publish","type":"post","link":"https:\/\/www.europesays.com\/pl\/263453\/","title":{"rendered":"Rafa\u0142 Brzoska o k\u0142\u00f3tniach z \u017con\u0105. &#8222;Mamy umow\u0119, kt\u00f3r\u0105 zawarli\u015bmy u notariusza&#8221;"},"content":{"rendered":"<p><a href=\"https:\/\/plejada.pl\/temat\/rafal-brzoska\/5k6qe8q\" id=\"920ad209-7e1f-43e0-8819-d73d0082ff19\" rel=\"nofollow noopener\" target=\"_blank\">Rafa\u0142 Brzoska<\/a> i Omenaa Mensah s\u0105 jedn\u0105 z najbardziej rozpoznawalnych par w\u015br\u00f3d polskich celebryt\u00f3w, a w sieci zainteresowanie budzi nie tylko ich zwi\u0105zek, lecz dzia\u0142alno\u015b\u0107 biznesowa. Za\u0142o\u017cyciel i prezes InPostu znalaz\u0142 zaszczytne miejsce na li\u015bcie najbogatszych Polak\u00f3w, a jego maj\u0105tek szacuje si\u0119 na kilka miliard\u00f3w z\u0142. W 2019 r. Brzoska stan\u0105\u0142 na \u015blubnym kobiercu u boku prezenterki Omeny Mensah, z kt\u00f3r\u0105 mia\u0142 ju\u017c wtedy dwuletniego syna. Ma\u0142\u017conkowie wsp\u00f3lnie zaj\u0119li si\u0119 biznesem, a tak\u017ce zaanga\u017cowali si\u0119 w dzia\u0142alno\u015b\u0107 charytatywn\u0105. Dalszy ci\u0105g artyku\u0142u pod materia\u0142em wideo    <\/p>\n<p> Jakie zapisy znajduj\u0105 si\u0119 w umowie Rafa\u0142a Brzoski i Omeny Mensah? <\/p>\n<p> Jak Rafa\u0142 Brzoska radzi sobie z k\u0142\u00f3tniami? <\/p>\n<p> Ile czasu zaj\u0119\u0142o Rafa\u0142owi Brzosce pogodzenie si\u0119 z Omen\u0105 Mensah? <\/p>\n<p> Czy Rafa\u0142 Brzoska i Omena Mensah maj\u0105 dwuletniego syna? <\/p>\n<p>     Zaskakuj\u0105ce wyznanie Rafa\u0142a Brzoski. Taki ma spos\u00f3b na k\u0142\u00f3tnie z Omen\u0105 MensahCho\u0107 <a href=\"https:\/\/plejada.pl\/temat\/omenaa-mensah\/ny755nd\" id=\"9a7a6a21-2610-4c9e-89ef-2aae73007448\" rel=\"nofollow noopener\" target=\"_blank\">Omena Mensah<\/a> i Rafa\u0142 Brzoska mog\u0105 pochwali\u0107 si\u0119 maj\u0105tkiem, o kt\u00f3rym wielu tylko \u015bni, nie omijaj\u0105 ich problemy dnia codziennego. Podczas jednego z ostatnich wywiad\u00f3w przedsi\u0119biorca otwarcie przyzna\u0142, \u017ce zdarza mu si\u0119 k\u0142\u00f3ci\u0107 z \u017con\u0105, jednak w ich sytuacji tzw. ciche dni nie wchodz\u0105 w gr\u0119, a wszystko przez zapis, kt\u00f3ry znajduje si\u0119 w podpisanym przez nich akcie notarialnym    <\/p>\n<p>&#8222;Mamy tak\u0105 umow\u0119, kt\u00f3r\u0105 zawarli\u015bmy mi\u0119dzy sob\u0105 u notariusza&#8221; \u2014 wyzna\u0142 Brzoska w podca\u015bcie &#8222;Biznes Misja&#8221;.<\/p>\n<p> <img decoding=\"async\" src=\"https:\/\/www.europesays.com\/pl\/wp-content\/uploads\/2026\/02\/Qhxk9lBaHR0cHM6Ly9vY2RuLmV1L3B1bHNjbXMvTURBXy9kNWI2ZTdmNWVkN2RjNTQ5NjY3ZDRlODFhYmZkM2ZmNC5qcGeRlQLNB.jpeg\" height=\"800\" width=\"533\" alt=\"Omenaa Mensah, Rafa\u0142 Brzoska\" loading=\"lazy\" class=\"ods-c-image__img ods-c-image__img--vertical\"\/> <\/p>\n<p>Omenaa Mensah, Rafa\u0142 BrzoskaPawe\u0142 Wrzecion \/ MW Media<\/p>\n<blockquote class=\"ods-o-quote\">\n<p class=\"ods-o-quote__paragraph\">Jeden z tych punkt\u00f3w m\u00f3wi, \u017ce ta osoba, kt\u00f3ra rozpocz\u0119\u0142a k\u0142\u00f3tni\u0119, w ci\u0105gu 24 godzin musi przyj\u015b\u0107 i przeprosi\u0107. A je\u017celi tego nie zrobi, to w ci\u0105gu kolejnych 24 godzin, obydwie osoby udaj\u0105 si\u0119 do kogo\u015b, kto jest takim niezale\u017cnym arbitrem i m\u00f3wimy, co nam le\u017cy. I tego punktu nigdy nie naruszyli\u015bmy<\/p>\n<\/blockquote>\n<p>\u2014 wyja\u015bni\u0142.<\/p>\n<p>Za\u0142o\u017cyciel i prezes InPostu przy okazji wr\u00f3ci\u0142 pami\u0119ci\u0105 do niedawnego sporu z Omen\u0105 Mensah. &#8222;Ostatni raz k\u0142\u00f3cili\u015bmy si\u0119 mo\u017ce z trzy tygodnie temu, zaj\u0119\u0142o nam to mniej ni\u017c trzy godziny, \u017ceby si\u0119 pogodzi\u0107&#8221; \u2014 stwierdzi\u0142 Brzoska, udowadniaj\u0105c, \u017ce zawarta mi\u0119dzy nimi umowa przynosi oczekiwane efekty.<\/p>\n<p> <img decoding=\"async\" src=\"https:\/\/www.europesays.com\/pl\/wp-content\/uploads\/2026\/02\/tFvk9lBaHR0cHM6Ly9vY2RuLmV1L3B1bHNjbXMvTURBXy85NDZlN2QwMmE0NmUxZTEwYWM4ODY3YWUyNmRhODJjNy5qcGeRlQLNB.jpeg\" height=\"800\" width=\"533\" alt=\"Rafa\u0142 Brzoska i Omenaa Mensah\" loading=\"lazy\" class=\"ods-c-image__img ods-c-image__img--vertical\"\/> <\/p>\n<p>Rafa\u0142 Brzoska i Omenaa MensahAndras Szilagyi \/ MW Media<\/p>\n<p>  <img decoding=\"async\" src=\"https:\/\/www.europesays.com\/pl\/wp-content\/uploads\/2026\/02\/GWqk9lBaHR0cHM6Ly9vY2RuLmV1L3B1bHNjbXMvTURBXy9mM2MwZjdhNzQ2NTJjMTBhZDRkNTliNzU5ODA5MzU4ZS5qcGeRlQLNB.jpeg\" height=\"800\" width=\"532\" alt=\"Rafa\u0142 Brzoska i Omenaa Mensah\" loading=\"lazy\" class=\"ods-c-image__img ods-c-image__img--vertical\"\/> <\/p>\n<p>Rafa\u0142 Brzoska i Omenaa MensahPiotr Andrzejczak \/ MW Media<\/p>\n<p>  <img decoding=\"async\" src=\"https:\/\/www.europesays.com\/pl\/wp-content\/uploads\/2026\/02\/gFpk9lBaHR0cHM6Ly9vY2RuLmV1L3B1bHNjbXMvTURBXy8wMWZhZmNkODE5ZjlhZmNmYTc4ZGM0MjVjY2FmNTljMi5qcGeRlQLNB.jpeg\" height=\"800\" width=\"533\" alt=\"Rafa\u0142 Brzoska i Omenaa Mensah\" loading=\"lazy\" class=\"ods-c-image__img ods-c-image__img--vertical\"\/> <\/p>\n<p>Rafa\u0142 Brzoska i Omenaa MensahAndras Szilagyi \/ MW Media<\/p>\n<p>  <img decoding=\"async\" src=\"https:\/\/www.europesays.com\/pl\/wp-content\/uploads\/2026\/02\/WJGk9lBaHR0cHM6Ly9vY2RuLmV1L3B1bHNjbXMvTURBXy9lZDk0ZmU0ZjI1MmYyNTA3Njk1ZjRjODVlOTQxNWVhNS5qcGeRlQLNB.jpeg\" height=\"800\" width=\"533\" alt=\"Rafa\u0142 Brzoska i Omenaa Mensah\" loading=\"lazy\" class=\"ods-c-image__img ods-c-image__img--vertical\"\/> <\/p>\n<p>Rafa\u0142 Brzoska i Omenaa MensahAndras Szilagyi \/ MW Media<\/p>\n<p>  Dzi\u0119kujemy, \u017ce przeczyta\u0142a\u015b\/e\u015b nasz artyku\u0142 do ko\u0144ca. W serwisie Plejada.pl ka\u017cdego dnia piszemy o najwa\u017cniejszych wydarzeniach show-biznesowych. B\u0105d\u017a na bie\u017c\u0105co! <a rel=\"nofollow noopener\" href=\"https:\/\/profile.google.com\/cp\/Cg0vZy8xMWJ6X19wdHBx\" id=\"e7d3272d-1609-4468-9052-3c433cbfc133\" target=\"_blank\">Obserwuj<\/a> Plejad\u0119 w Google. Odwied\u017a nas tak\u017ce na <a rel=\"nofollow noopener\" href=\"https:\/\/www.facebook.com\/plejadapl\" id=\"07e09ef7-4d63-44b8-bc7d-6e0e1ef383f8\" target=\"_blank\">Facebooku<\/a>, <a rel=\"nofollow noopener\" href=\"https:\/\/www.instagram.com\/plejadapl\/\" id=\"d81267f9-91c4-4d80-9e0f-8772900f890b\" target=\"_blank\">Instagramie<\/a>, <a rel=\"nofollow noopener\" href=\"https:\/\/www.youtube.com\/c\/plejada\" id=\"b4819843-30a8-4623-ab7c-f7294f6467a6\" target=\"_blank\">YouTubie<\/a> oraz <a rel=\"nofollow noopener\" href=\"https:\/\/www.tiktok.com\/@plejada_pl\" id=\"25178a03-fcc3-4aef-8f60-10d79293ed0f\" target=\"_blank\">TikToku<\/a>.   Chcesz podzieli\u0107 si\u0119 ciekawym newsem lub zaproponowa\u0107 temat? Skontaktuj si\u0119 z nami, pisz\u0105c maila na adres: <a rel=\"nofollow noopener\" href=\"https:\/\/plejada.pl\/newsy\/rafal-brzoska-o-klotniach-z-zona-mamy-umowe-ktora-zawarlismy-u-notariusza\/mailto:plejada@redakcjaonet.pl\" id=\"5e1c8c35-2bbe-47c0-9efb-e26cc7483e0e\" target=\"_blank\">plejada@redakcjaon<\/a><a href=\"https:\/\/et.pl\" id=\"c240277c-73df-4cd8-b6da-23a1d5791702\" rel=\"nofollow noopener\" target=\"_blank\">et.pl<\/a>.<script async src=\"\/\/www.instagram.com\/embed.js\"><\/script><script async src=\"\/\/www.tiktok.com\/embed.js\"><\/script><\/p>\n","protected":false},"excerpt":{"rendered":"Rafa\u0142 Brzoska i Omenaa Mensah s\u0105 jedn\u0105 z najbardziej rozpoznawalnych par w\u015br\u00f3d polskich celebryt\u00f3w, a w sieci zainteresowanie&hellip;\n","protected":false},"author":2,"featured_media":263454,"comment_status":"","ping_status":"","sticky":false,"template":"","format":"standard","meta":{"footnotes":"","_share_on_mastodon":"0"},"categories":[22],"tags":[122,48,125,1114,46,42,38,40,39,41,16970,123,47,45195],"class_list":["post-263453","post","type-post","status-publish","format-standard","has-post-thumbnail","category-rozrywka","tag-entertainment","tag-nat_styl","tag-newsy","tag-omenaa_mensah","tag-omp","tag-pl","tag-poland","tag-polish","tag-polska","tag-polski","tag-rafal_brzoska","tag-rozrywka","tag-screening_general","tag-unifeed_tst0"],"share_on_mastodon":{"url":"https:\/\/pubeurope.com\/@pl\/116083352191868289","error":""},"_links":{"self":[{"href":"https:\/\/www.europesays.com\/pl\/wp-json\/wp\/v2\/posts\/263453","targetHints":{"allow":["GET"]}}],"collection":[{"href":"https:\/\/www.europesays.com\/pl\/wp-json\/wp\/v2\/posts"}],"about":[{"href":"https:\/\/www.europesays.com\/pl\/wp-json\/wp\/v2\/types\/post"}],"author":[{"embeddable":true,"href":"https:\/\/www.europesays.com\/pl\/wp-json\/wp\/v2\/users\/2"}],"replies":[{"embeddable":true,"href":"https:\/\/www.europesays.com\/pl\/wp-json\/wp\/v2\/comments?post=263453"}],"version-history":[{"count":0,"href":"https:\/\/www.europesays.com\/pl\/wp-json\/wp\/v2\/posts\/263453\/revisions"}],"wp:featuredmedia":[{"embeddable":true,"href":"https:\/\/www.europesays.com\/pl\/wp-json\/wp\/v2\/media\/263454"}],"wp:attachment":[{"href":"https:\/\/www.europesays.com\/pl\/wp-json\/wp\/v2\/media?parent=263453"}],"wp:term":[{"taxonomy":"category","embeddable":true,"href":"https:\/\/www.europesays.com\/pl\/wp-json\/wp\/v2\/categories?post=263453"},{"taxonomy":"post_tag","embeddable":true,"href":"https:\/\/www.europesays.com\/pl\/wp-json\/wp\/v2\/tags?post=263453"}],"curies":[{"name":"wp","href":"https:\/\/api.w.org\/{rel}","templated":true}]}}