{"id":264384,"date":"2026-02-17T14:15:08","date_gmt":"2026-02-17T14:15:08","guid":{"rendered":"https:\/\/www.europesays.com\/pl\/264384\/"},"modified":"2026-02-17T14:15:08","modified_gmt":"2026-02-17T14:15:08","slug":"lod-pokryje-drogi-i-chodniki-imgw-wydaje-alerty-dla-dziewieciu-wojewodztw-onet","status":"publish","type":"post","link":"https:\/\/www.europesays.com\/pl\/264384\/","title":{"rendered":"L\u00f3d pokryje drogi i chodniki. IMGW wydaje alerty dla dziewi\u0119ciu wojew\u00f3dztw &#8211; Onet"},"content":{"rendered":"<ol>\n<li><a href=\"https:\/\/news.google.com\/rss\/articles\/CBMiwwFBVV95cUxQT1J3cU82LWFhYWlTOTZjYUVNZGlOOTAtbjlTYmJYSXY2MHFpTzlBVkY5azhCMGY5eVRvUVRKbllQT1U0UnMwaVVUUVlRa3EydTlGdWQyV2VmNHJnS0JaQUMxOXd6Wm9vdWN1Y1NwSFc4bUxTX09OSHFhd0Uya1F2QlN1MHA2bXJ4RktBWGoyNDVYeXJjemVIcG16N3hGT3pYUnlFcFZ2SG5TeW9kSTRVMVdVdEVvdlBUVHVRZFFUOFNqT1E?oc=5\" target=\"_blank\" rel=\"nofollow noopener\">L\u00f3d pokryje drogi i chodniki. IMGW wydaje alerty dla dziewi\u0119ciu wojew\u00f3dztw<\/a>&nbsp;&nbsp;Onet<\/li>\n<li><a href=\"https:\/\/news.google.com\/rss\/articles\/CBMitwFBVV95cUxQaUFrM0FCSmRmSldlTjJONWlfaDMxaUF4X2ZOMlVhVXQ2YnR1TEhPRndzYm5LcVROX2NCRHBzV3BiRGhlcU0xUTZJRlJLdE5rWTZ5T0FvSUg3TVhCN0NlVW9mZXhkUW9IbFJwR3ZDMVhKU2RxTlcyT29kSjMzVFhsd3FCTk1FOHk4cDFjZUl3ZlNoaTNIcWFEa3dtZTlaRDN0a2Y4NURuM1NBUEwzVXhHbVFjcmZDZ0k?oc=5\" target=\"_blank\" rel=\"nofollow noopener\">Ostrze\u017cenia IMGW. Wraca \u015blizgawica, sypnie \u015bniegiem. Alarmy dla ponad po\u0142owy wojew\u00f3dztw<\/a>&nbsp;&nbsp;TVN24<\/li>\n<li><a href=\"https:\/\/news.google.com\/rss\/articles\/CBMipwFBVV95cUxQUEVDSlBmU1FCVUJxTEdUN2w0WmdjUTc4R1BqRHJpcGxDWnN2SWZnZUo4SUt4WVdGMFJsbUk4MFEwV1VzRlEyUk5iN0lWZWJlNzYxUzFkQTZLRUl5QmVHNjc5TTM0TEl5RGJOMVl2Q05nUlFvNFBxNkpNT3UyV2tDNVYxVmtidHdUVFZFSV9MSVVQZ0xMUGNWQ2lUMzF5dlZ6UmdDLTAtOA?oc=5\" target=\"_blank\" rel=\"nofollow noopener\">Drogi i chodniki pokryj\u0105 si\u0119 lodem. IMGW wydaje alerty dla dziewi\u0119ciu wojew\u00f3dztw<\/a>&nbsp;&nbsp;Onet Wiadomo\u015bci<\/li>\n<li><a href=\"https:\/\/news.google.com\/rss\/articles\/CBMi5wFBVV95cUxNUUFBZjBocE9DVXpBazY3QTJjZVc2OEJYenpsNENFUjhubWUySmxLejdFWHlFZEtJZkw3MkVqUDdNZlhneVdyQjJpSTFNX1JuZzdsSGRuNDF0aU5Yc0FDY1FYaEo2UkZ4QndBTU5relp6YlVkd1FIZ0czSFBMNlJqaTdHUXUzUVFrTzljRkNnakw5M1JlU3lJWkhhSVdUMDJpdWh1aDhYWmhwd3dKNEpuYnNVT3lsOGRsS1JwZ19EcXlLaGo4OURxZ29pZWM5bnlmZUg2ekhseE9Ub0Q5QUIyMmlpaU53aWM?oc=5\" target=\"_blank\" rel=\"nofollow noopener\">Ostrze\u017cenie przed marzn\u0105cymi opadami deszczu ze \u015bniegiem i mokrego \u015bniegu &#8211; 17-18 lutego 2026 r.<\/a>&nbsp;&nbsp;Urz\u0105d Miasta \u017bory<\/li>\n<li><a href=\"https:\/\/news.google.com\/rss\/articles\/CBMiqgFBVV95cUxQX3hjdG5mNmJMYWJfcXB4TjNFSE5QdjhUZG53YTJMOW5lSjJITk41M0dydXJPZzJ4aW9rQjFrb0J2WTg2clNfd3JxZkkxczlrN3czRFRjbjdKbjJKaDgxWV9YTUI2dHN1SmN2aUdURll1emEySnhmUHRObXFxTEJ1WlYzMExLN3cwdm5hczVtR042ampITVF0UktmZWZ1R3NlTWliZDhKMHp0Zw?oc=5\" target=\"_blank\" rel=\"nofollow noopener\">Ostrze\u017cenie IMGW dla Wroc\u0142awia i Dolnego \u015al\u0105ska. Do czwartku musimy liczy\u0107 si\u0119 z go\u0142oledzi\u0105<\/a>&nbsp;&nbsp;wroclaw.pl<\/li>\n<\/ol>\n","protected":false},"excerpt":{"rendered":"L\u00f3d pokryje drogi i chodniki. IMGW wydaje alerty dla dziewi\u0119ciu wojew\u00f3dztw&nbsp;&nbsp;Onet Ostrze\u017cenia IMGW. Wraca \u015blizgawica, sypnie \u015bniegiem. Alarmy&hellip;\n","protected":false},"author":2,"featured_media":264385,"comment_status":"","ping_status":"","sticky":false,"template":"","format":"standard","meta":{"footnotes":"","_share_on_mastodon":"0"},"categories":[12],"tags":[32,33,36,37,23120,27,167,34,35,28,31,53,25,52,68,51,55,42,78,38,40,39,41,47,29,30,65,50,26],"class_list":["post-264384","post","type-post","status-publish","format-standard","has-post-thumbnail","category-polska","tag-breaking-news","tag-breakingnews","tag-featured-news","tag-featurednews","tag-gololedz","tag-headlines","tag-imgw","tag-latest-news","tag-latestnews","tag-naglowki","tag-najwazniejsze-artykuly","tag-new_header","tag-news","tag-onet3","tag-onet3d","tag-onet3d_2i","tag-phx","tag-pl","tag-pogoda","tag-poland","tag-polish","tag-polska","tag-polski","tag-screening_general","tag-top-stories","tag-topstories","tag-update_me","tag-v2021","tag-wiadomosci"],"share_on_mastodon":{"url":"https:\/\/pubeurope.com\/@pl\/116086395630320208","error":""},"_links":{"self":[{"href":"https:\/\/www.europesays.com\/pl\/wp-json\/wp\/v2\/posts\/264384","targetHints":{"allow":["GET"]}}],"collection":[{"href":"https:\/\/www.europesays.com\/pl\/wp-json\/wp\/v2\/posts"}],"about":[{"href":"https:\/\/www.europesays.com\/pl\/wp-json\/wp\/v2\/types\/post"}],"author":[{"embeddable":true,"href":"https:\/\/www.europesays.com\/pl\/wp-json\/wp\/v2\/users\/2"}],"replies":[{"embeddable":true,"href":"https:\/\/www.europesays.com\/pl\/wp-json\/wp\/v2\/comments?post=264384"}],"version-history":[{"count":0,"href":"https:\/\/www.europesays.com\/pl\/wp-json\/wp\/v2\/posts\/264384\/revisions"}],"wp:featuredmedia":[{"embeddable":true,"href":"https:\/\/www.europesays.com\/pl\/wp-json\/wp\/v2\/media\/264385"}],"wp:attachment":[{"href":"https:\/\/www.europesays.com\/pl\/wp-json\/wp\/v2\/media?parent=264384"}],"wp:term":[{"taxonomy":"category","embeddable":true,"href":"https:\/\/www.europesays.com\/pl\/wp-json\/wp\/v2\/categories?post=264384"},{"taxonomy":"post_tag","embeddable":true,"href":"https:\/\/www.europesays.com\/pl\/wp-json\/wp\/v2\/tags?post=264384"}],"curies":[{"name":"wp","href":"https:\/\/api.w.org\/{rel}","templated":true}]}}