{"id":265400,"date":"2026-02-18T05:07:08","date_gmt":"2026-02-18T05:07:08","guid":{"rendered":"https:\/\/www.europesays.com\/pl\/265400\/"},"modified":"2026-02-18T05:07:08","modified_gmt":"2026-02-18T05:07:08","slug":"spiecie-w-programie-na-zywo-prowadzaca-nagle-zwrocila-sie-widzow","status":"publish","type":"post","link":"https:\/\/www.europesays.com\/pl\/265400\/","title":{"rendered":"Spi\u0119cie w programie na \u017cywo. Prowadz\u0105ca nagle zwr\u00f3ci\u0142a si\u0119 widz\u00f3w"},"content":{"rendered":"<ul class=\"UnorderedList_container__nmfSl\">\n<li class=\"UnorderedList_listElement__Py7xi\" data-id=\"ai-summary-link\">Du\u017co czytania, a ma\u0142o czasu? Sprawd\u017a\u00a0skr\u00f3t\u00a0artyku\u0142u<\/li>\n<\/ul>\n<p class=\"Paragraph_desktopParagraph__U31Gm\">Podczas &#8222;Debaty Gozdyry&#8221; w Polsat News \u0141ukasz Kmita zosta\u0142 poproszony o ocen\u0119 polityki zbrojeniowej prowadzonej za rz\u0105d\u00f3w PiS. Zamiast odpowiedzie\u0107 na pytanie, pose\u0142 skierowa\u0142 uwag\u0119 na decyzje podj\u0119te w latach 2007-2015, kiedy to \u2014 jak podkre\u015bli\u0142 \u2014 Platforma Obywatelska wraz z PSL odpowiada\u0142a za likwidacj\u0119 600 jednostek wojskowych. Wskaza\u0142 przy tym na obecnego w studiu europos\u0142a Koalicji Obywatelskiej Micha\u0142a Szczerb\u0119, sugeruj\u0105c, \u017ce osoby odpowiedzialne za te decyzje nie powinny dzi\u015b wypowiada\u0107 si\u0119 na temat bezpiecze\u0144stwa kraju.<\/p>\n<p class=\"VideoPlayerText_videoPlayerText__iDwyz\">Dalszy ci\u0105g materia\u0142u pod wideo<\/p>\n<ul class=\"OchatFollowUps_wrapper__1ry7X\">\n<li class=\"OchatFollowUps_item__Dhyly OchatFollowUps_itemDesktop__R6aBv\">Czego dotyczy\u0142a krytyka \u0141ukasza Kmity w programie?<\/li>\n<li class=\"OchatFollowUps_item__Dhyly OchatFollowUps_itemDesktop__R6aBv\">Jak Agnieszka Gozdyra zareagowa\u0142a na wypowiedzi Kmity?<\/li>\n<li class=\"OchatFollowUps_item__Dhyly OchatFollowUps_itemDesktop__R6aBv\">Co s\u0105dzi \u0141ukasz Kmita o programie SAFE?<\/li>\n<li class=\"OchatFollowUps_item__Dhyly OchatFollowUps_itemDesktop__R6aBv\">Dlaczego Gozdyra zwr\u00f3ci\u0142a si\u0119 do widz\u00f3w?<\/li>\n<\/ul>\n<p>\u0141ukasz Kmita zarzuci\u0142 prowadz\u0105cej &#8222;mi\u0142o\u015b\u0107&#8221; do Micha\u0142a Szczerby. Szybka reakcja <\/p>\n<p class=\"Paragraph_desktopParagraph__U31Gm\">Prowadz\u0105ca program Agnieszka Gozdyra pr\u00f3bowa\u0142a skierowa\u0107 rozmow\u0119 na temat polityki zbrojeniowej rz\u0105d\u00f3w PiS, jednak Kmita konsekwentnie wraca\u0142 do w\u0105tk\u00f3w z przesz\u0142o\u015bci.<\/p>\n<p class=\"Paragraph_desktopParagraph__U31Gm\">\u2014 Zaczynam m\u00f3wi\u0107 o historii, pani redaktor, i o tym wstydliwym w\u0105tku dla Platformy Obywatelskiej. Z pewno\u015bci\u0105, bo my\u015bl\u0119, \u017ce dzi\u015b polscy patrioci pami\u0119taj\u0105 Donaldowi Tuskowi, pami\u0119taj\u0105 Ewie Kopacz i dzia\u0142aczom Platformy Obywatelskiej likwidacj\u0119 600 jednostek wojskowych, w tym tych na wschodzie \u2014 m\u00f3wi\u0142 \u0141ukasz Kmita.<\/p>\n<p class=\"Paragraph_desktopParagraph__U31Gm\">W pewnym momencie pose\u0142 PiS skomentowa\u0142 atmosfer\u0119 panuj\u0105c\u0105 na pocz\u0105tku programu, sugeruj\u0105c, \u017ce prowadz\u0105ca w zbyt przyjazny spos\u00f3b rozmawia\u0142a z Micha\u0142em Szczerb\u0105. \u2014 Po tym pocz\u0105tku tak sobie pa\u0144stwo pi\u0119knie pili z dziubk\u00f3w, a\u017c si\u0119 zastanawia\u0142em, sk\u0105d ta mi\u0142o\u015b\u0107 do pos\u0142a Szczerby, ale teraz ju\u017c rozumiem \u2014 zarzuci\u0142 dziennikarce, kt\u00f3ra szybko zareagowa\u0142a, prosz\u0105c, by jej &#8222;w \u017cadne buty nie wk\u0142ada\u0142&#8221; i nakaza\u0142a, by odpowiada\u0142 na pytania.<\/p>\n<p>Prowadz\u0105ca nagle zwr\u00f3ci\u0142a si\u0119 do widz\u00f3w <\/p>\n<p class=\"Paragraph_desktopParagraph__U31Gm\">\u0141ukasz Kmita odni\u00f3s\u0142 si\u0119 w\u00f3wczas do rz\u0105dowego programu SAFE, kt\u00f3ry \u2014 jak stwierdzi\u0142 \u2014 jest wed\u0142ug niego pr\u00f3b\u0105 wprowadzenia opinii publicznej w b\u0142\u0105d. Pose\u0142 PiS przekonywa\u0142, \u017ce \u015brodki z programu SAFE maj\u0105 jedynie zast\u0105pi\u0107 fundusze ju\u017c wcze\u015bniej zapisane w bud\u017cecie pa\u0144stwa w ramach Funduszu Wsparcia Si\u0142 Zbrojnych.<\/p>\n<p class=\"Paragraph_desktopParagraph__U31Gm\">W odpowiedzi na unikanie odpowiedzi przez pos\u0142a na pierwotnie zadane pytanie, prowadz\u0105ca zwr\u00f3ci\u0142a si\u0119 do widz\u00f3w. \u2014 Prosz\u0119 pa\u0144stwa, mieli\u015bmy sytuacj\u0119 tak\u0105 oto w tym programie, \u017ce pan pose\u0142 Kmita m\u00f3wi\u0142 przez mniej wi\u0119cej dwie-trzy minuty i nie odpowiedzia\u0142 w og\u00f3le na \u017cadne z moich pyta\u0144 (&#8230;). Je\u015bli jakikolwiek go\u015b\u0107 tak b\u0119dzie robi\u0142, to ja b\u0119d\u0119 pa\u0144stwa informowa\u0107 i m\u00f3wi\u0107 go\u015bciowi, \u017ceby by\u0142a pe\u0142na jasno\u015b\u0107 \u2014 podsumowa\u0142a Agnieszka Gozdyra, na co \u0141ukasz Kmita stwierdzi\u0142, \u017ce &#8222;szkoda, \u017ce go nie s\u0142ucha\u0142a&#8221;. <\/p>\n","protected":false},"excerpt":{"rendered":"Du\u017co czytania, a ma\u0142o czasu? Sprawd\u017a\u00a0skr\u00f3t\u00a0artyku\u0142u Podczas &#8222;Debaty Gozdyry&#8221; w Polsat News \u0141ukasz Kmita zosta\u0142 poproszony o ocen\u0119&hellip;\n","protected":false},"author":2,"featured_media":265401,"comment_status":"","ping_status":"","sticky":false,"template":"","format":"standard","meta":{"footnotes":"","_share_on_mastodon":"0"},"categories":[5],"tags":[15774,32,33,244,36,37,27,67,34,35,45529,28,31,53,25,52,68,51,55,42,38,40,12742,39,41,47,29,30,65,50,26],"class_list":["post-265400","post","type-post","status-publish","format-standard","has-post-thumbnail","category-naglowki","tag-agnieszka_gozdyra","tag-breaking-news","tag-breakingnews","tag-ctr_tst","tag-featured-news","tag-featurednews","tag-headlines","tag-intextvideo_splayer","tag-latest-news","tag-latestnews","tag-lukasz_kmita","tag-naglowki","tag-najwazniejsze-artykuly","tag-new_header","tag-news","tag-onet3","tag-onet3d","tag-onet3d_2i","tag-phx","tag-pl","tag-poland","tag-polish","tag-polsat_news","tag-polska","tag-polski","tag-screening_general","tag-top-stories","tag-topstories","tag-update_me","tag-v2021","tag-wiadomosci"],"share_on_mastodon":{"url":"https:\/\/pubeurope.com\/@pl\/116089903006029532","error":""},"_links":{"self":[{"href":"https:\/\/www.europesays.com\/pl\/wp-json\/wp\/v2\/posts\/265400","targetHints":{"allow":["GET"]}}],"collection":[{"href":"https:\/\/www.europesays.com\/pl\/wp-json\/wp\/v2\/posts"}],"about":[{"href":"https:\/\/www.europesays.com\/pl\/wp-json\/wp\/v2\/types\/post"}],"author":[{"embeddable":true,"href":"https:\/\/www.europesays.com\/pl\/wp-json\/wp\/v2\/users\/2"}],"replies":[{"embeddable":true,"href":"https:\/\/www.europesays.com\/pl\/wp-json\/wp\/v2\/comments?post=265400"}],"version-history":[{"count":0,"href":"https:\/\/www.europesays.com\/pl\/wp-json\/wp\/v2\/posts\/265400\/revisions"}],"wp:featuredmedia":[{"embeddable":true,"href":"https:\/\/www.europesays.com\/pl\/wp-json\/wp\/v2\/media\/265401"}],"wp:attachment":[{"href":"https:\/\/www.europesays.com\/pl\/wp-json\/wp\/v2\/media?parent=265400"}],"wp:term":[{"taxonomy":"category","embeddable":true,"href":"https:\/\/www.europesays.com\/pl\/wp-json\/wp\/v2\/categories?post=265400"},{"taxonomy":"post_tag","embeddable":true,"href":"https:\/\/www.europesays.com\/pl\/wp-json\/wp\/v2\/tags?post=265400"}],"curies":[{"name":"wp","href":"https:\/\/api.w.org\/{rel}","templated":true}]}}