{"id":265745,"date":"2026-02-18T09:04:08","date_gmt":"2026-02-18T09:04:08","guid":{"rendered":"https:\/\/www.europesays.com\/pl\/265745\/"},"modified":"2026-02-18T09:04:08","modified_gmt":"2026-02-18T09:04:08","slug":"sluzby-rozbily-grupe-przestepcza-powiazana-ze-slynnym-gangiem-motocyklowym","status":"publish","type":"post","link":"https:\/\/www.europesays.com\/pl\/265745\/","title":{"rendered":"S\u0142u\u017cby rozbi\u0142y grup\u0119 przest\u0119pcz\u0105 powi\u0105zan\u0105 ze s\u0142ynnym gangiem motocyklowym"},"content":{"rendered":"<p>To by\u0142a wsp\u00f3lna operacja s\u0142u\u017cb z Polski i Niemiec. Jej efektem by\u0142o rozbicie niebezpiecznej <a href=\"https:\/\/wiadomosci.onet.pl\/kraj\/miedzynarodowa-operacja-wymierzona-w-narkobiznes-najwieksza-w-historii-ue\/z6h1nxr\" id=\"75798a57-5f2b-488c-9696-2ac5fcb2346b\" rel=\"nofollow noopener\" target=\"_blank\">mi\u0119dzynarodowej grupy przest\u0119pczej<\/a>, dzia\u0142aj\u0105cej przez blisko osiem lat. Skoordynowane dzia\u0142ania rozpocz\u0119\u0142y si\u0119 w drugiej po\u0142owie stycznia br. i obj\u0119\u0142y swoim zasi\u0119giem terytoria Polski, Niemiec, Czech i Hiszpanii.Handel broni\u0105, kradzie\u017c luksusowych aut, czerpanie korzy\u015bci z nierz\u0105du<\/p>\n<p>Skuteczno\u015b\u0107 tych dzia\u0142a\u0144 by\u0142a mo\u017cliwa dzi\u0119ki wsp\u00f3\u0142pracy pomi\u0119dzy polsk\u0105 Prokuratur\u0105 Krajow\u0105 a prokuratur\u0105 w D\u00fcsseldorfie, przy wsparciu przedstawicieli obu kraj\u00f3w w Eurojust. W akcj\u0119 zaanga\u017cowane by\u0142y kluczowe jednostki uderzeniowe, w tym BKA \u2014 Bundeskriminalamt (niemiecka formacja do walki z przest\u0119pczo\u015bci\u0105 zorganizowan\u0105 i terroryzmem), a ze strony polskiej CB\u015aP i Stra\u017c Graniczna, co pozwoli\u0142o na sparali\u017cowanie dzia\u0142alno\u015bci gangu w wielu miejscach Europy.<\/p>\n<p>   ZOBACZ R\u00d3WNIE\u017b: <a href=\"https:\/\/wiadomosci.onet.pl\/warszawa\/zlikwidowali-siec-laboratoriow-z-wyjatkowo-groznymi-narkotykami-akcja-cbsp\/l2pjsst\" id=\"ed261fff-8a4b-44d9-a59a-0d14fb991ede\" rel=\"nofollow noopener\" target=\"_blank\">Zlikwidowali sie\u0107 laboratori\u00f3w z wyj\u0105tkowo gro\u017anymi narkotykami. Akcja CB\u015aP<\/a><\/p>\n<p>\u2014 Z ustale\u0144 \u015bledczych wynika, \u017ce rozbita struktura funkcjonowa\u0142a od 2014 do 2022 roku, zrzeszaj\u0105c obywateli Polski i Niemiec o bardzo wysokim stopniu zorganizowania. Spektrum nielegalnej aktywno\u015bci grupy by\u0142o niezwykle szerokie i obejmowa\u0142o handel broni\u0105 paln\u0105 oraz amunicj\u0105, wprowadzanie do obrotu fa\u0142szywych \u015brodk\u00f3w p\u0142atniczych, a tak\u017ce przemyt i handel znacznymi ilo\u015bciami narkotyk\u00f3w \u2014 przekaza\u0142 nam kom. Krzysztof Wrze\u015bniowski, rzecznik CB\u015aP.<\/p>\n<p>    Dalszy ci\u0105g artyku\u0142u pod materia\u0142em wideo    <\/p>\n<p> Jakie przest\u0119pstwa pope\u0142nia\u0142a rozbita grupa przest\u0119pcza? <\/p>\n<p> Ile os\u00f3b zosta\u0142o zatrzymanych w akcji? <\/p>\n<p> Jak d\u0142ugo dzia\u0142a\u0142a grupa przest\u0119pcza? <\/p>\n<p> Co zosta\u0142o znalezione podczas przeszuka\u0144? <\/p>\n<p>\u2014 Cz\u0142onkowie grupy zajmowali si\u0119 r\u00f3wnie\u017c kradzie\u017cami luksusowych pojazd\u00f3w, czerpaniem korzy\u015bci z cudzego nierz\u0105du oraz wyj\u0105tkowo szkodliwym procederem nielegalnego przywozu na terytorium Polski toksycznych odpad\u00f3w \u2014 doda\u0142 kom. Wrze\u015bniowski.<\/p>\n<p>ZOBACZ R\u00d3WNIE\u017b: <a href=\"https:\/\/wiadomosci.onet.pl\/warszawa\/polska-policja-przygotowuje-sie-na-koniec-wojny-w-ukrainie-bardzo-duze-zmiany\/m5rjq48\" id=\"35a10570-1570-488c-b2de-4008d1a2a2b6\" rel=\"nofollow noopener\" target=\"_blank\">Polska policja przygotowuje si\u0119 na koniec wojny w Ukrainie. Bardzo du\u017ce zmiany<\/a>   <\/p>\n<p>W akcji zatrzymano \u0142\u0105cznie 23 osoby. Podejrzani to obywatele Polski i Niemiec, w tym przedstawiciele klan\u00f3w tureckich oraz cz\u0142onkowie jednego z najbardziej rozpoznawalnych na \u015bwiecie gang\u00f3w motocyklowych. Jak ustali\u0142 nieoficjalnie Onet, chodzi o Hell Angels Motorcycle Club.<\/p>\n<p>Klub motocyklist\u00f3w uznawany za organizacj\u0119 przest\u0119pcz\u0105<\/p>\n<p>Gang ten wywodzi si\u0119 z USA. Oficjalnie ten mi\u0119dzynarodowy klub motocyklowy powsta\u0142 17 marca 1948 roku w Fontanie w stanie Kalifornia. Pocz\u0105tkowo nale\u017celi do niego ameryka\u0144scy weterani II wojny \u015bwiatowej, dla kt\u00f3rych wsp\u00f3lna jazda na motocyklach by\u0142a sposobem na \u017cycie po powrocie do kraju. Klub z czasem okry\u0142 si\u0119 jednak z\u0142\u0105 s\u0142aw\u0105 na ca\u0142ym \u015bwiecie ze wzgl\u0119du na dzia\u0142alno\u015b\u0107 przest\u0119pcz\u0105 wielu swoich cz\u0142onk\u00f3w.<\/p>\n<p>Ameryka\u0144ski wymiar sprawiedliwo\u015bci uzna\u0142 ich oficjalnie za organizacj\u0119 przest\u0119pcz\u0105 i postawi\u0142 na r\u00f3wni z meksyka\u0144skimi kartelami narkotykowymi, a nawet organizacjami terrorystycznymi. Wed\u0142ug szacunk\u00f3w policji, klub Hells Angels liczy oko\u0142o pi\u0119ciu tysi\u0119cy cz\u0142onk\u00f3w na ca\u0142ym \u015bwiecie. Maj\u0105 swoje oddzia\u0142y tak\u017ce w Polsce, w tym m.in. w Gda\u0144sku, Poznaniu, Wroc\u0142awiu, Rzeszowie czy Opolu.<\/p>\n<p>   ZOBACZ R\u00d3WNIE\u017b: <a href=\"https:\/\/wiadomosci.onet.pl\/tylko-w-onecie\/byly-funkcjonariusz-cbs-ujawnia-prawde-o-dzialalnosci-gangow-motocyklowych-w-polsce\/y5gwpj\" id=\"8571a8e2-ec05-47e2-9e14-ca87c404a24c\" rel=\"nofollow noopener\" target=\"_blank\">By\u0142y funkcjonariusz CB\u015a ujawnia prawd\u0119 o dzia\u0142alno\u015bci gang\u00f3w motocyklowych w Polsce<\/a>\u2014 W niekt\u00f3rych oddzia\u0142ach klubu nawet 80-90 procent cz\u0142onk\u00f3w ma notowania kryminalne. I chodzi tu o &#8222;tward\u0105&#8221; przest\u0119pczo\u015b\u0107, tak\u0105 jak: zab\u00f3jstwa, rozboje, pobicia z u\u017cyciem niebezpiecznych narz\u0119dzi, wymuszenia rozb\u00f3jnicze, handel narkotykami czy handel lud\u017ami \u2014 m\u00f3wi\u0142 informator Onetu, gdy <a href=\"https:\/\/wiadomosci.onet.pl\/tylko-w-onecie\/w-polsce-odbedzie-sie-swiatowy-zlot-gangu-motocyklowego-hells-angels-wpuszczenie-ich\/pdt4zd\" id=\"2f3899fb-5801-4f27-9af0-6d59f6d0a91f\" rel=\"nofollow noopener\" target=\"_blank\">pisali\u015bmy o planowanym w czerwcu 2016 r. \u015bwiatowym zlocie cz\u0142onk\u00f3w gangu &#8222;World Run 2016&#8221;<\/a> w Polsce (tysi\u0105ca jego cz\u0142onk\u00f3w pilnowa\u0142o wtedy pi\u0119\u0107 tys. policjant\u00f3w).<\/p>\n<p>Jak si\u0119 okazuje, cz\u0142onkowie klubu Hell Angels nadal pope\u0142niaj\u0105 przest\u0119pstwa, o czym \u015bwiadczy obecne \u015bledztwo, kt\u00f3rym pojawili si\u0119 r\u00f3wnie\u017c ich cz\u0142onkowie.<\/p>\n<p>U zatrzymanych znaleziono fa\u0142szywe legitymacje i mundury policji<\/p>\n<p>W ramach polskiego w\u0105tku ca\u0142ej operacji zosta\u0142o zatrzymanych pi\u0119\u0107 os\u00f3b. Na wniosek prokuratora s\u0105d zastosowa\u0142 \u015brodek zapobiegawczy w postaci tymczasowego aresztowania wobec czterech z nich. Jedna osoba zosta\u0142a obj\u0119ta wolno\u015bciowymi \u015brodkami zapobiegawczymi.<\/p>\n<p>Podczas przeszuka\u0144 przeprowadzonych w Polsce i Niemczech funkcjonariusze odkryli liczne dowody przest\u0119pczej profesji. S\u0142u\u017cby zabezpieczy\u0142y bro\u0144 paln\u0105, amunicj\u0119, znaczne ilo\u015bci narkotyk\u00f3w oraz wyroby tytoniowe bez znak\u00f3w akcyzy.<\/p>\n<p>\u2014 Szczeg\u00f3ln\u0105 uwag\u0119 \u015bledczych zwr\u00f3ci\u0142y odnalezione fa\u0142szywe legitymacje i elementy umundurowania polskich s\u0142u\u017cb, a tak\u017ce piecz\u0119cie polskich i niemieckich urz\u0119d\u00f3w s\u0142u\u017c\u0105ce do podrabiania dokument\u00f3w. W jednej ze specjalnie przygotowanych skrytek funkcjonariusze ujawnili i zabezpieczyli 200 tys. euro w got\u00f3wce, kt\u00f3re bezpo\u015brednio pochodzi\u0142y z dzia\u0142alno\u015bci przest\u0119pczej \u2014 informuje kom. Krzysztof Wrze\u015bniowski.<\/p>\n<p>Za zarzucane czyny podejrzanym grozi kara do 15 lat wi\u0119zienia.<\/p>\n","protected":false},"excerpt":{"rendered":"To by\u0142a wsp\u00f3lna operacja s\u0142u\u017cb z Polski i Niemiec. Jej efektem by\u0142o rozbicie niebezpiecznej mi\u0119dzynarodowej grupy przest\u0119pczej, dzia\u0142aj\u0105cej&hellip;\n","protected":false},"author":2,"featured_media":265746,"comment_status":"","ping_status":"","sticky":false,"template":"","format":"standard","meta":{"footnotes":"","_share_on_mastodon":"0"},"categories":[12],"tags":[32,33,4383,36,37,27,34,35,45542,28,31,48,25,46,42,38,414,40,39,41,1666,47,515,29,30,45199,435,26,4403],"class_list":["post-265745","post","type-post","status-publish","format-standard","has-post-thumbnail","category-polska","tag-breaking-news","tag-breakingnews","tag-cbsp","tag-featured-news","tag-featurednews","tag-headlines","tag-latest-news","tag-latestnews","tag-motocykle_i_motocyklisci","tag-naglowki","tag-najwazniejsze-artykuly","tag-nat_styl","tag-news","tag-omp","tag-pl","tag-poland","tag-policja","tag-polish","tag-polska","tag-polski","tag-przestepstwo","tag-screening_general","tag-straz_graniczna","tag-top-stories","tag-topstories","tag-unifeed_tst1","tag-warszawa","tag-wiadomosci","tag-zorganizowana_grupa_przestepcza"],"share_on_mastodon":{"url":"https:\/\/pubeurope.com\/@pl\/116090835242427559","error":""},"_links":{"self":[{"href":"https:\/\/www.europesays.com\/pl\/wp-json\/wp\/v2\/posts\/265745","targetHints":{"allow":["GET"]}}],"collection":[{"href":"https:\/\/www.europesays.com\/pl\/wp-json\/wp\/v2\/posts"}],"about":[{"href":"https:\/\/www.europesays.com\/pl\/wp-json\/wp\/v2\/types\/post"}],"author":[{"embeddable":true,"href":"https:\/\/www.europesays.com\/pl\/wp-json\/wp\/v2\/users\/2"}],"replies":[{"embeddable":true,"href":"https:\/\/www.europesays.com\/pl\/wp-json\/wp\/v2\/comments?post=265745"}],"version-history":[{"count":0,"href":"https:\/\/www.europesays.com\/pl\/wp-json\/wp\/v2\/posts\/265745\/revisions"}],"wp:featuredmedia":[{"embeddable":true,"href":"https:\/\/www.europesays.com\/pl\/wp-json\/wp\/v2\/media\/265746"}],"wp:attachment":[{"href":"https:\/\/www.europesays.com\/pl\/wp-json\/wp\/v2\/media?parent=265745"}],"wp:term":[{"taxonomy":"category","embeddable":true,"href":"https:\/\/www.europesays.com\/pl\/wp-json\/wp\/v2\/categories?post=265745"},{"taxonomy":"post_tag","embeddable":true,"href":"https:\/\/www.europesays.com\/pl\/wp-json\/wp\/v2\/tags?post=265745"}],"curies":[{"name":"wp","href":"https:\/\/api.w.org\/{rel}","templated":true}]}}