{"id":266570,"date":"2026-02-18T18:29:07","date_gmt":"2026-02-18T18:29:07","guid":{"rendered":"https:\/\/www.europesays.com\/pl\/266570\/"},"modified":"2026-02-18T18:29:07","modified_gmt":"2026-02-18T18:29:07","slug":"nieoznakowane-radiowozy-elektryczne-kie-mozna-poznac-po-naklejce-na-bagazniku","status":"publish","type":"post","link":"https:\/\/www.europesays.com\/pl\/266570\/","title":{"rendered":"Nieoznakowane radiowozy. Elektryczne Kie mo\u017cna pozna\u0107 po naklejce na baga\u017cniku"},"content":{"rendered":"<p>SPIS TRE\u015aCI<\/p>\n<ol class=\"ods-a-table-of-content__items\">\n<li class=\"ods-a-table-of-content__item\"><a href=\"#toc-jakie-radiowozy-dostala-stoleczna-policja\" class=\"ods-a-table-of-content__link\">Jakie radiowozy dosta\u0142a sto\u0142eczna policja?<\/a><\/li>\n<li class=\"ods-a-table-of-content__item\"><a href=\"#toc-kia-ev3-co-to-za-auto-dlaczego-policja-bedzie-z-nich-korzystac\" class=\"ods-a-table-of-content__link\">Kia EV3 \u2014 co to za auto? Dlaczego policja b\u0119dzie z nich korzysta\u0107?<\/a><\/li>\n<\/ol>\n<p class=\"ods-o-frame-in-text__paragraph\">W skr\u00f3cie: <\/p>\n<ul class=\"ods-m-bullet-list\">\n<li class=\"ods-a-bullet ods-a-bullet--normal\"> Sto\u0142eczna policja otrzyma\u0142a sze\u015b\u0107 nowych, nieoznakowanych elektrycznych radiowoz\u00f3w Kia EV3 <\/li>\n<li class=\"ods-a-bullet ods-a-bullet--normal\"> Zakup aut sfinansowano w po\u0142owie z funduszu ochrony \u015brodowiska. Ca\u0142o\u015b\u0107 kosztowa\u0142a 1 mln 270 tys. 836 z\u0142 <\/li>\n<li class=\"ods-a-bullet ods-a-bullet--normal\"> Nowe pojazdy trafi\u0142y do kluczowych jednostek, m.in. do Laboratorium Kryminalistycznego <\/li>\n<li class=\"ods-a-bullet ods-a-bullet--normal\"> Wi\u0119cej informacji wa\u017cnych dla kierowc\u00f3w znajdziesz na <a href=\"https:\/\/www.auto-swiat.pl\/\" title=\"https:\/\/www.auto-swiat.pl\/\" rel=\"nofollow noopener\" target=\"_blank\">stronie g\u0142\u00f3wnej Auto \u015awiata<\/a> <\/li>\n<\/ul>\n<p>W uroczysto\u015bci przekazania pojazd\u00f3w uczestniczyli m.in. Zast\u0119pca Komendanta Sto\u0142ecznego Policji, insp. Robert Fr\u0105ckowiak, Prezes Zarz\u0105du WFO\u015aiGW w Warszawie Zbigniew Deptu\u0142a oraz kierownicy jednostek i kom\u00f3rek organizacyjnych KSP. Projekt, w ramach kt\u00f3rego zakupiono nowe samochody, ma na celu popraw\u0119 jako\u015bci powietrza w stolicy poprzez ograniczenie emisji spalin. Ca\u0142kowita warto\u015b\u0107 przedsi\u0119wzi\u0119cia wynios\u0142a 1 mln 270 tys. 836 z\u0142, z czego po\u0142ow\u0119 \u2014 635 tys. 418 z\u0142 \u2014 stanowi\u0142o dofinansowanie z funduszu ochrony \u015brodowiska.<\/p>\n<p>   Jakie radiowozy dosta\u0142a sto\u0142eczna policja?<\/p>\n<p>Podczas uroczysto\u015bci przekazania nowych radiowoz\u00f3w zast\u0119pca Komendanta Sto\u0142ecznego Policji, insp. Robert Fr\u0105ckowiak zwr\u00f3ci\u0142 uwag\u0119, \u017ce wyzwania stoj\u0105ce przed sto\u0142eczn\u0105 policj\u0105 wymagaj\u0105 inwestycji w nowoczesne \u015brodki transportu. Podkre\u015bli\u0142, \u017ce funkcjonariusze musz\u0105 mie\u0107 do dyspozycji pojazdy, kt\u00f3re nie tylko umo\u017cliwiaj\u0105 skuteczn\u0105 realizacj\u0119 zada\u0144 s\u0142u\u017cbowych, ale tak\u017ce zapewniaj\u0105 komfort i bezpiecze\u0144stwo pracy, przy jednoczesnym dbaniu o \u015brodowisko.<\/p>\n<p>Kia EV3 \u2014 co to za auto? Dlaczego policja b\u0119dzie z nich korzysta\u0107?   <\/p>\n<p>Nowe radiowozy Kia EV3 nap\u0119dza silnik elektryczny, kt\u00f3ry \u2014 jak podkre\u015bla sto\u0142eczna policja \u2014 pozwala na ograniczenie koszt\u00f3w eksploatacji. Szczeg\u00f3lnie wa\u017cna dla policjant\u00f3w okaza\u0142a si\u0119 redukcyjna skrzynia bieg\u00f3w o sta\u0142ym prze\u0142o\u017ceniu. Dzi\u0119ki niej samochody te maj\u0105 by\u0107 szczeg\u00f3lnie przydatne podczas dzia\u0142a\u0144 prowadzonych na terenie aglomeracji warszawskiej. Dodatkowe o\u015bwietlenie dla kierowcy i pasa\u017cera u\u0142atwia\u0107 ma za to sporz\u0105dzanie dokumentacji podczas policyjnych interwencji. Radiowozy zosta\u0142y tak\u017ce oklejone specjalnymi naklejkami. Takiego oznaczenia wymagaj\u0105 zakupy finansowane i wsp\u00f3\u0142finansowane przez WFO\u015aiGW.<\/p>\n<p>Policja nie poinformowa\u0142a, kt\u00f3ra wersja Kia EV3 trafi\u0142a do sto\u0142ecznych jednostek. Auto na polskim rynku oferowane jest z akumulatorem o pojemno\u015bci 58,3 kWh oraz 81,4 kWh. Niezale\u017cnie od jego pojemno\u015bci samoch\u00f3d ma 204 KM. Rozp\u0119dza si\u0119 do 170 km na godz., a pierwsz\u0105 &#8222;setk\u0119&#8221; uzyskuje po 7,5 sek.<\/p>\n<p> Ile nowych radiowoz\u00f3w otrzyma\u0142a sto\u0142eczna policja? <\/p>\n<p> Jakie model radiowoz\u00f3w ma policja? <\/p>\n<p> Sk\u0105d pochodzi finansowanie zakupu radiowoz\u00f3w? <\/p>\n<p> Dlaczego policja zdecydowa\u0142a si\u0119 na elektryczne radiowozy? <\/p>\n<p>Podczas uroczysto\u015bci podkre\u015blono r\u00f3wnie\u017c znaczenie wsp\u00f3\u0142pracy z Wojew\u00f3dzkim Funduszem Ochrony \u015arodowiska i Gospodarki Wodnej w Warszawie. Przedstawiciele policji wyrazili wdzi\u0119czno\u015b\u0107 za wsparcie i profesjonalizm pracownik\u00f3w funduszu, zaznaczaj\u0105c, \u017ce wsp\u00f3lne dzia\u0142ania przyczyniaj\u0105 si\u0119 do poprawy bezpiecze\u0144stwa i porz\u0105dku publicznego w stolicy. Spotkanie sta\u0142o si\u0119 tak\u017ce okazj\u0105 do prezentacji nowych radiowoz\u00f3w, kt\u00f3re maj\u0105 nie tylko zwi\u0119kszy\u0107 efektywno\u015b\u0107 pracy funkcjonariuszy, ale r\u00f3wnie\u017c wp\u0142yn\u0105\u0107 na popraw\u0119 jako\u015bci powietrza w Warszawie. Policja podkre\u015bla, \u017ce nowe elektryczne radiowozy to kolejny krok w kierunku nowoczesnej, ekologicznej i skutecznej policji w aglomeracji warszawskiej.<\/p>\n","protected":false},"excerpt":{"rendered":"SPIS TRE\u015aCI Jakie radiowozy dosta\u0142a sto\u0142eczna policja? Kia EV3 \u2014 co to za auto? Dlaczego policja b\u0119dzie z&hellip;\n","protected":false},"author":2,"featured_media":266571,"comment_status":"","ping_status":"","sticky":false,"template":"","format":"standard","meta":{"footnotes":"","_share_on_mastodon":"0"},"categories":[16],"tags":[210,113,112,1258,36404,48,46,42,38,414,40,39,41,8434,47,45199,26],"class_list":["post-266570","post","type-post","status-publish","format-standard","has-post-thumbnail","category-biznes","tag-aktualnosci","tag-biznes","tag-business","tag-kia","tag-kia_ev3","tag-nat_styl","tag-omp","tag-pl","tag-poland","tag-policja","tag-polish","tag-polska","tag-polski","tag-radiowoz","tag-screening_general","tag-unifeed_tst1","tag-wiadomosci"],"share_on_mastodon":{"url":"https:\/\/pubeurope.com\/@pl\/116093056717544587","error":""},"_links":{"self":[{"href":"https:\/\/www.europesays.com\/pl\/wp-json\/wp\/v2\/posts\/266570","targetHints":{"allow":["GET"]}}],"collection":[{"href":"https:\/\/www.europesays.com\/pl\/wp-json\/wp\/v2\/posts"}],"about":[{"href":"https:\/\/www.europesays.com\/pl\/wp-json\/wp\/v2\/types\/post"}],"author":[{"embeddable":true,"href":"https:\/\/www.europesays.com\/pl\/wp-json\/wp\/v2\/users\/2"}],"replies":[{"embeddable":true,"href":"https:\/\/www.europesays.com\/pl\/wp-json\/wp\/v2\/comments?post=266570"}],"version-history":[{"count":0,"href":"https:\/\/www.europesays.com\/pl\/wp-json\/wp\/v2\/posts\/266570\/revisions"}],"wp:featuredmedia":[{"embeddable":true,"href":"https:\/\/www.europesays.com\/pl\/wp-json\/wp\/v2\/media\/266571"}],"wp:attachment":[{"href":"https:\/\/www.europesays.com\/pl\/wp-json\/wp\/v2\/media?parent=266570"}],"wp:term":[{"taxonomy":"category","embeddable":true,"href":"https:\/\/www.europesays.com\/pl\/wp-json\/wp\/v2\/categories?post=266570"},{"taxonomy":"post_tag","embeddable":true,"href":"https:\/\/www.europesays.com\/pl\/wp-json\/wp\/v2\/tags?post=266570"}],"curies":[{"name":"wp","href":"https:\/\/api.w.org\/{rel}","templated":true}]}}