{"id":26678,"date":"2025-10-01T19:23:12","date_gmt":"2025-10-01T19:23:12","guid":{"rendered":"https:\/\/www.europesays.com\/pl\/26678\/"},"modified":"2025-10-01T19:23:12","modified_gmt":"2025-10-01T19:23:12","slug":"krzysztof-zalewski-uderza-w-radoslawa-sikorskiego-prosze-sie-obudzic","status":"publish","type":"post","link":"https:\/\/www.europesays.com\/pl\/26678\/","title":{"rendered":"Krzysztof Zalewski uderza w Rados\u0142awa Sikorskiego. &#8222;Prosz\u0119 si\u0119 obudzi\u0107!&#8221;"},"content":{"rendered":"<p class=\"Paragraph_desktopParagraph__U31Gm\">Podczas wtorkowego wywiadu w radiowej Tr\u00f3jce wicepremier i szef polskiego MSZ <a href=\"https:\/\/wiadomosci.onet.pl\/kraj\/sikorski-o-sytuacji-w-strefie-gazy-straszliwa-tragedia-ale-nie-ludobojstwo\/1tpl9z3\" id=\"4b13e79f-c2d1-43c6-920f-b9360bc9bd58\" rel=\"nofollow noopener\" target=\"_blank\">Rados\u0142aw SIkorski m\u00f3wi\u0142<\/a>:<\/p>\n<blockquote>\n<p class=\"Paragraph_desktopParagraph__U31Gm\"> To, co dzieje si\u0119 w Strefie Gazy, jest straszliw\u0105 tragedi\u0105, ale nie wype\u0142nia mojego rozumienia s\u0142owa ludob\u00f3jstwo.<\/p>\n<\/blockquote>\n<p class=\"Paragraph_desktopParagraph__U31Gm\">\u2013 Ludob\u00f3jstwo to jest celowe, z rozmys\u0142em, eksterminowanie jakiej\u015b grupy etnicznej. Gdyby Izrael chcia\u0142 dokona\u0107 ludob\u00f3jstwa, to by zaj\u0119\u0142o to tydzie\u0144 czy dwa, a to jest konflikt wywo\u0142any przez Hamas, poprzez bezprzyk\u0142adny akt terroru wobec Izraela \u2013 uwa\u017ca.<\/p>\n<p class=\"Paragraph_desktopParagraph__U31Gm\">Wicepremier Rados\u0142aw Sikorski podkre\u015bli\u0142 r\u00f3wnie\u017c, \u017ce &#8222;to jest wojna z Hamasem, Izraela z Hamasem, przy kt\u00f3rej niestety ginie katastrofalna ilo\u015b\u0107 ludno\u015bci cywilnej&#8221;. <\/p>\n<ul class=\"OchatFollowUps_wrapper__1ry7X\">\n<li class=\"OchatFollowUps_item__Dhyly OchatFollowUps_itemDesktop__R6aBv\">Co powiedzia\u0142 Rados\u0142aw Sikorski na temat sytuacji w Strefie Gazy?<\/li>\n<li class=\"OchatFollowUps_item__Dhyly OchatFollowUps_itemDesktop__R6aBv\">Jak zareagowa\u0142 Krzysztof Zalewski na s\u0142owa Sikorskiego?<\/li>\n<li class=\"OchatFollowUps_item__Dhyly OchatFollowUps_itemDesktop__R6aBv\">Co Krzysztof Zalewski robi\u0142 na koncertach w kontek\u015bcie sytuacji w Gazie?<\/li>\n<li class=\"OchatFollowUps_item__Dhyly OchatFollowUps_itemDesktop__R6aBv\">Jakie s\u0105 opinie internaut\u00f3w na temat wpisu Zalewskiego?<\/li>\n<\/ul>\n<p class=\"Paragraph_desktopParagraph__U31Gm\">Te s\u0142owa nie przesz\u0142y bez echa. <a href=\"https:\/\/plejada.pl\/krzysztof-zalewski\" id=\"312a48d7-9f22-46e5-9fa9-ea722b2734ae\" rel=\"nofollow noopener\" target=\"_blank\">Krzysztof Zalewski<\/a>, kt\u00f3ry w ostatnich miesi\u0105cach wielokrotnie publicznie zabiera\u0142 g\u0142os w sprawie sytuacji w Gazie, ostro zareagowa\u0142 w mediach spo\u0142eczno\u015bciowych na wypowied\u017a Rados\u0142awa Sikorskiego. <\/p>\n<blockquote>\n<p class=\"Paragraph_desktopParagraph__U31Gm\">Izrael dokonuje ludob\u00f3jstwa w Strefie Gazy. Potwierdzi\u0142a to niezale\u017cna komisja ONZ. Panie ministrze Rados\u0142awie Sikorski \u2013 prosz\u0119 si\u0119 obudzi\u0107!<\/p>\n<\/blockquote>\n<p class=\"Paragraph_desktopParagraph__U31Gm\">\u2013 napisa\u0142 artysta.<\/p>\n<p class=\"Paragraph_desktopParagraph__U31Gm\">Wpis muzyka wywo\u0142a\u0142 szerok\u0105 dyskusj\u0119. Internauci ch\u0119tnie komentowali i zostawiali emotikony braw, podkre\u015blaj\u0105c zgodno\u015b\u0107 opinii z wokalist\u0105. Zrobi\u0142 to m.in. aktor, <a href=\"https:\/\/plejada.pl\/marcin-bosak\" id=\"ef877fef-4df4-4c29-8fbe-9c50a93c2ac2\" rel=\"nofollow noopener\" target=\"_blank\">Marcin Bosak<\/a>. <\/p>\n<p><img decoding=\"async\" class=\"Image_image__0tuHp\" height=\"587\" width=\"882\" src=\"https:\/\/www.europesays.com\/pl\/wp-content\/uploads\/2025\/10\/vPfk9kpTURBXy9jZTNlNzE1NDliYjBmNWI2MjMxNDIzMDQxYmNkMDZhNy5qcGeSlQLNA6wAwsOVAgDNAkvCw94AA6EwAaExAaEzw.jpeg\" alt=\"Krzysztof Zalewski i Muniek Staszczyk podczas koncertu M\u0119skie Granie w Warszawie (zdj\u0119cie archiwalne)\" loading=\"lazy\" \/>Artur Konopka \/ Onet<\/p>\n<p>Krzysztof Zalewski i Muniek Staszczyk podczas koncertu M\u0119skie Granie w Warszawie (zdj\u0119cie archiwalne)<\/p>\n<p class=\"Paragraph_desktopParagraph__U31Gm\">Przypomnijmy, \u017ce Krzysztof Zalewski nie po raz pierwszy daje wyraz swojej solidarno\u015bci z Palesty\u0144czykami. Podczas koncert\u00f3w, w tym na tegorocznym &#8222;M\u0119skim Graniu&#8221;, wyst\u0119powa\u0142 w koszulce stylizowanej na flag\u0119 Palestyny, apeluj\u0105c o pami\u0119\u0107 o cywilnych ofiarach konfliktu.<\/p>\n<p><img decoding=\"async\" class=\"Image_image__0tuHp\" height=\"587\" width=\"880\" src=\"https:\/\/www.europesays.com\/pl\/wp-content\/uploads\/2025\/10\/DCUk9kpTURBXy9hZjZmNjYzZDAzOGViNWUyNzljNTIxNjJiMmQ2YmU4Ni5qcGeSlQLNA6wAwsOVAgDNAkvCw94AA6EwAaExAaEzw.jpeg\" alt=\"Rados\u0142aw Sikorski\" loading=\"lazy\" \/>Leszek Szyma\u0144ski \/ PAP<\/p>\n<p>Rados\u0142aw Sikorski<\/p>\n<p class=\"Paragraph_desktopParagraph__U31Gm\">Dzi\u0119kujemy, \u017ce przeczyta\u0142a\u015b\/e\u015b nasz artyku\u0142 do ko\u0144ca.\u202fW serwisie Plejada.pl ka\u017cdego dnia piszemy o najwa\u017cniejszych wydarzeniach show-biznesowych.\u202fB\u0105d\u017a na bie\u017c\u0105co!\u202f<a rel=\"nofollow noopener\" href=\"https:\/\/news.google.com\/publications\/CAAiEF0PeAlb7W1llpV_mwV2rL4qFAgKIhBdD3gJW-1tZZaVf5sFdqy-?hl=pl&amp;gl=PL&amp;ceid=PL%3Apl\" id=\"23870957-25fa-491f-8a55-2342c5d16dd4\" target=\"_blank\">Obserwuj<\/a>\u202fPlejad\u0119 w Wiadomo\u015bciach Google. Odwied\u017a nas tak\u017ce na\u202f<a rel=\"nofollow noopener\" href=\"https:\/\/www.facebook.com\/plejadapl\" id=\"a9fff131-c8b2-4f73-8b1a-65f187b04df0\" target=\"_blank\">Facebooku<\/a>,\u202f<a rel=\"nofollow noopener\" href=\"https:\/\/www.instagram.com\/plejadapl\/\" id=\"10693e78-7321-42ff-b263-a10a3224afa9\" target=\"_blank\">Instagramie<\/a>,\u202f<a rel=\"nofollow noopener\" href=\"https:\/\/www.youtube.com\/c\/plejada\" id=\"d29120ac-3561-4652-9bcf-c7bded08c710\" target=\"_blank\">YouTubie<\/a>\u202foraz\u202f<a rel=\"nofollow noopener\" href=\"https:\/\/www.tiktok.com\/@plejada_pl\" id=\"5ad8d4c0-3e49-4588-8744-e657c49a628d\" target=\"_blank\">TikToku<\/a>.<\/p>\n<p class=\"Paragraph_desktopParagraph__U31Gm\">Chcesz podzieli\u0107 si\u0119 ciekawym newsem lub zaproponowa\u0107 temat? Skontaktuj si\u0119 z nami, pisz\u0105c maila na adres:\u202f<a href=\"https:\/\/www.onet.pl\/styl-zycia\/plejada\/krzysztof-zalewski-uderza-w-radoslawa-sikorskiego-prosze-sie-obudzic\/mailto:plejada@redakcjaonet.pl\" id=\"8cb09112-ffe2-4e2b-a17b-30086b248749\" rel=\"nofollow noopener\" target=\"_blank\">plejada@redakcjaonet.pl<\/a>.<\/p>\n<p><script async src=\"\/\/www.instagram.com\/embed.js\"><\/script><script async src=\"\/\/www.tiktok.com\/embed.js\"><\/script><\/p>\n","protected":false},"excerpt":{"rendered":"Podczas wtorkowego wywiadu w radiowej Tr\u00f3jce wicepremier i szef polskiego MSZ Rados\u0142aw SIkorski m\u00f3wi\u0142: To, co dzieje si\u0119&hellip;\n","protected":false},"author":2,"featured_media":26679,"comment_status":"","ping_status":"","sticky":false,"template":"","format":"standard","meta":{"footnotes":""},"categories":[5],"tags":[32,33,36,37,27,67,3151,34,35,28,31,53,25,52,68,51,55,42,38,40,39,41,1534,47,88,196,29,30,65,50,26],"class_list":{"0":"post-26678","1":"post","2":"type-post","3":"status-publish","4":"format-standard","5":"has-post-thumbnail","7":"category-naglowki","8":"tag-breaking-news","9":"tag-breakingnews","10":"tag-featured-news","11":"tag-featurednews","12":"tag-headlines","13":"tag-intextvideo_splayer","14":"tag-krzysztof_zalewski_muzyk","15":"tag-latest-news","16":"tag-latestnews","17":"tag-naglowki","18":"tag-najwazniejsze-artykuly","19":"tag-new_header","20":"tag-news","21":"tag-onet3","22":"tag-onet3d","23":"tag-onet3d_2i","24":"tag-phx","25":"tag-pl","26":"tag-poland","27":"tag-polish","28":"tag-polska","29":"tag-polski","30":"tag-radoslaw_sikorski_polityk","31":"tag-screening_general","32":"tag-strefa_gazy","33":"tag-styl_zycia","34":"tag-top-stories","35":"tag-topstories","36":"tag-update_me","37":"tag-v2021","38":"tag-wiadomosci"},"share_on_mastodon":{"url":"","error":""},"_links":{"self":[{"href":"https:\/\/www.europesays.com\/pl\/wp-json\/wp\/v2\/posts\/26678","targetHints":{"allow":["GET"]}}],"collection":[{"href":"https:\/\/www.europesays.com\/pl\/wp-json\/wp\/v2\/posts"}],"about":[{"href":"https:\/\/www.europesays.com\/pl\/wp-json\/wp\/v2\/types\/post"}],"author":[{"embeddable":true,"href":"https:\/\/www.europesays.com\/pl\/wp-json\/wp\/v2\/users\/2"}],"replies":[{"embeddable":true,"href":"https:\/\/www.europesays.com\/pl\/wp-json\/wp\/v2\/comments?post=26678"}],"version-history":[{"count":0,"href":"https:\/\/www.europesays.com\/pl\/wp-json\/wp\/v2\/posts\/26678\/revisions"}],"wp:featuredmedia":[{"embeddable":true,"href":"https:\/\/www.europesays.com\/pl\/wp-json\/wp\/v2\/media\/26679"}],"wp:attachment":[{"href":"https:\/\/www.europesays.com\/pl\/wp-json\/wp\/v2\/media?parent=26678"}],"wp:term":[{"taxonomy":"category","embeddable":true,"href":"https:\/\/www.europesays.com\/pl\/wp-json\/wp\/v2\/categories?post=26678"},{"taxonomy":"post_tag","embeddable":true,"href":"https:\/\/www.europesays.com\/pl\/wp-json\/wp\/v2\/tags?post=26678"}],"curies":[{"name":"wp","href":"https:\/\/api.w.org\/{rel}","templated":true}]}}