{"id":267129,"date":"2026-02-19T02:05:04","date_gmt":"2026-02-19T02:05:04","guid":{"rendered":"https:\/\/www.europesays.com\/pl\/267129\/"},"modified":"2026-02-19T02:05:04","modified_gmt":"2026-02-19T02:05:04","slug":"pierwsze-posiedzenie-rady-pokoju-trumpa-kto-przyjedzie-do-waszyngtonu-2","status":"publish","type":"post","link":"https:\/\/www.europesays.com\/pl\/267129\/","title":{"rendered":"Pierwsze posiedzenie Rady Pokoju Trumpa. Kto przyjedzie do Waszyngtonu?"},"content":{"rendered":"<p>Pierwsze posiedzenie Rady Pokoju. Co wydarzy si\u0119 w czwartek w Waszyngtonie?<\/p>\n<p>Na spotkaniu w czwartek w Waszyngtonie zaplanowano dyskusj\u0119 nad planem odbudowy Strefy Gazy oraz ujawnienie przez Trumpa szczeg\u00f3\u0142\u00f3w dotycz\u0105cych programu pomocowego dla tego terytorium o warto\u015bci 5 mld dolar\u00f3w.<\/p>\n<p>W Radzie zabrak\u0142o politycznej reprezentacji Palestyny, co jest jedn\u0105 z przyczyn, dla kt\u00f3rych niekt\u00f3re pa\u0144stwa odrzuci\u0142y zaproszenie do udzia\u0142u w inicjatywie.<\/p>\n<p>Kto we\u017amie udzia\u0142?<\/p>\n<p>Obecno\u015b\u0107 zapowiedzia\u0142y reprezentowane na szczeblu g\u0142\u00f3w pa\u0144stw: <\/p>\n<ul class=\"ods-m-bullet-list\">\n<li class=\"ods-a-bullet ods-a-bullet--normal\"> Indonezja (prezydent Prabowo Subianto), <\/li>\n<li class=\"ods-a-bullet ods-a-bullet--normal\"> Rumunia (prezydent Nicusor Dan), <\/li>\n<li class=\"ods-a-bullet ods-a-bullet--normal\"> Argentyna (prezydent Javier Milei), <\/li>\n<li class=\"ods-a-bullet ods-a-bullet--normal\"> Uzbekistan (prezydent Szawkat Mirzijojew), <\/li>\n<li class=\"ods-a-bullet ods-a-bullet--normal\"> Kazachstan (prezydent Kasym-\u017bomart Tokajew), <\/li>\n<li class=\"ods-a-bullet ods-a-bullet--normal\"> Wietnam (sekretarz generalny Komunistycznej Partii Wietnamu i prezydent To Lam). <\/li>\n<\/ul>\n<p>Na poziomie szef\u00f3w rz\u0105d\u00f3w uczestniczy\u0107 b\u0119d\u0105:<\/p>\n<ul class=\"ods-m-bullet-list\">\n<li class=\"ods-a-bullet ods-a-bullet--normal\"> Pakistan (premier Shehbaz Sharif), <\/li>\n<li class=\"ods-a-bullet ods-a-bullet--normal\"> W\u0119gry (premier Viktor Orban), <\/li>\n<li class=\"ods-a-bullet ods-a-bullet--normal\"> Kambod\u017ca (premier Hun Manet), <\/li>\n<li class=\"ods-a-bullet ods-a-bullet--normal\"> Egipt (premier Mostafa Madbuli), <\/li>\n<li class=\"ods-a-bullet ods-a-bullet--normal\"> Armenia (premier Nikol Paszynian), <\/li>\n<li class=\"ods-a-bullet ods-a-bullet--normal\"> Albania (premier Edi Rama). <\/li>\n<\/ul>\n<p>Na szczeblu ministr\u00f3w spraw zagranicznych obecno\u015b\u0107 potwierdzi\u0142y:<\/p>\n<ul class=\"ods-m-bullet-list\">\n<li class=\"ods-a-bullet ods-a-bullet--normal\"> Turcja (Hakan Fidan), <\/li>\n<li class=\"ods-a-bullet ods-a-bullet--normal\"> Izrael (Gideon Saar). <\/li>\n<\/ul>\n<p>Bu\u0142gari\u0119 ma reprezentowa\u0107 sekretarz w ministerstwie spraw zagranicznych Iwan Najdenow.<\/p>\n<p>    Dalszy ci\u0105g artyku\u0142u pod materia\u0142em wideo    <\/p>\n<p> Kiedy odb\u0119dzie si\u0119 pierwsze posiedzenie Rady Pokoju? <\/p>\n<p> Ile pa\u0144stw potwierdzi\u0142o udzia\u0142 w Radzie Pokoju? <\/p>\n<p> Kto z pa\u0144stw we\u017amie udzia\u0142 w Radzie Pokoju na poziomie g\u0142\u00f3w pa\u0144stw? <\/p>\n<p> Kogo zabraknie w Radzie Pokoju? <\/p>\n<p>  Pa\u0144stwa \u2014 obserwatorzy<\/p>\n<p>Cz\u0119\u015b\u0107 kraj\u00f3w potwierdzi\u0142a obecno\u015b\u0107 w charakterze obserwator\u00f3w. W\u0142ochy b\u0119dzie reprezentowa\u0142 wicepremier i minister spraw zagranicznych Antonio Tajani, a Czechy i S\u0142owacj\u0119 szefowie dyplomacji \u2014 odpowiednio Petr Macinka i Juraj Blanar.<\/p>\n<p>Meksyk jako pa\u0144stwo-obserwatora reprezentowa\u0107 b\u0119dzie ambasador tego kraju przy ONZ, Kore\u0119 Po\u0142udniow\u0105 \u2014 wys\u0142annik premiera i by\u0142y ambasador w Egipcie, a Uni\u0119 Europejsk\u0105 \u2014 komisarz do spraw regionu \u015br\u00f3dziemnomorskiego Dubravka Szuica.<\/p>\n<p>   Z tych pa\u0144stw nie przysz\u0142o oficjalne potwierdzenie<\/p>\n<p>Oczekiwany, cho\u0107 dot\u0105d niepotwierdzony oficjalnie, jest r\u00f3wnie\u017c udzia\u0142 przedstawicieli: Jordanii, Kuwejtu, Zjednoczonych Emirat\u00f3w Arabskich, Arabii Saudyjskiej, Omanu, Azerbejd\u017canu, Salwadoru, Paragwaju, Bahrajnu, Kosowa, Grecji, Cypru, Japonii oraz Kataru.<\/p>\n<p>Kogo zabraknie w Radzie Pokoju?<\/p>\n<p>W sk\u0142adzie Rady Pokoju brak jest tradycyjnych sojusznik\u00f3w Stan\u00f3w Zjednoczonych, m.in. Francji, Niemiec i Wielkiej Brytanii. Udzia\u0142u odm\u00f3wi\u0142y tak\u017ce m.in. Hiszpania, Austria, Polska, Islandia, Norwegia i Szwecja, a tak\u017ce Watykan oraz Australia i Nowa Zelandia.<\/p>\n<p>Chocia\u017c Polska nie b\u0119dzie cz\u0142onkiem rady, <a href=\"https:\/\/wiadomosci.onet.pl\/kraj\/prezydent-nieobecny-na-inauguracji-rady-pokoju-donalda-trumpa-zachowali-resztki\/4svv8rg\" id=\"b47905f4-53d7-4503-a10b-b12843d1b9ea\" rel=\"nofollow noopener\" target=\"_blank\">na jej pierwszym posiedzeniu b\u0119dzie obecny szef Biura Polityki Mi\u0119dzynarodowej Marcin Przydacz<\/a>.    <\/p>\n<p>W przypadku Kanady zaproszenie zosta\u0142o wycofane przez Trumpa po krytycznych uwagach premiera Marka Carneya, wyg\u0142oszonych podczas \u015awiatowego Forum Ekonomicznego w Davos.<\/p>\n<p>Chiny, Indie, Brazylia i Rosja potwierdzi\u0142y otrzymanie zaprosze\u0144, jednak dot\u0105d nie podj\u0119\u0142y decyzji o przyst\u0105pieniu.<\/p>\n<p>Czym jest Rada Pokoju?<\/p>\n<p>Rada Pokoju to mi\u0119dzynarodowa instytucja powo\u0142ana w celu nadzorowania drugiej fazy planu pokojowego Donalda Trumpa, obejmuj\u0105cej demilitaryzacj\u0119 i odbudow\u0119 Strefy Gazy. Trump pe\u0142ni funkcj\u0119 przewodnicz\u0105cego i ma prawo mianowania cz\u0142onk\u00f3w Rady. Organ ten mo\u017ce powo\u0142a\u0107 mi\u0119dzynarodowe si\u0142y stabilizacyjne, a wed\u0142ug Trumpa m\u00f3g\u0142by w przysz\u0142o\u015bci zast\u0105pi\u0107 ONZ w regionie Bliskiego Wschodu.<\/p>\n","protected":false},"excerpt":{"rendered":"Pierwsze posiedzenie Rady Pokoju. Co wydarzy si\u0119 w czwartek w Waszyngtonie? Na spotkaniu w czwartek w Waszyngtonie zaplanowano&hellip;\n","protected":false},"author":2,"featured_media":267130,"comment_status":"","ping_status":"","sticky":false,"template":"","format":"standard","meta":{"footnotes":"","_share_on_mastodon":"0"},"categories":[14],"tags":[32,33,44,27,34,35,28,31,48,25,46,40,41,40547,47,88,80,29,30,45199,71,26,82,83,84],"class_list":["post-267129","post","type-post","status-publish","format-standard","has-post-thumbnail","category-swiat","tag-breaking-news","tag-breakingnews","tag-donald_trump","tag-headlines","tag-latest-news","tag-latestnews","tag-naglowki","tag-najwazniejsze-artykuly","tag-nat_styl","tag-news","tag-omp","tag-polish","tag-polski","tag-rada_pokoju","tag-screening_general","tag-strefa_gazy","tag-swiat","tag-top-stories","tag-topstories","tag-unifeed_tst1","tag-usa","tag-wiadomosci","tag-world","tag-world-news","tag-worldnews"],"share_on_mastodon":{"url":"https:\/\/pubeurope.com\/@pl\/116094849673489763","error":""},"_links":{"self":[{"href":"https:\/\/www.europesays.com\/pl\/wp-json\/wp\/v2\/posts\/267129","targetHints":{"allow":["GET"]}}],"collection":[{"href":"https:\/\/www.europesays.com\/pl\/wp-json\/wp\/v2\/posts"}],"about":[{"href":"https:\/\/www.europesays.com\/pl\/wp-json\/wp\/v2\/types\/post"}],"author":[{"embeddable":true,"href":"https:\/\/www.europesays.com\/pl\/wp-json\/wp\/v2\/users\/2"}],"replies":[{"embeddable":true,"href":"https:\/\/www.europesays.com\/pl\/wp-json\/wp\/v2\/comments?post=267129"}],"version-history":[{"count":0,"href":"https:\/\/www.europesays.com\/pl\/wp-json\/wp\/v2\/posts\/267129\/revisions"}],"wp:featuredmedia":[{"embeddable":true,"href":"https:\/\/www.europesays.com\/pl\/wp-json\/wp\/v2\/media\/267130"}],"wp:attachment":[{"href":"https:\/\/www.europesays.com\/pl\/wp-json\/wp\/v2\/media?parent=267129"}],"wp:term":[{"taxonomy":"category","embeddable":true,"href":"https:\/\/www.europesays.com\/pl\/wp-json\/wp\/v2\/categories?post=267129"},{"taxonomy":"post_tag","embeddable":true,"href":"https:\/\/www.europesays.com\/pl\/wp-json\/wp\/v2\/tags?post=267129"}],"curies":[{"name":"wp","href":"https:\/\/api.w.org\/{rel}","templated":true}]}}