{"id":267643,"date":"2026-02-19T10:35:13","date_gmt":"2026-02-19T10:35:13","guid":{"rendered":"https:\/\/www.europesays.com\/pl\/267643\/"},"modified":"2026-02-19T10:35:13","modified_gmt":"2026-02-19T10:35:13","slug":"siedmiu-inzynierow-chce-stworzyc-polski-mikroprocesor","status":"publish","type":"post","link":"https:\/\/www.europesays.com\/pl\/267643\/","title":{"rendered":"Siedmiu in\u017cynier\u00f3w chce stworzy\u0107 polski mikroprocesor"},"content":{"rendered":"<p>            <a href=\"https:\/\/s-trojmiasto.pl\/zdj\/c\/n\/9\/4250\/1920x0\/4250173-Doszlismy-do-momentu-wktorym-mamy-unikalna-kombinacje-kapitalu-doswiadczenia-technicznego-iwiedzy-obudowaniu-przedsiebiorstw-Czemu-by-wiec-tego-nie-wykorzystac-mowi-Pawel-Pieczul-prezes-Polskiego-Krzemu.webp\" target=\"_blank\" data-slide-name=\"817925\" data-lightbox-target=\"photo full\" data-sub-html=\"&lt;h4&gt;Doszli\u015bmy do momentu, w\u00a0kt\u00f3rym mamy unikaln\u0105 kombinacj\u0119 kapita\u0142u, do\u015bwiadczenia technicznego i\u00a0wiedzy o\u00a0budowaniu przedsi\u0119biorstw. Czemu by wi\u0119c tego nie wykorzysta\u0107? - m\u00f3wi Pawe\u0142 Pieczul, prezes Polskiego Krzemu.&lt;\/h4&gt;&lt;p&gt;mat.prasowe&lt;\/p&gt;&#010;\" class=\"photoMarker__link\" data-filter-brightness=\"brightness--100\" rel=\"nofollow noopener\"><\/p>\n<p>    <img decoding=\"async\" style=\"height:500px; aspect-ratio: 1.5\/1; filter:brightness(1);\" alt=\"Doszli\u015bmy do momentu, w\u00a0kt\u00f3rym mamy unikaln\u0105 kombinacj\u0119 kapita\u0142u, do\u015bwiadczenia technicznego i\u00a0wiedzy o\u00a0budowaniu przedsi\u0119biorstw. Czemu by wi\u0119c tego nie wykorzysta\u0107? - m\u00f3wi Pawe\u0142 Pieczul, prezes Polskiego Krzemu.\" src=\"https:\/\/www.europesays.com\/pl\/wp-content\/uploads\/2026\/02\/4250173-Doszlismy-do-momentu-wktorym-mamy-unikalna-kombinacje-kapitalu-doswiadczenia.webp.webp\" class=\"photoMarker__img \" data-slider=\"img\" fetchpriority=\"high\"\/><\/p>\n<p>            <\/a><\/p>\n<p class=\"lead\">Siedmiu in\u017cynier\u00f3w z\u00a0do\u015bwiadczeniem m.in. w\u00a0Intel, Microchip, Graphcore i\u00a0STMicroelectronics powo\u0142uje sp\u00f3\u0142k\u0119 Polski Krzem. Cel to zaprojektowanie polskiego procesora, kt\u00f3ry ma sta\u0107 si\u0119 realnym produktem &#8211; nie eksponatem. W\u00a0rozmowie z\u00a0Trojmiasto.pl Pawe\u0142 Pieczul, prezes Polskiego Krzemu, wyja\u015bnia, jak \u0142\u0105cz\u0105 misj\u0119 z\u00a0twardym biznesem, jak chc\u0105 pozyska\u0107 setki milion\u00f3w z\u0142otych od wyspecjalizowanych funduszy i\u00a0w kilka lat stworzy\u0107 produkt, dbaj\u0105c o\u00a0europejsk\u0105 suwerenno\u015b\u0107 technologiczn\u0105.<\/p>\n<p><a href=\"https:\/\/www.trojmiasto.pl\/biznes\/W-Gdansku-powstanie-polski-mikroprocesor-Ruszyla-spolka-Polski-Krzem-n210888.html\" data-tklik=\"222357\" class=\"marker-news component newsMarker\" rel=\"nofollow noopener\" target=\"_blank\"><br \/>\n            <img decoding=\"async\" src=\"https:\/\/www.europesays.com\/pl\/wp-content\/uploads\/2026\/02\/4183801__kr.webp.webp\" alt=\"Czy w Gda\u0144sku powstanie polski mikroprocesor? Ruszy\u0142a sp\u00f3\u0142ka Polski Krzem\" class=\"lazy newsMarker__img\"\/><br \/>\n        Czy w Gda\u0144sku powstanie polski mikroprocesor? Ruszy\u0142a sp\u00f3\u0142ka Polski Krzem<br \/>\n<\/a><\/p>\n<p>Pomys\u0142 na stworzenie polskiego mikroprocesora jest bardzo ambitny. Czy nie postawili\u015bcie przed sob\u0105 zbyt du\u017cego i\u00a0kosztownego wyzwania?<\/p>\n<blockquote class=\"article-quote-right\"><p>Zaczynamy od funduszy Venture Capital. Jeste\u015bmy w\u00a0trzeciej rundzie rozm\u00f3w i\u00a0widzimy du\u017ce zainteresowanie. Aby zrealizowa\u0107 projekt w\u00a0ci\u0105gu trzech lat, potrzebujemy du\u017cego i\u00a0stabilnego zastrzyku got\u00f3wki. Szukamy inwestor\u00f3w, kt\u00f3rzy zapewni\u0105 nam ci\u0105g\u0142o\u015b\u0107 dzia\u0142ania przez trzy lata, akceptuj\u0105c fakt, \u017ce zysk pojawi si\u0119 po 3-5 latach. <\/p><\/blockquote>\n<p>Pawe\u0142 Pieczul: &#8211; <a href=\"https:\/\/www.trojmiasto.pl\/dom\/Spot-i1639.html\" class=\"parse-link\" title=\"Spot\" rel=\"nofollow noopener\" target=\"_blank\">Spotka\u0142a<\/a> si\u0119 grupa siedmiu os\u00f3b, kt\u00f3re zna\u0142em wcze\u015bniej zawodowo. Wszyscy pracujemy w\u00a0bran\u017cy technologicznej od kilkudziesi\u0119ciu lat &#8211; zawsze dla kapita\u0142u zagranicznego, w\u00a0firmach takich jak Microchip, Intel, Graphcore czy STMicroelectronics. Przez ten czas zrobili\u015bmy mniejsze lub wi\u0119ksze kariery, ale pracowali\u015bmy zawsze dla kogo\u015b. Uznali\u015bmy, \u017ce to idealny moment &#8211; mamy wiedz\u0119 i\u00a0do\u015bwiadczenie, kt\u00f3re warto wykorzysta\u0107 dla w\u0142asnego kraju. \u0141\u0105czy nas podobny wiek, sta\u017c zawodowy i\u00a0sentyment. Chcemy zrobi\u0107 co\u015b innego, co nie jest do ko\u0144ca proste. Podczas jednego ze spotka\u0144 pad\u0142o kluczowe pytanie: czy mogliby\u015bmy stworzy\u0107 procesory w\u00a0Polsce?<\/p>\n<p>Na pocz\u0105tku mojej drogi zawodowej cz\u0119sto dziwi\u0142em si\u0119, dlaczego praktycznie nie ma polskich mened\u017cer\u00f3w projekt\u00f3w &#8211; byli to Szwedzi, Niemcy, Amerykanie. Dopiero znacznie p\u00f3\u017aniej pojawili si\u0119 pierwsi Polacy na stanowiskach liderskich, a\u017c wreszcie zacz\u0119li\u015bmy zak\u0142ada\u0107 w\u0142asne firmy, g\u0142\u00f3wnie software&#8217;owe. Doszli\u015bmy do momentu, w\u00a0kt\u00f3rym mamy unikaln\u0105 kombinacj\u0119 kapita\u0142u, do\u015bwiadczenia technicznego i\u00a0wiedzy o\u00a0budowaniu przedsi\u0119biorstw. Czemu by wi\u0119c tego nie wykorzysta\u0107?<\/p>\n<p>Oczywi\u015bcie mogliby\u015bmy skupi\u0107 si\u0119 tylko na oprogramowaniu, ale uznali\u015bmy, \u017ce software&#8217;u jest ju\u017c do\u015b\u0107 &#8211;  z\u00a0tego s\u0142yniemy na \u015bwiecie. Je\u015bli zagraniczne firmy szukaj\u0105 zespo\u0142\u00f3w programistycznych, Polska jest na szczycie ich listy. Jednak projekty uk\u0142ad\u00f3w scalonych &#8211; ju\u017c nie. Dlaczego nie jeste\u015bmy rozwa\u017cani przez globalnych graczy jako miejsce rozwoju takich projekt\u00f3w? Firmy z\u00a0tej bran\u017cy, je\u015bli nie wybieraj\u0105 Europy Zachodniej, to id\u0105 do Indii. To nas motywuje, aby d\u0142ugoterminowo przyczyni\u0107 si\u0119 do tego, by projektowanie &#8222;krzemu&#8221; i\u00a0jego produkcja w\u00a0ko\u0144cu w\u00a0Polsce zaistnia\u0142y.<\/p>\n<p><a href=\"https:\/\/www.trojmiasto.pl\/biznes\/Park-technologiczny-dla-tajwanskich-firm-n208156.html\" data-tklik=\"407935\" class=\"marker-news component newsMarker\" rel=\"nofollow noopener\" target=\"_blank\"><br \/>\n            <img decoding=\"async\" src=\"https:\/\/www.europesays.com\/pl\/wp-content\/uploads\/2026\/02\/4129726__kr.webp.webp\" alt=\"Powstanie park przemys\u0142owy dla tajwa\u0144skich firm technologicznych\" class=\"lazy newsMarker__img\"\/><br \/>\n        Powstanie park przemys\u0142owy dla tajwa\u0144skich firm technologicznych<br \/>\n<\/a><\/p>\n<p>To brzmi na razie bardziej jak misja ni\u017c czysty biznes.<\/p>\n<p>&#8211; Zacz\u0119\u0142o si\u0119 od misji, jednak chcemy, aby nasi inwestorzy zobaczyli realny zwrot. Wiemy, \u017ce nie nast\u0105pi to wcze\u015bniej ni\u017c za pi\u0119\u0107 lat. Nasz procesor nie ma sko\u0144czy\u0107 jako eksponat w\u00a0gablocie Politechniki &#8211; chcemy go skomercjalizowa\u0107. Dlatego ju\u017c na obecnym etapie prowadzimy intensywne rozmowy z\u00a0potencjalnymi klientami, aby doprecyzowa\u0107 produkt pod konkretne zastosowania.<\/p>\n<blockquote class=\"article-quote-right\"><p>Nazywamy si\u0119 Polski Krzem, wi\u0119c idealnie by\u0142oby pozyska\u0107 kapita\u0142 w\u00a0kraju, cho\u0107 wiemy, \u017ce to trudne. Je\u015bli b\u0119dziemy musieli szuka\u0107 poza Polsk\u0105, to tylko w\u00a0obr\u0119bie Unii Europejskiej &#8211; zale\u017cy nam na suwerenno\u015bci technologicznej, by unikn\u0105\u0107 &#8222;szanta\u017cu technologicznego&#8221;.<\/p><\/blockquote>\n<p>Nasz <a href=\"https:\/\/www.trojmiasto.pl\/dom\/Punkt-i1274.html\" class=\"parse-link\" title=\"Punkt\" rel=\"nofollow noopener\" target=\"_blank\">punkt<\/a> wyj\u015bcia to podej\u015bcie &#8222;od og\u00f3\u0142u do szczeg\u00f3\u0142u&#8221;. Nie zaczynamy od samej technologii i\u00a0szukania dla niej niszy, lecz od analizy potrzeb rynku. Patrzymy na to, co ma sens biznesowy, aby nasz\u0105 wizj\u0119 zmaterializowa\u0107 na zasadach rynkowych. Dlatego w\u00a0naszej strategii \u015brodki publiczne s\u0105 jedynie wsparciem &#8211; musimy funkcjonowa\u0107 p\u0142ynnie nawet wtedy, gdyby ich zabrak\u0142o.<br \/>Wierz\u0119, \u017ce wyj\u015bcie od wizji jest absolutnie w\u0142a\u015bciwe. Stawianie zarabiania pieni\u0119dzy na pierwszym miejscu bywa destrukcyjne i\u00a0prowadzi do wypacze\u0144. Nasza kolejno\u015b\u0107 to: wizja, sens, motywacja i\u00a0wewn\u0119trzne parcie na rozwi\u0105zywanie realnych problem\u00f3w. Pieni\u0105dze przyjd\u0105 z\u00a0czasem.<\/p>\n<p>Stwierdzi\u0142 pan, \u017ce Polska to software, a\u00a0nie hardware. Dlaczego tak jest?<\/p>\n<p>&#8211; M\u00f3j punkt widzenia opieram na wsp\u00f3\u0142pracy z\u00a0Brytyjczykami, kt\u00f3rzy od dziesi\u0119cioleci projektuj\u0105 uk\u0142ady scalone. W\u00a0Wielkiej Brytanii firm zajmuj\u0105cych si\u0119 &#8222;designem silikonu&#8221; jest mn\u00f3stwo &#8211; od gigant\u00f3w po niszowe startupy. Zapyta\u0142em kiedy\u015b weterana tej bran\u017cy o\u00a0przyczyn\u0119 tego sukcesu. Wyja\u015bni\u0142, \u017ce w\u00a0latach 70. XX w. brytyjski rz\u0105d zacz\u0105\u0142 celowo inwestowa\u0107 w\u00a0budow\u0119 kadr i\u00a0ekspertyzy.<\/p>\n<p>Pocz\u0105tki by\u0142y trudne i\u00a0nie uda\u0142yby si\u0119 bez rz\u0105dowego dofinansowania. Powsta\u0142a wtedy firma, kt\u00f3ra z\u00a0czasem przesta\u0142a istnie\u0107, bo nie mia\u0142a sensu biznesowego, ale to ona zbudowa\u0142a fundamenty wiedzy. Ludzie, kt\u00f3rzy tam pracowali, za\u0142o\u017cyli p\u00f3\u017aniej w\u0142asne, dochodowe firmy. To model, kt\u00f3ry zadzia\u0142a\u0142. U\u00a0nas na takie dzia\u0142ania jest ju\u017c chyba za p\u00f3\u017ano, dlatego jeste\u015bmy w\u00a0innym miejscu.<\/p>\n<blockquote class=\"article-quote-right\"><p>Projektujemy to, co nazywamy modu\u0142owym mikrokontrolerem. Niestety samo &#8222;wyklucie&#8221; fizycznego chipu nie mo\u017ce odby\u0107 si\u0119 w\u00a0Polsce, bo obecnie nie mamy takich mo\u017cliwo\u015bci produkcyjnych (poza laboratoriami eksperymentalnymi). Potrzebujemy partner\u00f3w europejskich lub tajwa\u0144skich do produkcji na du\u017c\u0105 skal\u0119.<\/p><\/blockquote>\n<p>Wiedza o\u00a0projektowaniu uk\u0142ad\u00f3w scalonych w\u00a0Polsce istnieje, cho\u0107 nie jest tak powszechna jak programowanie. S\u0105 firmy, kt\u00f3re \u015bwietnie sobie radz\u0105. Kiedy zacz\u0119li\u015bmy publikowa\u0107 w\u00a0mediach spo\u0142eczno\u015bciowych, zauwa\u017cyli\u015bmy, \u017ce og\u00f3lna percepcja &#8211; nawet w\u00a0kr\u0119gach technicznych &#8211; jest taka, \u017ce w\u00a0Polsce nie ma nic w\u00a0tej dziedzinie. Musimy wi\u0119c du\u017co pracowa\u0107 nad wzrostem tej \u015bwiadomo\u015bci.<\/p>\n<p>Czyli wiele czasu po\u015bwi\u0119cicie na realizacj\u0119 misji i\u00a0edukacj\u0119?<\/p>\n<p>&#8211; My\u015bl\u0119, \u017ce dotyczy to wszystkich polskich firm z\u00a0tej bran\u017cy. Niestety mo\u017cna je policzy\u0107 na palcach dw\u00f3ch r\u0105k. Wi\u0119kszo\u015b\u0107 z\u00a0nich zajmuje si\u0119 wytwarzaniem tzw. IP (Semiconductor Intellectual Property Core), czyli w\u0105skich wycink\u00f3w technologii, kt\u00f3re s\u0105 cz\u0119\u015bci\u0105 wi\u0119kszych rozwi\u0105za\u0144. My chcemy wype\u0142ni\u0107 luk\u0119 i\u00a0sk\u0142ada\u0107 te elementy w\u00a0gotowy produkt, kt\u00f3ry rozwi\u0105\u017ce konkretne problemy biznesowe.<\/p>\n<p>Waszym zadaniem b\u0119dzie projektowanie, nie produkcja. Sami procesor\u00f3w wytwarza\u0107 nie b\u0119dziecie?<\/p>\n<p>&#8211; Projektujemy to, co nazywamy modu\u0142owym mikrokontrolerem. Niestety samo &#8222;wyklucie&#8221; fizycznego chipu nie mo\u017ce odby\u0107 si\u0119 w\u00a0Polsce, bo obecnie nie mamy takich mo\u017cliwo\u015bci produkcyjnych (poza laboratoriami eksperymentalnymi). Potrzebujemy partner\u00f3w europejskich lub tajwa\u0144skich do produkcji na du\u017c\u0105 skal\u0119.<\/p>\n<p>Kolejn\u0105 nasz\u0105 &#8222;obsesj\u0105&#8221; jest ekosystem. Sam, nawet najlepszy uk\u0142ad scalony nie zagwarantuje sukcesu, je\u015bli nie b\u0119dzie mia\u0142 wsparcia programistycznego. Nikt nie kupi procesora, dla kt\u00f3rego musia\u0142by porzuci\u0107 ca\u0142\u0105 swoj\u0105 dotychczasow\u0105 infrastruktur\u0119. Musimy by\u0107 kompatybilni z\u00a0istniej\u0105cymi frameworkami i\u00a0platformami.<\/p>\n<blockquote class=\"article-quote-right\"><p>Oczywi\u015bcie mogliby\u015bmy skupi\u0107 si\u0119 tylko na oprogramowaniu, ale uznali\u015bmy, \u017ce software&#8217;u jest ju\u017c do\u015b\u0107 &#8211;  z\u00a0tego s\u0142yniemy na \u015bwiecie. Je\u015bli zagraniczne firmy szukaj\u0105 zespo\u0142\u00f3w programistycznych, Polska jest na szczycie ich listy. Jednak projekty uk\u0142ad\u00f3w scalonych &#8211; ju\u017c nie.<\/p><\/blockquote>\n<p>Szukacie wsparcia. Inwestora czy partnera? Jak zaawansowane s\u0105 rozmowy?<\/p>\n<p>&#8211; Zaczynamy od funduszy Venture Capital. Jeste\u015bmy w\u00a0trzeciej rundzie rozm\u00f3w i\u00a0widzimy du\u017ce zainteresowanie. Aby zrealizowa\u0107 projekt w\u00a0ci\u0105gu trzech lat, potrzebujemy du\u017cego i\u00a0stabilnego zastrzyku got\u00f3wki. Nie mo\u017cemy ryzykowa\u0107 przestoj\u00f3w w\u00a0pracy kilkudziesi\u0119ciu specjalist\u00f3w. Szukamy inwestor\u00f3w, kt\u00f3rzy zapewni\u0105 nam ci\u0105g\u0142o\u015b\u0107 dzia\u0142ania przez trzy lata, akceptuj\u0105c fakt, \u017ce zysk pojawi si\u0119 po 3-5 latach. <\/p>\n<p>To zaw\u0119\u017ca kr\u0105g do funduszy wyspecjalizowanych w\u00a0p\u00f3\u0142przewodnikach. Szukamy te\u017c du\u017cych nazwisk w\u015br\u00f3d inwestor\u00f3w prywatnych. Nazywamy si\u0119 Polski Krzem, wi\u0119c idealnie by\u0142oby pozyska\u0107 kapita\u0142 w\u00a0kraju, cho\u0107 wiemy, \u017ce to trudne. Je\u015bli b\u0119dziemy musieli szuka\u0107 poza Polsk\u0105, to tylko w\u00a0obr\u0119bie Unii Europejskiej &#8211; zale\u017cy nam na suwerenno\u015bci technologicznej, by unikn\u0105\u0107 &#8222;szanta\u017cu technologicznego&#8221;.<\/p>\n<p>O jakich kwotach m\u00f3wimy?<\/p>\n<p>&#8211; To rz\u0105d wielko\u015bci wyra\u017cony w\u00a0setkach milion\u00f3w z\u0142otych. Pr\u00f3g wej\u015bcia jest bardzo wysoki. W\u00a0trakcie tworzenia pierwszego procesora chcemy ju\u017c uruchamia\u0107 projektowanie kolejnych, aby zachowa\u0107 ci\u0105g\u0142o\u015b\u0107. To projekt naszego \u017cycia. Nie zale\u017cy nam na szybkiej sprzeda\u017cy firmy (tzw. exicie). To oczywi\u015bcie u\u0142atwia \u017cycie, ale tym razem chcemy zbudowa\u0107 co\u015b trwa\u0142ego.\n                <\/p>\n","protected":false},"excerpt":{"rendered":"Siedmiu in\u017cynier\u00f3w z\u00a0do\u015bwiadczeniem m.in. w\u00a0Intel, Microchip, Graphcore i\u00a0STMicroelectronics powo\u0142uje sp\u00f3\u0142k\u0119 Polski Krzem. Cel to zaprojektowanie polskiego procesora, kt\u00f3ry&hellip;\n","protected":false},"author":2,"featured_media":267644,"comment_status":"","ping_status":"","sticky":false,"template":"","format":"standard","meta":{"footnotes":"","_share_on_mastodon":"0"},"categories":[16],"tags":[210,45693,1969,113,2788,18312,7702,112,4178,10822,33773,10138,8733,18709,3622,13950,45706,45696,27879,45695,388,4034,4041,45714,45616,26877,45697,1048,1064,4043,32688,45683,11083,1103,2089,4811,5831,8493,26060,16331,32324,45694,45708,49,45712,10855,7904,4040,13509,10782,45682,45688,26444,25942,10847,10568,45692,45701,45713,45699,4981,7216,4039,45703,26307,45681,45707,38111,42,2430,34043,37202,16073,38,40,45685,39,41,45687,45715,5830,7218,1756,383,10019,326,1086,8743,1738,207,25788,28609,45705,14041,8761,20688,11541,36781,4036,1136,380,45702,45690,8729,1063,4042,1849,21958,5332,29937,45684,6792,32397,45709,80,4038,45700,45691,1348,21648,104,45686,45704,26,45689,12900,26760,5697,45711,45710,11569,45698,10819,13304],"class_list":["post-267643","post","type-post","status-publish","format-standard","has-post-thumbnail","category-biznes","tag-aktualnosci","tag-amerykanin","tag-analiza","tag-biznes","tag-branza","tag-brytyjczyk","tag-budowa","tag-business","tag-chip","tag-czas","tag-dekada","tag-dofinansowanie","tag-doswiadczenie","tag-droga","tag-edukacja","tag-ekosystem","tag-ekspertyza","tag-eksponat","tag-element","tag-europa-zachodnia","tag-finanse","tag-firma","tag-firmy","tag-framework","tag-fundament","tag-fundusz","tag-gablota","tag-gdansk","tag-gdynia","tag-gospodarka-morska","tag-gracz","tag-graphcore","tag-grupa","tag-indie","tag-infrastruktura","tag-intel","tag-inwestor","tag-kadra","tag-kapital","tag-kariera","tag-kolejnosc","tag-kombinacja","tag-krag","tag-kraj","tag-laboratorium","tag-lider","tag-lista","tag-ludzie-sukcesu","tag-luka","tag-menedzer","tag-microchip","tag-mikroprocesor","tag-misja","tag-model","tag-motywacja","tag-mozliwosc","tag-niemiec","tag-nisza","tag-obsesja","tag-ogol","tag-oprogramowanie","tag-osoba","tag-osoby-biznesu","tag-parcie","tag-partner","tag-pawel-pieczul","tag-percepcja","tag-pieniadz","tag-pl","tag-platforma","tag-poczatek","tag-podejscie","tag-polak","tag-poland","tag-polish","tag-politechnika","tag-polska","tag-polski","tag-polski-krzem","tag-pomo","tag-pomysl","tag-potrzeba","tag-praca","tag-prawo","tag-problem","tag-procesor","tag-produkcja","tag-produkt","tag-programowanie","tag-projekt","tag-projektowanie","tag-przedsiebiorstwo","tag-przyczyna","tag-psse","tag-punkt","tag-pytanie","tag-realizacja","tag-reka","tag-rok","tag-rynek","tag-rzad","tag-sens","tag-sentyment","tag-skala","tag-sopot","tag-spolki-gieldowe","tag-spotkanie","tag-srodek","tag-stanowisko","tag-staz","tag-stmicroelectronics","tag-strategia","tag-sukces","tag-swiadomosc","tag-swiat","tag-sylwetki","tag-szczegol","tag-szwed","tag-technologia","tag-uklad","tag-unia-europejska","tag-venture-capital","tag-weteran","tag-wiadomosci","tag-wiedza","tag-wiek","tag-wizja","tag-wsparcie","tag-wycinek","tag-wytwarzanie","tag-zasada","tag-zastosowanie","tag-zespol","tag-zwrot"],"share_on_mastodon":{"url":"","error":"Validation failed: Text character limit of 500 exceeded"},"_links":{"self":[{"href":"https:\/\/www.europesays.com\/pl\/wp-json\/wp\/v2\/posts\/267643","targetHints":{"allow":["GET"]}}],"collection":[{"href":"https:\/\/www.europesays.com\/pl\/wp-json\/wp\/v2\/posts"}],"about":[{"href":"https:\/\/www.europesays.com\/pl\/wp-json\/wp\/v2\/types\/post"}],"author":[{"embeddable":true,"href":"https:\/\/www.europesays.com\/pl\/wp-json\/wp\/v2\/users\/2"}],"replies":[{"embeddable":true,"href":"https:\/\/www.europesays.com\/pl\/wp-json\/wp\/v2\/comments?post=267643"}],"version-history":[{"count":0,"href":"https:\/\/www.europesays.com\/pl\/wp-json\/wp\/v2\/posts\/267643\/revisions"}],"wp:featuredmedia":[{"embeddable":true,"href":"https:\/\/www.europesays.com\/pl\/wp-json\/wp\/v2\/media\/267644"}],"wp:attachment":[{"href":"https:\/\/www.europesays.com\/pl\/wp-json\/wp\/v2\/media?parent=267643"}],"wp:term":[{"taxonomy":"category","embeddable":true,"href":"https:\/\/www.europesays.com\/pl\/wp-json\/wp\/v2\/categories?post=267643"},{"taxonomy":"post_tag","embeddable":true,"href":"https:\/\/www.europesays.com\/pl\/wp-json\/wp\/v2\/tags?post=267643"}],"curies":[{"name":"wp","href":"https:\/\/api.w.org\/{rel}","templated":true}]}}