{"id":26821,"date":"2025-10-01T20:59:08","date_gmt":"2025-10-01T20:59:08","guid":{"rendered":"https:\/\/www.europesays.com\/pl\/26821\/"},"modified":"2025-10-01T20:59:08","modified_gmt":"2025-10-01T20:59:08","slug":"szczyt-ue-w-kopenhadze-przywodcy-zdecydowali-w-sprawie-muru-dronowego-onet","status":"publish","type":"post","link":"https:\/\/www.europesays.com\/pl\/26821\/","title":{"rendered":"Szczyt UE w Kopenhadze. Przyw\u00f3dcy zdecydowali w sprawie muru dronowego &#8211; Onet"},"content":{"rendered":"<ol>\n<li><a href=\"https:\/\/news.google.com\/rss\/articles\/CBMizAFBVV95cUxPVTVfRWRWaTU5anVmWjliTS00Z2szbXZnOG5RaWk0T3Y0TXh6QUNYX2VkakNXRzVIM3M4UG9GSHVmT1gxWkxlNlJwRFpweEIyV1B3M3JaRFFaTlB2aGh6UTZIREJBQUZ1SkdoV0RpdENGV0RJVW9tZk9XVElkejJsLWlibHBtM2VHVGRQRFpGaF9udVRDXzBvOG9KdlFRRmhxcExtWmhTbkZ4bDNneFRSSkIwMGtPZHI1b2lnWGZfSm5YVUhONnZDZDdpNng?oc=5\" target=\"_blank\" rel=\"nofollow noopener\">Szczyt UE w Kopenhadze. Przyw\u00f3dcy zdecydowali w sprawie muru dronowego<\/a>&nbsp;&nbsp;Onet<\/li>\n<li><a href=\"https:\/\/news.google.com\/rss\/articles\/CBMiyAFBVV95cUxQTWJqMjVXVWc5OVdVbDJsVXdRN3NHcU5iU0hGM0lrTDEwUkpkX0NYY3JkbklYQzhZVm43dld5M2RWWDFNd0VsZmFzMEt0U0FXdFplbC1NeTF5RXFqUm84Zm9DZ2Z3eko3bUtMbVY3WDdGVF85ZVdXc1lPNnRzWTl6Rm1kZGFoSUxMc09FQjVocUgxUFBUVXdsbWFPa2xGYnJoMk53Smg4eVhxNmVHMW5JOFY4Q0JjTHhpcWI2ZDQ5Rkt5ZkpWa1lsWA?oc=5\" target=\"_blank\" rel=\"nofollow noopener\">Unia Europejska stworzy mur dron\u00f3w? To odpowied\u017a na zagro\u017cenie z Rosji<\/a>&nbsp;&nbsp;Business Insider Polska<\/li>\n<li><a href=\"https:\/\/news.google.com\/rss\/articles\/CBMivAFBVV95cUxPeENlNXRIcmJwWDdkajhKbnlIdmJrOS1kX210RVFLcFAzZUxPWFA5U0NGdWd0aWVPTWdxQVJWQkJhY2RKcWlkTU5GY21MNUxoYm5LX2U4Y0p5dzNNNWlEZnJxTHVZQnN2VjBqV0pheGhwVDVCcWZEOEJtZTBjYU5qWm9MSFA2REdrZHdiX1AyTHZKbVN4bXR5RHBjcjNWX1hoVGY3alN2ZEMxX29oSlpfdklGSHZLZ0poT0V2aA?oc=5\" target=\"_blank\" rel=\"nofollow noopener\">&#8222;Mur dronowy&#8221; na wschodniej flance NATO. Europejscy liderzy podj\u0119li decyzj\u0119<\/a>&nbsp;&nbsp;PolsatNews.pl<\/li>\n<li><a href=\"https:\/\/news.google.com\/rss\/articles\/CBMipAFBVV95cUxQX0pHQUlHWDJUTWNBT0tQZHhsenZiOTN4Vms2MDlRQXpxLTlXbUZqWmZzTHFTcEs3YTBTbm5zOTRMVHpDQnBpN1RQSlk4cXpPMlRBUXNFcmFxeDM0WHdpS0Y3M3NZdEZJR3BnYlpqdjV2aE9RcXRJWk92TkdUV0NOMGVGY3dpVmtkSzhQbGxnSmc0QktyQ1R5bnA1YUlvR0I2OGc2aNIBqAFBVV95cUxPUjFKYnNxaFE3MHlyc0tBMUsxRTBHNFRjeFA3bTFzYnJBSy1XRDJSWjJuQzhObzRGeHctWUxPWWdMYXR3Q1FGeXhjTWtpbEt2ekt6Q1ZvX1VLM0RYdXZHOVlxeHA1eHdQalltMlVickdNMXVycllGbzBZd3lJWXdlWTJTYnVCT2pWTFdNRWlDWGwxaXhkcGJTU1g2TjMzaHgyOWpXbDFLS2g?oc=5\" target=\"_blank\" rel=\"nofollow noopener\">Von der Leyen i Rutte og\u0142aszaj\u0105 &#8222;natychmiastowe&#8221; ruchy<\/a>&nbsp;&nbsp;RMF24<\/li>\n<li><a href=\"https:\/\/news.google.com\/rss\/articles\/CBMiqwFBVV95cUxQU21wYjNzQkRVX0pWYXBkWVU2SjJyQTY0dFpZSFktUEcwbC1rUXZUZWFTVnVmcmNOajh3Z2hzcnNNUzNOdjc2cXF3QjhzZ1VWdkZZN0NCNVdYZTVEZWMyOFY4eDFPM1Y1dmVneDZhWFo0VVQwWWNkdXhWV3dwb0F4QVQ4OTg5RHBoY0hEandCNVh5TWI2NmE0UjcxVU9lbU1fQTB1Z0pjc210RDg?oc=5\" target=\"_blank\" rel=\"nofollow noopener\">Szef NATO: nie mo\u017cemy wydawa\u0107 milion\u00f3w euro na zestrzeliwanie tanich dron\u00f3w<\/a>&nbsp;&nbsp;TVN24<\/li>\n<\/ol>\n","protected":false},"excerpt":{"rendered":"Szczyt UE w Kopenhadze. Przyw\u00f3dcy zdecydowali w sprawie muru dronowego&nbsp;&nbsp;Onet Unia Europejska stworzy mur dron\u00f3w? To odpowied\u017a na&hellip;\n","protected":false},"author":2,"featured_media":26822,"comment_status":"","ping_status":"","sticky":false,"template":"","format":"standard","meta":{"footnotes":""},"categories":[14],"tags":[32,33,165,27,67,34,35,28,31,1395,53,25,52,68,51,55,40,2847,41,47,80,29,30,61,65,50,26,82,83,84],"class_list":{"0":"post-26821","1":"post","2":"type-post","3":"status-publish","4":"format-standard","5":"has-post-thumbnail","7":"category-swiat","8":"tag-breaking-news","9":"tag-breakingnews","10":"tag-drony_dron","11":"tag-headlines","12":"tag-intextvideo_splayer","13":"tag-latest-news","14":"tag-latestnews","15":"tag-naglowki","16":"tag-najwazniejsze-artykuly","17":"tag-nato_sojusz_polnocnoatlantycki","18":"tag-new_header","19":"tag-news","20":"tag-onet3","21":"tag-onet3d","22":"tag-onet3d_2i","23":"tag-phx","24":"tag-polish","25":"tag-polska_polak_polka_polacy_polki","26":"tag-polski","27":"tag-screening_general","28":"tag-swiat","29":"tag-top-stories","30":"tag-topstories","31":"tag-ue_unia_europejska_komisja_rada_komisarze","32":"tag-update_me","33":"tag-v2021","34":"tag-wiadomosci","35":"tag-world","36":"tag-world-news","37":"tag-worldnews"},"share_on_mastodon":{"url":"","error":""},"_links":{"self":[{"href":"https:\/\/www.europesays.com\/pl\/wp-json\/wp\/v2\/posts\/26821","targetHints":{"allow":["GET"]}}],"collection":[{"href":"https:\/\/www.europesays.com\/pl\/wp-json\/wp\/v2\/posts"}],"about":[{"href":"https:\/\/www.europesays.com\/pl\/wp-json\/wp\/v2\/types\/post"}],"author":[{"embeddable":true,"href":"https:\/\/www.europesays.com\/pl\/wp-json\/wp\/v2\/users\/2"}],"replies":[{"embeddable":true,"href":"https:\/\/www.europesays.com\/pl\/wp-json\/wp\/v2\/comments?post=26821"}],"version-history":[{"count":0,"href":"https:\/\/www.europesays.com\/pl\/wp-json\/wp\/v2\/posts\/26821\/revisions"}],"wp:featuredmedia":[{"embeddable":true,"href":"https:\/\/www.europesays.com\/pl\/wp-json\/wp\/v2\/media\/26822"}],"wp:attachment":[{"href":"https:\/\/www.europesays.com\/pl\/wp-json\/wp\/v2\/media?parent=26821"}],"wp:term":[{"taxonomy":"category","embeddable":true,"href":"https:\/\/www.europesays.com\/pl\/wp-json\/wp\/v2\/categories?post=26821"},{"taxonomy":"post_tag","embeddable":true,"href":"https:\/\/www.europesays.com\/pl\/wp-json\/wp\/v2\/tags?post=26821"}],"curies":[{"name":"wp","href":"https:\/\/api.w.org\/{rel}","templated":true}]}}