{"id":26884,"date":"2025-10-01T21:42:08","date_gmt":"2025-10-01T21:42:08","guid":{"rendered":"https:\/\/www.europesays.com\/pl\/26884\/"},"modified":"2025-10-01T21:42:08","modified_gmt":"2025-10-01T21:42:08","slug":"poszukiwania-szczatkow-zolnierzy-upa-na-podkarpaciu-oswiadczenie-ipn","status":"publish","type":"post","link":"https:\/\/www.europesays.com\/pl\/26884\/","title":{"rendered":"Poszukiwania szcz\u0105tk\u00f3w \u017co\u0142nierzy UPA na Podkarpaciu. O\u015bwiadczenie IPN"},"content":{"rendered":"\n<p>&#13;<br \/>\nWe wtorek poinformowano, \u017ce\u00a0pracownicy ukrai\u0144skiego IPN rozpocz\u0119li we\u00a0wsi Jureczkowa (woj. podkarpackie) prace poszukiwawcze szcz\u0105tk\u00f3w \u017co\u0142nierzy <a href=\"https:\/\/dorzeczy.pl\/opinie\/784392\/polska-zawyza-liczbe-ofiar-upa-szokujace-slowa.html\" rel=\"nofollow noopener\" target=\"_blank\">Ukrai\u0144skiej Powsta\u0144czej Armii (UPA).<\/a> Zdaniem ukrai\u0144skiego IPN w\u00a0le\u015bnej mogile mog\u0105 si\u0119 znajdowa\u0107 szcz\u0105tki 20 os\u00f3b. &#13;\n<\/p>\n<p>&#13;<br \/>\nPrace rozpocz\u0119\u0142y si\u0119 we\u00a0wtorek rano. Na\u00a0miejscu mia\u0142o by\u0107 kilkoro przedstawicieli ukrai\u0144skiego IPN oraz\u00a0pracownicy polskiego IPN. &#13;\n<\/p>\n<p>&#13;<br \/>\nW ubieg\u0142ym tygodniu dyrektor ukrai\u0144skiego Instytutu Pami\u0119ci Narodowej O\u0142eksandr A\u0142fiorow informowa\u0142 w\u00a0komunikacie, \u017ce\u00a0zbiorowa mogi\u0142a w\u00a0miejscowo\u015bci Jureczkowo to\u00a0prawdopodobnie miejsce poch\u00f3wku \u017co\u0142nierzy UPA, kt\u00f3rzy stawiali op\u00f3r przymusowemu wywo\u017ceniu Ukrai\u0144c\u00f3w z\u00a0tych teren\u00f3w. &#13;\n<\/p>\n<p>&#13;<br \/>\n&#8222;Polski Instytut Pami\u0119ci Narodowej (IPN) w\u00a0czerwcu tego roku wyda\u0142 wst\u0119pn\u0105 zgod\u0119 na\u00a0przeprowadzenie przez stron\u0119 ukrai\u0144sk\u0105 prac poszukiwawczo-ekshumacyjnych w\u00a0miejscowo\u015bci Jureczkowa. Decyzj\u0119 potwierdzi\u0142 \u00f3wczesny rzecznik IPN dr Rafa\u0142 Le\u015bkiewicz w\u00a0rozmowie z\u00a0Polsk\u0105 Agencj\u0105 Prasow\u0105. Prace b\u0119d\u0105 finansowane przez Ukrain\u0119 i\u00a0dotyczy\u0107 b\u0119d\u0105 poszukiwa\u0144 grob\u00f3w cz\u0142onk\u00f3w UPA&#8221; \u2013\u00a0informowa\u0142a we\u00a0wtorek PAP. &#13;\n<\/p>\n<p>O\u015bwiadczenie IPN ws. poszukiwa\u0144 we\u00a0wsi Jureczkowa <\/p>\n<p>&#13;<br \/>\nW \u015brod\u0119 o\u015bwiadczenie w\u00a0tej sprawie wyda\u0142 IPN. Komunikat podpisany jest przez rzecznika Rafa\u0142a Ko\u015bcia\u0144skiego. &#13;\n<\/p>\n<p>&#13;<br \/>\ntwitter&#13;\n<\/p>\n<p>&#13;<br \/>\n&#8222;W\u00a0zwi\u0105zku z\u00a0pojawiaj\u0105cymi si\u0119 w\u00a0przestrzeni publicznej nieprawdziwymi informacjami dotycz\u0105cymi okoliczno\u015bci uruchomienia prac poszukiwawczych w\u00a0miejscowo\u015bci Jureczkowa przez przedstawicieli instytucji ukrai\u0144skich Instytut Pami\u0119ci Narodowej informuje, \u017ce\u00a0proces uzgodnie\u0144 ze\u00a0stron\u0105 ukrai\u0144sk\u0105 <a href=\"https:\/\/dorzeczy.pl\/kraj\/192898\/zmiany-w-instytucie-pamieci-narodowej.html\" rel=\"nofollow noopener\" target=\"_blank\">nadzorowa\u0142 ze\u00a0strony Instytutu dr hab.<\/a> Karol Polejowski \u2013\u00a0zast\u0119pca prezesa Instytutu&#8221; \u2013\u00a0czytamy. &#13;\n<\/p>\n<p>&#13;<br \/>\nW o\u015bwiadczeniu dodano, \u017ce\u00a0&#8222;prace te\u00a0by\u0142y zgodne z\u00a0ustaleniami polsko-ukrai\u0144skiej grupy roboczej ds. dialogu historycznego&#8221;. &#8222;O\u00a0jego etapach by\u0142o informowane min. Ministerstwo Kultury i\u00a0Dziedzictwa Narodowego&#8221; \u2013\u00a0dodano. &#13;\n<\/p>\n<p>&#13;<br \/>\nW o\u015bwiadczeniu podkre\u015blono, \u017ce\u00a0&#8222;(\u00f3wczesny) prezes IPN dr Karol Nawrocki przebywa\u0142 w\u00a0tym okresie na\u00a0urlopie wypoczynkowym, w\u00a0zwi\u0105zku z\u00a0trwaj\u0105c\u0105 kampani\u0105 wyborcz\u0105 na\u00a0urz\u0105d prezydenta RP, a\u00a0po wygranych 1\u00a0czerwca wyborach, jako prezydent elekt, przygotowywa\u0142 si\u0119 do\u00a0obj\u0119cia urz\u0119du&#8221;. &#13;\n<\/p>\n<p>&#13;<br \/>\n&#8222;Prace prowadzone przez stron\u0119 ukrai\u0144sk\u0105 w\u00a0Jureczkowej maj\u0105 charakter poszukiwawczy i\u00a0polegaj\u0105 na\u00a0weryfikacji, czy\u00a0w\u00a0wytypowanym miejscu znajduj\u0105 si\u0119 szcz\u0105tki poszukiwanych os\u00f3b&#8221; \u2013\u00a0czytamy. &#13;\n<\/p>\n<p>&#13;<br \/>\nW o\u015bwiadczeniu podkre\u015blono, \u017ce\u00a0&#8222;nie jest to\u00a0ekshumacja z\u00a0grobu wojennego, do\u00a0kt\u00f3rej niezb\u0119dna jest decyzja administracyjna prezesa IPN zezwalaj\u0105ca na\u00a0jej przeprowadzenie&#8221;. &#13;\n<\/p>\n<p>&#13;<br \/>\n&#8222;Pracownicy Instytutu Pami\u0119ci Narodowej obecni s\u0105 na\u00a0miejscu prowadzonych prac i\u00a0gwarantuj\u0105, \u017ce\u00a0wszystkie dzia\u0142ania podejmowane przez stron\u0119 ukrai\u0144sk\u0105 b\u0119d\u0105 realizowane zgodnie z\u00a0polskim prawem&#8221; \u2013\u00a0wskaza\u0142 IPN. &#13;\n<\/p>\n<p>Prezydent Nawrocki odni\u00f3s\u0142 si\u0119 do\u00a0sprawy<\/p>\n<p>&#13;<br \/>\nSam Karol Nawrocki do\u00a0poszukiwa\u0144 w\u00a0Jureczkowej odni\u00f3s\u0142 si\u0119 we\u00a0wtorek rano w\u00a0Radiu Zet. \u2013\u00a0Nie\u00a0przypominam sobie takiej mojej decyzji \u2013\u00a0stwierdzi\u0142. Prezydent doda\u0142, \u017ce\u00a0<a href=\"https:\/\/dorzeczy.pl\/kraj\/763161\/ukraina-przeprowadzi-ekshumacje-w-polsce-podano-date-i-miejsce.html\" rel=\"nofollow noopener\" target=\"_blank\">nie wie tak\u017ce, w\u00a0jakim celu odbywaj\u0105 si\u0119 te\u00a0ekshumacje.<\/a> &#13;\n<\/p>\n<p>&#13;<br \/>\n\u2013 Nie\u00a0wiem, z\u00a0czym to\u00a0si\u0119 wi\u0105\u017ce, musia\u0142bym pozna\u0107 istot\u0119 tej sprawy, ale\u00a0rozumiem, \u017ce\u00a0je\u015bli Ukraina chce zabra\u0107 \u017co\u0142nierzy UPA i\u00a0z\u00a0honorami pochowa\u0107 (\u2026), to\u00a0nie jest dobry sygna\u0142 dla\u00a0Polski. Moje podej\u015bcie do\u00a0ekshumacji i\u00a0poch\u00f3wku niezale\u017cnie od\u00a0tego, kogo ekshumujemy i\u00a0chowamy, jest pozytywne, bowiem to\u00a0w\u00a0r\u0119kach Pana Boga jest rozstrzyganie naszego ziemskiego losu \u2013\u00a0doda\u0142. &#13;\n<\/p>\n<p>&#13;<br \/>\nCzytaj te\u017c:<br \/><a href=\"https:\/\/dorzeczy.pl\/kraj\/786948\/skandaliczne-oswiadczenie-ukraincow-chodzi-o-propozycje-nawrockiego-ws-upa.html\" rel=\"follow nofollow noopener\" data-schema=\"DORZECZY\" data-image=\"https:\/\/img.dorzeczy.pl\/_thumb\/09\/c4\/54ffebaaf3ebaaa3ae231eff34ef.jpeg\" target=\"_blank\">Ukrai\u0144scy historycy wydali o\u015bwiadczenie. &#8222;Dzia\u0142alno\u015b\u0107 UPA by\u0142a antyimperialna&#8221;<\/a>Czytaj te\u017c:<br \/><a href=\"https:\/\/dorzeczy.pl\/kraj\/786468\/banderowskie-flagi-prokuratura-odmowila-wszczecia-sledztwa.html\" rel=\"follow nofollow noopener\" data-schema=\"DORZECZY\" data-image=\"https:\/\/img.dorzeczy.pl\/_thumb\/09\/c4\/54ffebaaf3ebaaa3ae231eff34ef.jpeg\" target=\"_blank\">Banderowskie flagi na\u00a0koncercie w\u00a0Warszawie. Jest g\u0142os z\u00a0prokuratury<\/a> &#13;<\/p>\n","protected":false},"excerpt":{"rendered":"&#13; We wtorek poinformowano, \u017ce\u00a0pracownicy ukrai\u0144skiego IPN rozpocz\u0119li we\u00a0wsi Jureczkowa (woj. podkarpackie) prace poszukiwawcze szcz\u0105tk\u00f3w \u017co\u0142nierzy Ukrai\u0144skiej Powsta\u0144czej&hellip;\n","protected":false},"author":2,"featured_media":26885,"comment_status":"","ping_status":"","sticky":false,"template":"","format":"standard","meta":{"footnotes":""},"categories":[12],"tags":[32,33,98,36,37,27,7988,49,34,35,8136,28,31,25,102,42,8135,38,40,39,41,29,30,8088,26],"class_list":{"0":"post-26884","1":"post","2":"type-post","3":"status-publish","4":"format-standard","5":"has-post-thumbnail","7":"category-polska","8":"tag-breaking-news","9":"tag-breakingnews","10":"tag-dorzeczy","11":"tag-featured-news","12":"tag-featurednews","13":"tag-headlines","14":"tag-ipn","15":"tag-kraj","16":"tag-latest-news","17":"tag-latestnews","18":"tag-lidia-lemaniak","19":"tag-naglowki","20":"tag-najwazniejsze-artykuly","21":"tag-news","22":"tag-opinie","23":"tag-pl","24":"tag-podkarpacie","25":"tag-poland","26":"tag-polish","27":"tag-polska","28":"tag-polski","29":"tag-top-stories","30":"tag-topstories","31":"tag-upa","32":"tag-wiadomosci"},"share_on_mastodon":{"url":"","error":""},"_links":{"self":[{"href":"https:\/\/www.europesays.com\/pl\/wp-json\/wp\/v2\/posts\/26884","targetHints":{"allow":["GET"]}}],"collection":[{"href":"https:\/\/www.europesays.com\/pl\/wp-json\/wp\/v2\/posts"}],"about":[{"href":"https:\/\/www.europesays.com\/pl\/wp-json\/wp\/v2\/types\/post"}],"author":[{"embeddable":true,"href":"https:\/\/www.europesays.com\/pl\/wp-json\/wp\/v2\/users\/2"}],"replies":[{"embeddable":true,"href":"https:\/\/www.europesays.com\/pl\/wp-json\/wp\/v2\/comments?post=26884"}],"version-history":[{"count":0,"href":"https:\/\/www.europesays.com\/pl\/wp-json\/wp\/v2\/posts\/26884\/revisions"}],"wp:featuredmedia":[{"embeddable":true,"href":"https:\/\/www.europesays.com\/pl\/wp-json\/wp\/v2\/media\/26885"}],"wp:attachment":[{"href":"https:\/\/www.europesays.com\/pl\/wp-json\/wp\/v2\/media?parent=26884"}],"wp:term":[{"taxonomy":"category","embeddable":true,"href":"https:\/\/www.europesays.com\/pl\/wp-json\/wp\/v2\/categories?post=26884"},{"taxonomy":"post_tag","embeddable":true,"href":"https:\/\/www.europesays.com\/pl\/wp-json\/wp\/v2\/tags?post=26884"}],"curies":[{"name":"wp","href":"https:\/\/api.w.org\/{rel}","templated":true}]}}