{"id":26888,"date":"2025-10-01T21:44:07","date_gmt":"2025-10-01T21:44:07","guid":{"rendered":"https:\/\/www.europesays.com\/pl\/26888\/"},"modified":"2025-10-01T21:44:07","modified_gmt":"2025-10-01T21:44:07","slug":"dwa-gole-haalanda-manchester-city-przyjal-cios-w-samej-koncowce","status":"publish","type":"post","link":"https:\/\/www.europesays.com\/pl\/26888\/","title":{"rendered":"Dwa gole Haalanda. Manchester City przyj\u0105\u0142 cios w samej ko\u0144c\u00f3wce"},"content":{"rendered":"\n<p class=\"contentpart contentpart--default contentpart--text\" data-position=\"0\">Nie ma dowod\u00f3w na to, \u017ce Erling Haaland nie jest kosmit\u0105, ale fakty s\u0105 takie, \u017ce Norweg wykr\u0119ca nieprawdopodobne liczby. W \u015brodowym meczu AS Monaco &#8211; Manchester City to w\u0142a\u015bnie on b\u0142yszcza\u0142 najmocniej. Pierwszy gol pad\u0142 po fantastycznym zagraniu Josko Gvardiola. Drugi to ju\u017c dominacja w powietrzu po do\u015brodkowaniu ze skrzyd\u0142a.<\/p>\n<p class=\"contentpart contentpart--default contentpart--text\" data-position=\"1\">50 wyst\u0119p\u00f3w w Lidze Mistrz\u00f3w i 52 bramki. Jest to wynik absolutnie spektakularny. Dla por\u00f3wnania &#8211; Thierry Henry (te\u017c co\u015b tam pokopa\u0142 w powa\u017cnej pi\u0142ce) zagra\u0142 w Lidze Mistrz\u00f3w 112-krotnie i strzeli\u0142 &#8222;zaledwie&#8221; 50 goli.<\/p>\n<p class=\"contentpart contentpart--default contentpart--text\" data-position=\"2\">Gospodarze byli w stanie odpowiedzie\u0107 po pierwszym trafieniu Haalanda, gdy kapitalny strza\u0142 z dystansu odda\u0142 Jordan Teze, ale bramka na 1:2 tu\u017c przed przerw\u0105 ewidentnie podci\u0119\u0142a skrzyd\u0142a ekipie\u00a0Adiego H\u00fcttera. Chwil\u0119 wcze\u015bniej w poprzeczk\u0119 trafi\u0142 Phil Foden. Przewaga Manchesteru City by\u0142a wyra\u017ana. Ciekawostk\u0105 jest fakt, \u017ce Haaland w pierwszej po\u0142owie zanotowa\u0142&#8230; siedem kontakt\u00f3w z pi\u0142k\u0105. Co\u015b nieprawdopodobnego.<\/p>\n<p class=\"contentpart contentpart--default contentpart--text\" data-position=\"3\">ZOBACZ WIDEO: #dziejesiewsporcie: Jak on to trafi\u0142?! &#8222;Golazzo&#8221; w lidze meksyka\u0144skiej<\/p>\n<p class=\"contentpart contentpart--default contentpart--text\" data-position=\"5\">W drugiej po\u0142owie poprzeczk\u0119 obi\u0142 jeszcze Tijjani Reijnders. Brakowa\u0142o jednak dobicia przeciwnika i to zem\u015bci\u0142o si\u0119 w samej ko\u0144c\u00f3wce. S\u0119dzia\u00a0Jesus Gil Manzano po wideoweryfikacji podyktowa\u0142 rzut karny dla AS Monaco, gdy\u017c kopni\u0119ty w twarz zosta\u0142 Eric Dier. Za wykonanie &#8222;jedenastki&#8221; wzi\u0105\u0142 si\u0119 sam poszkodowany i uderzy\u0142 nie do obrony.<\/p>\n<p class=\"contentpart contentpart--default contentpart--text\" data-position=\"6\">R\u00f3wnolegle grano na Emirates Stadium. Inny przedstawiciel Premier League &#8211; Arsenal &#8211; rywalizowa\u0142 z Olympiakosem. W 13. minucie bramk\u0119 zdoby\u0142 Gabriel Martinelli, kt\u00f3ry wykaza\u0142 si\u0119 sprytem, poczeka\u0142 a\u017c pi\u0142ka odbije si\u0119 od s\u0142upka po uderzeniu Viktora Gyokeresa i wpakowa\u0142 j\u0105 do pustej bramki.<\/p>\n<p class=\"contentpart contentpart--default contentpart--text\" data-position=\"7\">&#8222;Kanonierzy&#8221; nie wypu\u015bcili z r\u0105k prowadzenia, a nawet je podwy\u017cszyli w doliczonym czasie, gdy do siatki trafi\u0142 Bukayo Saka.<\/p>\n<p class=\"contentpart contentpart--default contentpart--text\" data-position=\"8\"><a href=\"https:\/\/sportowefakty.wp.pl\/pilka-nozna\/arsenal\" rel=\"nofollow noopener\" target=\"_blank\">Arsenal FC<\/a>\u00a0&#8211; <a href=\"https:\/\/sportowefakty.wp.pl\/pilka-nozna\/olympiakos-pireus\" rel=\"nofollow noopener\" target=\"_blank\">Olympiakos Pireus<\/a>\u00a02:0 (1:0)<br \/>1:0 Gabriel Martinelli 13&#8242;<br \/>2:0 Bukayo Saka 90+2&#8242;<\/p>\n<p class=\"contentpart contentpart--default contentpart--text\" data-position=\"9\"><a href=\"https:\/\/sportowefakty.wp.pl\/pilka-nozna\/monaco\" rel=\"nofollow noopener\" target=\"_blank\">AS Monaco<\/a>\u00a0&#8211; <a href=\"https:\/\/sportowefakty.wp.pl\/pilka-nozna\/man-city\" rel=\"nofollow noopener\" target=\"_blank\">Manchester City<\/a>\u00a02:2 (1:2)<br \/>0:1 Erling Haaland 15&#8242;<br \/>1:1 Jordan Teze 18&#8242;<br \/>1:2 Erling Haaland 44&#8242;<br \/>2:2 Eric Dier (k.) 90&#8242;<\/p>\n","protected":false},"excerpt":{"rendered":"Nie ma dowod\u00f3w na to, \u017ce Erling Haaland nie jest kosmit\u0105, ale fakty s\u0105 takie, \u017ce Norweg wykr\u0119ca&hellip;\n","protected":false},"author":2,"featured_media":26889,"comment_status":"","ping_status":"","sticky":false,"template":"","format":"standard","meta":{"footnotes":""},"categories":[24],"tags":[1155,8139,944,8138,693,96,270,2782,1915,946,8140,269,2019,893,278,42,38,40,39,41,127,126,8137],"class_list":{"0":"post-26888","1":"post","2":"type-post","3":"status-publish","4":"format-standard","5":"has-post-thumbnail","7":"category-sport","8":"tag-anglia","9":"tag-arsenal-fc","10":"tag-as-monaco","11":"tag-emirates-stadium-w-londynie","12":"tag-europejskie-puchary","13":"tag-francja","14":"tag-liga-mistrzow","15":"tag-londyn","16":"tag-manchester-city","17":"tag-monako","18":"tag-olympiakos-pireus","19":"tag-pilka-nozna","20":"tag-pilka-nozna-w-anglii","21":"tag-pilka-nozna-we-francji","22":"tag-pilka-w-europie","23":"tag-pl","24":"tag-poland","25":"tag-polish","26":"tag-polska","27":"tag-polski","28":"tag-sport","29":"tag-sports","30":"tag-stade-louis-ii-w-monako"},"share_on_mastodon":{"url":"","error":""},"_links":{"self":[{"href":"https:\/\/www.europesays.com\/pl\/wp-json\/wp\/v2\/posts\/26888","targetHints":{"allow":["GET"]}}],"collection":[{"href":"https:\/\/www.europesays.com\/pl\/wp-json\/wp\/v2\/posts"}],"about":[{"href":"https:\/\/www.europesays.com\/pl\/wp-json\/wp\/v2\/types\/post"}],"author":[{"embeddable":true,"href":"https:\/\/www.europesays.com\/pl\/wp-json\/wp\/v2\/users\/2"}],"replies":[{"embeddable":true,"href":"https:\/\/www.europesays.com\/pl\/wp-json\/wp\/v2\/comments?post=26888"}],"version-history":[{"count":0,"href":"https:\/\/www.europesays.com\/pl\/wp-json\/wp\/v2\/posts\/26888\/revisions"}],"wp:featuredmedia":[{"embeddable":true,"href":"https:\/\/www.europesays.com\/pl\/wp-json\/wp\/v2\/media\/26889"}],"wp:attachment":[{"href":"https:\/\/www.europesays.com\/pl\/wp-json\/wp\/v2\/media?parent=26888"}],"wp:term":[{"taxonomy":"category","embeddable":true,"href":"https:\/\/www.europesays.com\/pl\/wp-json\/wp\/v2\/categories?post=26888"},{"taxonomy":"post_tag","embeddable":true,"href":"https:\/\/www.europesays.com\/pl\/wp-json\/wp\/v2\/tags?post=26888"}],"curies":[{"name":"wp","href":"https:\/\/api.w.org\/{rel}","templated":true}]}}