{"id":26956,"date":"2025-10-01T22:25:13","date_gmt":"2025-10-01T22:25:13","guid":{"rendered":"https:\/\/www.europesays.com\/pl\/26956\/"},"modified":"2025-10-01T22:25:13","modified_gmt":"2025-10-01T22:25:13","slug":"nie-zyje-jan-tatarski-aktor-wystapil-w-komedii-brunet-wieczorowa-pora","status":"publish","type":"post","link":"https:\/\/www.europesays.com\/pl\/26956\/","title":{"rendered":"Nie \u017cyje Jan Tatarski. Aktor wyst\u0105pi\u0142 w komedii &#8222;Brunet wieczorow\u0105 por\u0105&#8221;"},"content":{"rendered":"<p class=\"ods-c-paragraph\">Jan Tatarski, znany aktor teatralny i filmowy, zmar\u0142 21 wrze\u015bnia 2025 r. w Warszawie. Jego dorobek, w tym role w takich klasykach jak &#8222;Brunet wieczorow\u0105 por\u0105&#8221; czy &#8222;Dom&#8221;, na zawsze zapisa\u0142 si\u0119 w historii polskiego kina.<\/p>\n<p>Dalszy ci\u0105g artyku\u0142u pod materia\u0142em wideo<\/p>\n<p> Kiedy zmar\u0142 Jan Tatarski? <\/p>\n<p> Gdzie odb\u0119dzie si\u0119 pogrzeb Jana Tatarskiego? <\/p>\n<p> Jakie filmy i seriale zagra\u0142 Jan Tatarski? <\/p>\n<p> Ile lat mia\u0142 Jan Tatarski w momencie \u015bmierci? <\/p>\n<p>  Nie \u017cyje Jan Tatarski. Aktor mia\u0142 77 lat<\/p>\n<p class=\"ods-c-paragraph\">Jan Tatarski uko\u0144czy\u0142 Wydzia\u0142 Aktorski Pa\u0144stwowej Wy\u017cszej Szko\u0142y Teatralnej w Warszawie w 1971 r. Na scenie teatralnej zadebiutowa\u0142 jeszcze tego samego roku, a w ci\u0105gu kolejnych dekad pojawia\u0142 si\u0119 na deskach renomowanych polskich teatr\u00f3w. W\u015br\u00f3d nich by\u0142y m.in. Teatr im. Wilama Horzycy w Toruniu, Teatr Ziemi Mazowieckiej, Teatr Popularny i Teatr Na Woli, oba w Warszawie. Aktor pozostawa\u0142 tak\u017ce w bliskiej wsp\u00f3\u0142pracy z Teatrem Ochoty oraz Teatrem Kameralnym w Siedlcach.<\/p>\n<p class=\"ods-c-paragraph\">Na du\u017cym ekranie Tatarski zadebiutowa\u0142 w 1975 r., wyst\u0119puj\u0105c w serialu &#8222;Dyrektorzy&#8221;. Jednak to udzia\u0142 w komedii Stanis\u0142awa Barei &#8222;Brunet wieczorow\u0105 por\u0105&#8221; (1976 r.) przyni\u00f3s\u0142 mu niezatarte miejsce w pami\u0119ci widz\u00f3w. W produkcji tej wcieli\u0142 si\u0119 w Jasia, praktykanta w Miejskim Przedsi\u0119biorstwie Oczyszczania, kt\u00f3ry podczas swojego epizodu w filmie mia\u0142 okazj\u0119 wsp\u00f3\u0142pracowa\u0107 z takimi legendami polskiego kina jak Jan Kobuszewski. Barwne kreacje Tatarskiego, cho\u0107 cz\u0119sto drugoplanowe, potrafi\u0142y wyj\u0105tkowo zapada\u0107 w pami\u0119\u0107.<\/p>\n<p class=\"ods-c-paragraph\">Tatarski wyst\u0105pi\u0142 r\u00f3wnie\u017c w wielu innych popularnych produkcjach telewizyjnych i filmowych, m.in. w serialach &#8222;Dom&#8221; i &#8222;Tajemnica Enigmy&#8221; oraz w obrazie &#8222;Trzy kroki do mi\u0142o\u015bci&#8221;. Ostatni raz pojawi\u0142 si\u0119 na ekranie w 2002 r. w serialu &#8222;Marzenia do spe\u0142nienia&#8221;.<\/p>\n<p class=\"ods-c-paragraph\">O jego \u015bmierci poinformowa\u0142 tak\u017ce kolega po fachu Andrzej Prus, aktor filmowy i teatralny.<\/p>\n<blockquote class=\"ods-o-quota\">\n<p class=\"ods-o-quota__paragraph\">Wiele lat wsp\u00f3lnej pracy na scenie, w filmie. Za wcze\u015bnie Janku, za wcze\u015bnie. Smutno<\/p>\n<\/blockquote>\n<p class=\"ods-c-paragraph\">\u2014 napisa\u0142.<\/p>\n<p class=\"ods-c-paragraph\">Pogrzeb Jana Tatarskiego odb\u0119dzie si\u0119 2 pa\u017adziernika 2025 r. o godz. 10.00 w Parafii b\u0142. W\u0142adys\u0142awa z Gielniowa przy ul. Przy Ba\u017cantarni w Warszawie. Po uroczysto\u015bci kondukt \u017ca\u0142obny uda si\u0119 na Cmentarz Pow\u0105zki Wojskowe, gdzie aktor spocznie na wieczny odpoczynek.<\/p>\n<p class=\"ods-c-paragraph\">Dzi\u0119kujemy, \u017ce przeczyta\u0142a\u015b\/e\u015b nasz artyku\u0142 do ko\u0144ca. W serwisie Plejada.pl ka\u017cdego dnia piszemy o najwa\u017cniejszych wydarzeniach show-biznesowych. B\u0105d\u017a na bie\u017c\u0105co! <a rel=\"nofollow noopener\" href=\"https:\/\/news.google.com\/publications\/CAAiEF0PeAlb7W1llpV_mwV2rL4qFAgKIhBdD3gJW-1tZZaVf5sFdqy-?hl=pl&amp;gl=PL&amp;ceid=PL%3Apl\" id=\"50acc092-1941-4266-b333-023d76d62e26\" target=\"_blank\">Obserwuj<\/a> Plejad\u0119 w Wiadomo\u015bciach Google. Odwied\u017a nas tak\u017ce na <a rel=\"nofollow noopener\" href=\"https:\/\/www.facebook.com\/plejadapl\" id=\"cef963af-e9d4-4cee-b451-835a1d868d33\" target=\"_blank\">Facebooku<\/a>, <a rel=\"nofollow noopener\" href=\"https:\/\/www.instagram.com\/plejadapl\/\" id=\"82d01719-cca2-4fab-b449-d8d78671b585\" target=\"_blank\">Instagramie<\/a>, <a rel=\"nofollow noopener\" href=\"https:\/\/www.youtube.com\/c\/plejada\" id=\"f0b1fd09-780c-4f05-8d41-9a5aea86e0af\" target=\"_blank\">YouTube<\/a> oraz <a rel=\"nofollow noopener\" href=\"https:\/\/www.tiktok.com\/@plejada_pl\" id=\"dea6f61e-ccc9-470f-9045-cf30786c8e93\" target=\"_blank\">TikToku<\/a>.<\/p>\n<p class=\"ods-c-paragraph\">Chcesz podzieli\u0107 si\u0119 ciekawym newsem lub zaproponowa\u0107 temat? Skontaktuj si\u0119 z nami, pisz\u0105c e-maila na adres: <a rel=\"nofollow noopener\" href=\"https:\/\/plejada.pl\/newsy\/nie-zyje-jan-tatarski-aktor-wystapil-w-komedii-brunet-wieczorowa-pora\/mailto:plejada@redakcjaonet.pl\" id=\"223e30d7-18c5-4e08-9295-65895be837a3\" target=\"_blank\">plejada@redakcjaonet.pl<\/a>.<\/p>\n<p><script async src=\"\/\/www.instagram.com\/embed.js\"><\/script><script async src=\"\/\/www.tiktok.com\/embed.js\"><\/script><\/p>\n","protected":false},"excerpt":{"rendered":"Jan Tatarski, znany aktor teatralny i filmowy, zmar\u0142 21 wrze\u015bnia 2025 r. w Warszawie. Jego dorobek, w tym&hellip;\n","protected":false},"author":2,"featured_media":26957,"comment_status":"","ping_status":"","sticky":false,"template":"","format":"standard","meta":{"footnotes":""},"categories":[5],"tags":[32,33,36,37,27,34,35,28,31,48,25,125,46,42,38,40,39,41,47,511,29,30,26],"class_list":{"0":"post-26956","1":"post","2":"type-post","3":"status-publish","4":"format-standard","5":"has-post-thumbnail","7":"category-naglowki","8":"tag-breaking-news","9":"tag-breakingnews","10":"tag-featured-news","11":"tag-featurednews","12":"tag-headlines","13":"tag-latest-news","14":"tag-latestnews","15":"tag-naglowki","16":"tag-najwazniejsze-artykuly","17":"tag-nat_styl","18":"tag-news","19":"tag-newsy","20":"tag-omp","21":"tag-pl","22":"tag-poland","23":"tag-polish","24":"tag-polska","25":"tag-polski","26":"tag-screening_general","27":"tag-smierc","28":"tag-top-stories","29":"tag-topstories","30":"tag-wiadomosci"},"share_on_mastodon":{"url":"","error":""},"_links":{"self":[{"href":"https:\/\/www.europesays.com\/pl\/wp-json\/wp\/v2\/posts\/26956","targetHints":{"allow":["GET"]}}],"collection":[{"href":"https:\/\/www.europesays.com\/pl\/wp-json\/wp\/v2\/posts"}],"about":[{"href":"https:\/\/www.europesays.com\/pl\/wp-json\/wp\/v2\/types\/post"}],"author":[{"embeddable":true,"href":"https:\/\/www.europesays.com\/pl\/wp-json\/wp\/v2\/users\/2"}],"replies":[{"embeddable":true,"href":"https:\/\/www.europesays.com\/pl\/wp-json\/wp\/v2\/comments?post=26956"}],"version-history":[{"count":0,"href":"https:\/\/www.europesays.com\/pl\/wp-json\/wp\/v2\/posts\/26956\/revisions"}],"wp:featuredmedia":[{"embeddable":true,"href":"https:\/\/www.europesays.com\/pl\/wp-json\/wp\/v2\/media\/26957"}],"wp:attachment":[{"href":"https:\/\/www.europesays.com\/pl\/wp-json\/wp\/v2\/media?parent=26956"}],"wp:term":[{"taxonomy":"category","embeddable":true,"href":"https:\/\/www.europesays.com\/pl\/wp-json\/wp\/v2\/categories?post=26956"},{"taxonomy":"post_tag","embeddable":true,"href":"https:\/\/www.europesays.com\/pl\/wp-json\/wp\/v2\/tags?post=26956"}],"curies":[{"name":"wp","href":"https:\/\/api.w.org\/{rel}","templated":true}]}}