{"id":269702,"date":"2026-02-20T13:28:13","date_gmt":"2026-02-20T13:28:13","guid":{"rendered":"https:\/\/www.europesays.com\/pl\/269702\/"},"modified":"2026-02-20T13:28:13","modified_gmt":"2026-02-20T13:28:13","slug":"zostawil-dziewczyne-na-najwyzszym-szczycie-austrii-jest-wyrok-dla-alpinisty","status":"publish","type":"post","link":"https:\/\/www.europesays.com\/pl\/269702\/","title":{"rendered":"Zostawi\u0142 dziewczyn\u0119 na najwy\u017cszym szczycie Austrii. Jest wyrok dla alpinisty"},"content":{"rendered":"<p>S\u0105d uzna\u0142, \u017ce Thomas P. dopu\u015bci\u0142 si\u0119 ra\u017c\u0105cego zaniedbania. Zostawi\u0142 niedo\u015bwiadczon\u0105, wyzi\u0119bion\u0105 i wyczerpan\u0105 kobiet\u0119 na szczycie, a sam zszed\u0142, aby wezwa\u0107 pomoc. Jak si\u0119 p\u00f3\u017aniej okaza\u0142o, zrobi\u0142 to zbyt p\u00f3\u017ano i nieskutecznie. Co prawda zadzwoni\u0142 na policj\u0119, ale nie podkre\u015bli\u0142, \u017ce potrzebna jest natychmiastowa pomoc, a p\u00f3\u017aniej nie odbiera\u0142 telefonu. Jak stwierdzi\u0142 w s\u0105dzie podczas procesu \u2014 mia\u0142 w\u0142\u0105czony tryb samolotowy dla oszcz\u0119dzania baterii. S\u0105d w Innsbrucku wymierzy\u0142 Thomasowi P. pi\u0119ciomiesi\u0119czny wyrok wi\u0119zienia w zawieszeniu oraz grzywn\u0119 w wysoko\u015bci 9,4 tys. euro.<\/p>\n<p>    Dalszy ci\u0105g artyku\u0142u pod materia\u0142em wideo    <\/p>\n<p> Jaki wyrok zapad\u0142 dla Thomasa P.? <\/p>\n<p> Jakie by\u0142y okoliczno\u015bci \u015bmierci Kerstin G.? <\/p>\n<p> Co s\u0105d powiedzia\u0142 na temat odpowiedzialno\u015bci Thomasa P.? <\/p>\n<p> Czy to by\u0142 pierwszy raz, kiedy Thomas P. zostawi\u0142 swoj\u0105 dziewczyn\u0119 w g\u00f3rach? <\/p>\n<p>  S\u0105d do alpinisty: nie uwa\u017cam ci\u0119 za morderc\u0119<\/p>\n<p>Austriacki s\u0105d uzna\u0142 37-letniego amatora alpinizmu winnym nieumy\u015blnego spowodowania \u015bmierci. Thomas P. nie zostawi\u0142 swojej partnerce okrycia, koca awaryjnego ani \u017cadnego sprz\u0119tu \u2014 mia\u0142 go w swoim plecaku. Cia\u0142o kobiety znaleziono nast\u0119pnego dnia rano. Jej partner sam nie potrafi\u0142 wyja\u015bni\u0107 swojego zachowania \u2014 w s\u0105dzie m\u00f3wi\u0142 tylko o silnym stresie.<\/p>\n<p>Okaza\u0142o si\u0119, \u017ce to nie by\u0142 pierwszy raz, kiedy m\u0119\u017cczyzna zostawi\u0142 swoj\u0105 partnerk\u0119 w g\u00f3rach. S\u0105d wezwa\u0142 na \u015bwiadka jego by\u0142\u0105 dziewczyn\u0119, kt\u00f3ra zezna\u0142a, \u017ce w 2023 r. wspinali si\u0119 razem na ten sam szczyt Alp. Wtedy Thomas P. mia\u0142 zostawi\u0107 j\u0105 sam\u0105 w g\u00f3rach po k\u0142\u00f3tni i po tym, jak roz\u0142adowa\u0142a jej si\u0119 latarka \u2014 czo\u0142\u00f3wka.<\/p>\n<p>Sprawa jest nietypowa, poniewa\u017c cho\u0107 wypadki wspinaczkowe s\u0105 powszechne, post\u0119powania w ich sprawach s\u0105 rzadkie. Proces ten wzbudzi\u0142 pytania o zakres odpowiedzialno\u015bci prawnej w wysokich g\u00f3rach, kt\u00f3re \u2014 jako z natury niebezpieczne \u2014 s\u0105 \u015brodowiskiem, kt\u00f3re wspinacze zazwyczaj eksploruj\u0105 na w\u0142asne ryzyko.<\/p>\n<p>Przewodnicz\u0105cy sk\u0142adu s\u0119dziowskiego Norbert Hofer, sam do\u015bwiadczony alpinista, orzek\u0142, \u017ce oskar\u017cony powinien by\u0142 zrozumie\u0107, \u017ce Kerstin G. nie poradzi sobie ze wspinaczk\u0105 jeszcze na d\u0142ugo przed tym, jak zacz\u0119\u0142y si\u0119 problemy z zej\u015bciem ze szczytu. Powiedzia\u0142 jednak: &#8222;Nie uwa\u017cam ci\u0119 za morderc\u0119&#8221;, daj\u0105c wiar\u0119 s\u0142owom oskar\u017conego, \u017ce ten faktycznie zszed\u0142 po pomoc.<\/p>\n","protected":false},"excerpt":{"rendered":"S\u0105d uzna\u0142, \u017ce Thomas P. dopu\u015bci\u0142 si\u0119 ra\u017c\u0105cego zaniedbania. Zostawi\u0142 niedo\u015bwiadczon\u0105, wyzi\u0119bion\u0105 i wyczerpan\u0105 kobiet\u0119 na szczycie, a&hellip;\n","protected":false},"author":2,"featured_media":269703,"comment_status":"","ping_status":"","sticky":false,"template":"","format":"standard","meta":{"footnotes":"","_share_on_mastodon":"0"},"categories":[5],"tags":[210,45871,19655,294,32,33,36,37,27,34,35,28,31,48,25,46,42,38,40,39,41,412,47,29,30,26],"class_list":["post-269702","post","type-post","status-publish","format-standard","has-post-thumbnail","category-naglowki","tag-aktualnosci","tag-alpinisci","tag-alpy","tag-austria","tag-breaking-news","tag-breakingnews","tag-featured-news","tag-featurednews","tag-headlines","tag-latest-news","tag-latestnews","tag-naglowki","tag-najwazniejsze-artykuly","tag-nat_styl","tag-news","tag-omp","tag-pl","tag-poland","tag-polish","tag-polska","tag-polski","tag-prawo_sady_prawnicy","tag-screening_general","tag-top-stories","tag-topstories","tag-wiadomosci"],"share_on_mastodon":{"url":"https:\/\/pubeurope.com\/@pl\/116103197727016103","error":""},"_links":{"self":[{"href":"https:\/\/www.europesays.com\/pl\/wp-json\/wp\/v2\/posts\/269702","targetHints":{"allow":["GET"]}}],"collection":[{"href":"https:\/\/www.europesays.com\/pl\/wp-json\/wp\/v2\/posts"}],"about":[{"href":"https:\/\/www.europesays.com\/pl\/wp-json\/wp\/v2\/types\/post"}],"author":[{"embeddable":true,"href":"https:\/\/www.europesays.com\/pl\/wp-json\/wp\/v2\/users\/2"}],"replies":[{"embeddable":true,"href":"https:\/\/www.europesays.com\/pl\/wp-json\/wp\/v2\/comments?post=269702"}],"version-history":[{"count":0,"href":"https:\/\/www.europesays.com\/pl\/wp-json\/wp\/v2\/posts\/269702\/revisions"}],"wp:featuredmedia":[{"embeddable":true,"href":"https:\/\/www.europesays.com\/pl\/wp-json\/wp\/v2\/media\/269703"}],"wp:attachment":[{"href":"https:\/\/www.europesays.com\/pl\/wp-json\/wp\/v2\/media?parent=269702"}],"wp:term":[{"taxonomy":"category","embeddable":true,"href":"https:\/\/www.europesays.com\/pl\/wp-json\/wp\/v2\/categories?post=269702"},{"taxonomy":"post_tag","embeddable":true,"href":"https:\/\/www.europesays.com\/pl\/wp-json\/wp\/v2\/tags?post=269702"}],"curies":[{"name":"wp","href":"https:\/\/api.w.org\/{rel}","templated":true}]}}