{"id":270387,"date":"2026-02-20T22:40:03","date_gmt":"2026-02-20T22:40:03","guid":{"rendered":"https:\/\/www.europesays.com\/pl\/270387\/"},"modified":"2026-02-20T22:40:03","modified_gmt":"2026-02-20T22:40:03","slug":"mial-wyprac-w-polsce-360-mln-dolarow-to-jest-nagonka-na-mnie","status":"publish","type":"post","link":"https:\/\/www.europesays.com\/pl\/270387\/","title":{"rendered":"Mia\u0142 &#8222;wypra\u0107&#8221; w Polsce 360 mln dolar\u00f3w. &#8222;To jest nagonka na mnie&#8221;"},"content":{"rendered":"<p>To najwi\u0119ksze zabezpieczenie \u015brodk\u00f3w w historii polskiej prokuratury. <\/p>\n<p>\u015aledczy z Dolno\u015bl\u0105skiego Wydzia\u0142u Zamiejscowego Prokuratury Krajowej we Wroc\u0142awiu ju\u017c w 2018 r. zabezpieczyli na kontach Banku Sp\u00f3\u0142dzielczego w Skierniewicach 1,4 mld z\u0142. Post\u0119powanie by\u0142o prowadzone w kierunku handlu narkotykami i prania brudnych pieni\u0119dzy.<\/p>\n<p>O sprawie zrobi\u0142o si\u0119 g\u0142o\u015bno po tym, gdy minister sprawiedliwo\u015bci Zbigniew Ziobro informowa\u0142 o najwi\u0119kszym w historii prokuratury przej\u0119ciu pieni\u0119dzy pochodz\u0105cych z przest\u0119pstwa.<\/p>\n<p>Wed\u0142ug prokuratury grupa przest\u0119pcza kierowana przez Shaloma Liora Azulaia przemyca\u0142a nawet 100 kilogram\u00f3w kokainy miesi\u0119cznie, ukrywaj\u0105c j\u0105 w generatorach pr\u0105du. Warto\u015b\u0107 procederu w sumie mia\u0142a przekracza\u0107 3 mld z\u0142. <\/p>\n<p>Pieni\u0105dze z handlu mia\u0142y by\u0107 &#8222;czyszczone&#8221; przy pomocy kryptowalut i sieci po\u015brednicz\u0105cych sp\u00f3\u0142ek, kt\u00f3rymi zarz\u0105dza\u0142 Ivan M. L. Obaj oskar\u017ceni twierdz\u0105, \u017ce s\u0105 niewinni.<\/p>\n<p>    Dalszy ci\u0105g artyku\u0142u pod materia\u0142em wideo    <\/p>\n<p> Jakie kwoty by\u0142y zwi\u0105zane z t\u0105 spraw\u0105? <\/p>\n<p> Kto jest oskar\u017cony w tej sprawie? <\/p>\n<p> Gdzie mia\u0142y miejsce dzia\u0142ania przest\u0119pcze? <\/p>\n<p> Kiedy odb\u0119dzie si\u0119 nast\u0119pna rozprawa? <\/p>\n<p>  Izraelczyk oskar\u017cony o pranie pieni\u0119dzy gangu. Rabin: on powinien dosta\u0107 nagrod\u0119 Nobla<\/p>\n<p>Oskar\u017ceni pojawili si\u0119 w pi\u0105tek w S\u0105dzie Okr\u0119gowym w Warszawie na kolejnej rozprawie. Obro\u0144ca Szaloma Liora Azulaia adw. Ryszard Kalisz z\u0142o\u017cy\u0142 m.in. wniosek o zniesienie wobec jego klienta \u015brodka zapobiegawczego w postaci zakazu opuszczania kraju.<\/p>\n<p>Przypomnijmy, \u017ce Azulai, obywatel Izraela, w 2022 r. opu\u015bci\u0142 areszt po wp\u0142aceniu kaucji. Od tamtego czasu s\u0105d nie pozwala mu wyje\u017cd\u017ca\u0107 z Polski. <\/p>\n<p>M\u0119\u017cczyzna ma rezydencj\u0119 w Panamie. Prokuratura obawia si\u0119, \u017ce je\u015bli opu\u015bci\u0142by Polsk\u0119, to ju\u017c by nigdy do niej nie wr\u00f3ci\u0142.<\/p>\n<p>Opini\u0119 \u015bledczych podzieli\u0142 dzisiaj s\u0105d.<\/p>\n<p>\u2014 Wed\u0142ug s\u0105du nie mo\u017cna uchyli\u0107 tego \u015brodka, poniewa\u017c post\u0119powanie w sprawie nadal si\u0119 toczy, a argumentacja obro\u0144cy dyskredytuje zebrany materia\u0142 dowodowy praktycznie w ca\u0142o\u015bci. O ile obro\u0144ca jak najbardziej ma do tego prawo, o tyle s\u0105d nie mo\u017ce sobie pozwoli\u0107 na tym etapie na takie potraktowanie materia\u0142u \u2014 t\u0142umaczy\u0142a dzi\u015b s\u0119dzia prowadz\u0105ca.<\/p>\n<p>\u2014 S\u0105d rozumie, \u017ce post\u0119powanie toczy si\u0119 d\u0142ugo, \u017ce oskar\u017cony z ca\u0142\u0105 pewno\u015bci\u0105 cierpi, b\u0119d\u0105c roz\u0142\u0105czony ze swoj\u0105 rodzin\u0105 i \u015brodowiskiem, ale zarzuty stawiane oskar\u017conemu w tej sprawie s\u0105 na tyle powa\u017cne, \u017ce dalsze stosowanie \u015brodk\u00f3w zapobiegawczych jest niezb\u0119dne. Uchylenie tego \u015brodka mia\u0142oby tak\u0105 konsekwencj\u0119 procesow\u0105, \u017ce dalsze kontynuowanie post\u0119powania bez oskar\u017conego nie by\u0142oby mo\u017cliwe \u2014 wyja\u015bni\u0142a.<\/p>\n<p>S\u0119dzia dopu\u015bci\u0142a z kolei do g\u0142osu rabina, kt\u00f3ry dzi\u015b w s\u0105dzie wyg\u0142osi\u0142 swoje \u015bwiadectwo na temat oskar\u017conego Szaloma Liora Azulaia.<\/p>\n<p>\u2014 Pozna\u0142em go, odk\u0105d wyszed\u0142 na wolno\u015b\u0107. Musz\u0119 powiedzie\u0107, \u017ce znam go g\u0142\u0119boko. Jestem jego opiekunem duchowym. Kiedy go przedstawiam innym, to m\u00f3wi\u0119, \u017ce on powinien dosta\u0107 nagrod\u0119 Nobla \u2014 uzna\u0142 rabin Szalom Ber Stambler.<\/p>\n<p>\u2014 On przez 1,5 roku jest zupe\u0142nie sam w Polsce. Jest odizolowany od rodziny i to wytrzymuje. Pojawia si\u0119 u nas na modlitwie trzy razy dziennie, bez wzgl\u0119du na pogod\u0119 i humor. Ja widz\u0119, jak bardzo mu jest ci\u0119\u017cko. Jego 6-letni syn bierze udzia\u0142 w konkursie wiedzy biblijnej i zaraz wybiera si\u0119 na fina\u0142 do Nowego Jorku. Jego \u017cona z\u0142apa\u0142a tego syna, jak czyta\u0142 w wyszukiwarce Google o swoim tacie. I w ten spos\u00f3b dopiero dowiedzia\u0142 si\u0119, jakie zarzuty s\u0105 stawiane jego ojcu \u2014 m\u00f3wi\u0142, nie kryj\u0105c emocji, Szalom Ber Stambler.<\/p>\n<p>   Gigantyczna afera w polskim banku i pieni\u0105dze mafii. &#8222;Absolutnie nietypowa sprawa&#8221;<\/p>\n<p>Jak m\u00f3wi\u0142 Onetowi w przerwie dzisiejszego posiedzenia prokurator, kt\u00f3ry sformu\u0142owa\u0142 akt oskar\u017cenia w tej sprawie, i handel narkotykami i pranie pieni\u0119dzy mia\u0142y miejsce z udzia\u0142em obu g\u0142\u00f3wnych oskar\u017conych.<\/p>\n<p>\u2014 W mojej ocenie istnieje bardzo du\u017ce prawdopodobie\u0144stwo pope\u0142nienia tych czyn\u00f3w. W ramach post\u0119powania ustalili\u015bmy, \u017ce gigantyczne pieni\u0105dze pochodz\u0105ce z obrotu narkotykami, ok. 3 mld z\u0142, poddawane by\u0142o tzw. praniu pieni\u0119dzy, czyli ich legalizacji. To ju\u017c odbywa\u0142o si\u0119 m.in. na terenie Polski. Jedna ze sp\u00f3\u0142ek, kt\u00f3ra by\u0142a &#8222;operatorem&#8221; tych transfer\u00f3w dzia\u0142a\u0142a na terenie Polski. Rachunki tych sp\u00f3\u0142ek obs\u0142ugiwa\u0142 bank w Skierniewicach \u2014 przekaza\u0142 nam Marcin Kucharski z Dolno\u015bl\u0105skiego Wydzia\u0142u Zamiejscowego Prokuratury Krajowej we Wroc\u0142awiu.<\/p>\n<p>Jego zdaniem, prokuratura wykona\u0142a ogrom pracy, a ca\u0142a sprawa jest &#8222;absolutnie nietypowa&#8221;.<\/p>\n<p>\u2014 Spos\u00f3b zabezpieczania si\u0119 grup przest\u0119pczych, \u017ceby to nie wysz\u0142o, jest bardzo skomplikowany. S\u0142u\u017cby polskie dzia\u0142a\u0142y w naprawd\u0119 znakomitej kooperatywie ze s\u0142u\u017cbami ameryka\u0144skimi, izraelskimi, belgijskimi, czy np. \u015bledczymi z Chile. To pozwoli\u0142o na po\u0142\u0105czenie tych nitek i doprowadzi\u0142o do nietypowego aktu oskar\u017cenia \u2014 us\u0142yszeli\u015bmy.<\/p>\n<p>Z kolei Shalom Lior Azulai t\u0142umaczy\u0142 Onetowi, \u017ce &#8221; absolutnie w \u017caden spos\u00f3b nie jest zwi\u0105zany ze spraw\u0105&#8221;.<\/p>\n<p>\u2014 To jest nagonka i budowanie sprawy na podstawie zezna\u0144 jednego funkcjonariusza ze Stan\u00f3w Zjednoczonych. Od samego pocz\u0105tku pr\u00f3buj\u0119 t\u0142umaczy\u0107, \u017ce w \u017caden spos\u00f3b nie jestem z tym zwi\u0105zany. Na ostatniej rozprawie w grudniu 2025 r. r\u00f3wnie\u017c potwierdzi\u0142em, \u017ce nie mam z tym nic wsp\u00f3lnego. To stwarzanie sprawy, kt\u00f3ra nie ma \u017cadnych podstaw prawnych \u2014 powiedzia\u0142 nam oskar\u017cony.<\/p>\n<p>Nast\u0119pna rozprawa odb\u0119dzie si\u0119 27 marca. S\u0119dzia wys\u0142ucha zezna\u0144 jednego z bieg\u0142ych z zakresu rynku kryptowalut.<\/p>\n<p>Chcesz porozmawia\u0107 z autorami? Napisz: marcin.terlik@redakcjaonet.pl ; szymon.piegza@redakcjaonet.pl<\/p>\n","protected":false},"excerpt":{"rendered":"To najwi\u0119ksze zabezpieczenie \u015brodk\u00f3w w historii polskiej prokuratury. \u015aledczy z Dolno\u015bl\u0105skiego Wydzia\u0142u Zamiejscowego Prokuratury Krajowej we Wroc\u0142awiu ju\u017c&hellip;\n","protected":false},"author":2,"featured_media":270388,"comment_status":"","ping_status":"","sticky":false,"template":"","format":"standard","meta":{"footnotes":"","_share_on_mastodon":"0"},"categories":[12],"tags":[32,33,36,37,27,34,35,18719,28,31,910,48,25,46,42,38,40,39,41,25123,47,29,30,45195,435,26],"class_list":["post-270387","post","type-post","status-publish","format-standard","has-post-thumbnail","category-polska","tag-breaking-news","tag-breakingnews","tag-featured-news","tag-featurednews","tag-headlines","tag-latest-news","tag-latestnews","tag-mafia","tag-naglowki","tag-najwazniejsze-artykuly","tag-narkotyki_narkomania_handel_narkotykami","tag-nat_styl","tag-news","tag-omp","tag-pl","tag-poland","tag-polish","tag-polska","tag-polski","tag-pranie_pieniedzy","tag-screening_general","tag-top-stories","tag-topstories","tag-unifeed_tst0","tag-warszawa","tag-wiadomosci"],"share_on_mastodon":{"url":"https:\/\/pubeurope.com\/@pl\/116105368272609111","error":""},"_links":{"self":[{"href":"https:\/\/www.europesays.com\/pl\/wp-json\/wp\/v2\/posts\/270387","targetHints":{"allow":["GET"]}}],"collection":[{"href":"https:\/\/www.europesays.com\/pl\/wp-json\/wp\/v2\/posts"}],"about":[{"href":"https:\/\/www.europesays.com\/pl\/wp-json\/wp\/v2\/types\/post"}],"author":[{"embeddable":true,"href":"https:\/\/www.europesays.com\/pl\/wp-json\/wp\/v2\/users\/2"}],"replies":[{"embeddable":true,"href":"https:\/\/www.europesays.com\/pl\/wp-json\/wp\/v2\/comments?post=270387"}],"version-history":[{"count":0,"href":"https:\/\/www.europesays.com\/pl\/wp-json\/wp\/v2\/posts\/270387\/revisions"}],"wp:featuredmedia":[{"embeddable":true,"href":"https:\/\/www.europesays.com\/pl\/wp-json\/wp\/v2\/media\/270388"}],"wp:attachment":[{"href":"https:\/\/www.europesays.com\/pl\/wp-json\/wp\/v2\/media?parent=270387"}],"wp:term":[{"taxonomy":"category","embeddable":true,"href":"https:\/\/www.europesays.com\/pl\/wp-json\/wp\/v2\/categories?post=270387"},{"taxonomy":"post_tag","embeddable":true,"href":"https:\/\/www.europesays.com\/pl\/wp-json\/wp\/v2\/tags?post=270387"}],"curies":[{"name":"wp","href":"https:\/\/api.w.org\/{rel}","templated":true}]}}