{"id":270904,"date":"2026-02-21T08:49:09","date_gmt":"2026-02-21T08:49:09","guid":{"rendered":"https:\/\/www.europesays.com\/pl\/270904\/"},"modified":"2026-02-21T08:49:09","modified_gmt":"2026-02-21T08:49:09","slug":"niemal-cala-polska-z-zoltymi-ostrzezeniami-imgw-pogoda-bedzie-niebezpieczna-onet","status":"publish","type":"post","link":"https:\/\/www.europesays.com\/pl\/270904\/","title":{"rendered":"Niemal ca\u0142a Polska z \u017c\u00f3\u0142tymi ostrze\u017ceniami IMGW. Pogoda b\u0119dzie niebezpieczna &#8211; Onet"},"content":{"rendered":"<ol>\n<li><a href=\"https:\/\/news.google.com\/rss\/articles\/CBMi1wFBVV95cUxPdXpkLVFqZ2Iza0ZYbDAweHJqLXc1bWNqQ25LWWJuLUFUcmQ5aXlESTBqbXZvSnJQWnFxRUVfc2VnNWNaMDZpTzVFZFpzLUl2a0owd3ROcV8tX01tYkFHUERjVlBpMV9tclM0XzZGblNRM0RjZWExU20wbk5WajZyZ3hHeUViT0tpZklGMVBqamJ6YjI4MTNzX1ZNMjd3aVI2Nm9TTEEwdzNMM2tZQWl2MDFmVzFQZnIxWklYckR0YU8yRVZORTc4ZUwta25PbGVqM0dUQ0RfQQ?oc=5\" target=\"_blank\" rel=\"nofollow noopener\">Niemal ca\u0142a Polska z \u017c\u00f3\u0142tymi ostrze\u017ceniami IMGW. Pogoda b\u0119dzie niebezpieczna<\/a>&nbsp;&nbsp;Onet<\/li>\n<li><a href=\"https:\/\/news.google.com\/rss\/articles\/CBMiswFBVV95cUxPdEJfZ1JnNE9idEZ6VWRVeU5DMDBfTVZaR0VPazNEUFo0R1dpeWtUQXJhd3MweXd6R1FzLXRXdVYyUGNOcTVVRnZlUi1HVy1KRU5mY1UtR3JOMEotOEh2ajRtZkNNNW1JTUFwcm9XVVNQYzQwOEhSUWpsMDlaVkQ0UmY1LVlzTzJMNFRxVzcxa1UzOU14M3FPRll1M2dnOERKX3ZDN0ZMakgxOFltZk1RYWkxRQ?oc=5\" target=\"_blank\" rel=\"nofollow noopener\">Coraz wi\u0119cej s\u0142o\u0144ca, cho\u0107 mr\u00f3z jeszcze si\u0119 trzyma. Gerd zmienia sytuacj\u0119 w praktycznie ca\u0142ej Polsce<\/a>&nbsp;&nbsp;Wydarzenia w INTERIA.PL<\/li>\n<li><a href=\"https:\/\/news.google.com\/rss\/articles\/CBMiwwFBVV95cUxNWVhVdFFrM05EYWc1VmJCalo2ZGtZendPZ3ZlaFYzejVqYjdWMkEtQ2ZaanJmYmJzcUJaanVZSV9XSlFuTU9DcmZqOTZjU2pwMnBsZkYtRkRMSHJNNkJFR3RYTmVYMTlvd3lPdmNMeG84Qk1INWE0Uk1fT2tRdmVqOUMyT25RZWxNWXJWY3JKMU40dGlxTmFKbHRVS0RwRnc3dXdzeG02Z1ZBSUc5NGtpbFZKVFNfRmVNZXZhQldOYWVPSWM?oc=5\" target=\"_blank\" rel=\"nofollow noopener\">Pot\u0119\u017cna ulewa przetoczy si\u0119 przez Polsk\u0119. Meteorolodzy: tam spadnie najwi\u0119cej deszczu<\/a>&nbsp;&nbsp;Polskie Radio 24<\/li>\n<li><a href=\"https:\/\/news.google.com\/rss\/articles\/CBMirAFBVV95cUxPbXdaQ0xxRy1xaFJwS2cwRUF6YThaYmJaUXdfX0dCX2NfNmdiaWVudUx3Wk95T2Zkc2hMVmNSNlVMNGJBTFcxUFV5cGVDbjVLYjVNQVlpX2JIM3ZFczg3bGZnRlRHUWdRUjNLVU5sUXlUN292RFpGZmJZeXFackFpMkZoVnBtRk5JYjVpRnROWTdLODZSSWYyMXJFNjd1S2ZCTlRZU25pOU5HWDBU?oc=5\" target=\"_blank\" rel=\"nofollow noopener\">\u015anie\u017cyca nadci\u0105ga nad Polsk\u0119. B\u0119dzie parali\u017c. Zosta\u0142y godziny<\/a>&nbsp;&nbsp;TwojaPogoda.pl<\/li>\n<li><a href=\"https:\/\/news.google.com\/rss\/articles\/CBMiowFBVV95cUxPaEhWb092bTVLNE10eEtJQlI1OW43M3VJbnRWaEE0d1lkZk14cUNRWkgtWV9zYU05QWZmMU9SNlNPbmFTSXBNVlAyNkpvbVVqZEU1WHdmSUJscWVNT2huLVBaZEx6aFQyZ0xfOFZxV3VXOFNkV0VuSUFUOHlrNmhUcXVtVlFIUEVOT3FDVFRPZXNKakpZcW1GT0RkRFBSZ0NWM2pN?oc=5\" target=\"_blank\" rel=\"nofollow noopener\">Pogoda na jutro &#8211; pi\u0105tek, 20.02. Miejscami noc\u0105 popada \u015bnieg<\/a>&nbsp;&nbsp;TVN24<\/li>\n<\/ol>\n","protected":false},"excerpt":{"rendered":"Niemal ca\u0142a Polska z \u017c\u00f3\u0142tymi ostrze\u017ceniami IMGW. Pogoda b\u0119dzie niebezpieczna&nbsp;&nbsp;Onet Coraz wi\u0119cej s\u0142o\u0144ca, cho\u0107 mr\u00f3z jeszcze si\u0119 trzyma.&hellip;\n","protected":false},"author":2,"featured_media":270905,"comment_status":"","ping_status":"","sticky":false,"template":"","format":"standard","meta":{"footnotes":"","_share_on_mastodon":"0"},"categories":[12],"tags":[32,33,36,37,23120,27,67,34,35,45312,28,31,53,25,52,68,51,16382,55,42,78,38,40,39,41,47,39366,29,30,65,50,26],"class_list":["post-270904","post","type-post","status-publish","format-standard","has-post-thumbnail","category-polska","tag-breaking-news","tag-breakingnews","tag-featured-news","tag-featurednews","tag-gololedz","tag-headlines","tag-intextvideo_splayer","tag-latest-news","tag-latestnews","tag-marznacy_deszcz","tag-naglowki","tag-najwazniejsze-artykuly","tag-new_header","tag-news","tag-onet3","tag-onet3d","tag-onet3d_2i","tag-ostrzezenia_imgw","tag-phx","tag-pl","tag-pogoda","tag-poland","tag-polish","tag-polska","tag-polski","tag-screening_general","tag-sg_cleanup_tst0","tag-top-stories","tag-topstories","tag-update_me","tag-v2021","tag-wiadomosci"],"share_on_mastodon":{"url":"https:\/\/pubeurope.com\/@pl\/116107762893096361","error":""},"_links":{"self":[{"href":"https:\/\/www.europesays.com\/pl\/wp-json\/wp\/v2\/posts\/270904","targetHints":{"allow":["GET"]}}],"collection":[{"href":"https:\/\/www.europesays.com\/pl\/wp-json\/wp\/v2\/posts"}],"about":[{"href":"https:\/\/www.europesays.com\/pl\/wp-json\/wp\/v2\/types\/post"}],"author":[{"embeddable":true,"href":"https:\/\/www.europesays.com\/pl\/wp-json\/wp\/v2\/users\/2"}],"replies":[{"embeddable":true,"href":"https:\/\/www.europesays.com\/pl\/wp-json\/wp\/v2\/comments?post=270904"}],"version-history":[{"count":0,"href":"https:\/\/www.europesays.com\/pl\/wp-json\/wp\/v2\/posts\/270904\/revisions"}],"wp:featuredmedia":[{"embeddable":true,"href":"https:\/\/www.europesays.com\/pl\/wp-json\/wp\/v2\/media\/270905"}],"wp:attachment":[{"href":"https:\/\/www.europesays.com\/pl\/wp-json\/wp\/v2\/media?parent=270904"}],"wp:term":[{"taxonomy":"category","embeddable":true,"href":"https:\/\/www.europesays.com\/pl\/wp-json\/wp\/v2\/categories?post=270904"},{"taxonomy":"post_tag","embeddable":true,"href":"https:\/\/www.europesays.com\/pl\/wp-json\/wp\/v2\/tags?post=270904"}],"curies":[{"name":"wp","href":"https:\/\/api.w.org\/{rel}","templated":true}]}}