{"id":271802,"date":"2026-02-21T19:43:17","date_gmt":"2026-02-21T19:43:17","guid":{"rendered":"https:\/\/www.europesays.com\/pl\/271802\/"},"modified":"2026-02-21T19:43:17","modified_gmt":"2026-02-21T19:43:17","slug":"julia-von-stein-zareczyla-sie-ukochany-najpierw-zapytal-rodzicow-o-zgode","status":"publish","type":"post","link":"https:\/\/www.europesays.com\/pl\/271802\/","title":{"rendered":"Julia von Stein zar\u0119czy\u0142a si\u0119. Ukochany najpierw zapyta\u0142 rodzic\u00f3w o zgod\u0119"},"content":{"rendered":"<p class=\"Paragraph_desktopParagraph__U31Gm\"><a href=\"https:\/\/plejada.pl\/temat\/julia-von-stein\/hq6fyp9\" id=\"08387bae-e5c3-4792-8d9d-4d254a47e757\" rel=\"nofollow noopener\" target=\"_blank\">Julia von Stein<\/a> da\u0142a si\u0119 pozna\u0107 szerszej publiczno\u015bci jako jedna z gwiazd TTV. Wyst\u0119powa\u0142a w programach &#8222;Kr\u00f3lowe \u017cycia&#8221; czy &#8222;Piekielnie boskie&#8221;. Z czasem 29-latka zacz\u0119\u0142a budowa\u0107 swoj\u0105 mark\u0119 w internecie, aktywnie relacjonuj\u0105c \u017cycie prywatne w mediach spo\u0142eczno\u015bciowych i na YouTube.<\/p>\n<ul class=\"OchatFollowUps_wrapper__1ry7X\">\n<li class=\"OchatFollowUps_item__Dhyly OchatFollowUps_itemDesktop__R6aBv\">Kiedy Julia von Stein zar\u0119czy\u0142a si\u0119?<\/li>\n<li class=\"OchatFollowUps_item__Dhyly OchatFollowUps_itemDesktop__R6aBv\">Kto jest narzeczonym Julii von Stein?<\/li>\n<li class=\"OchatFollowUps_item__Dhyly OchatFollowUps_itemDesktop__R6aBv\">Jak zareagowa\u0142 ojciec Julii na zwi\u0105zek?<\/li>\n<li class=\"OchatFollowUps_item__Dhyly OchatFollowUps_itemDesktop__R6aBv\">Co powiedzia\u0142 Marcin podczas o\u015bwiadczyn?<\/li>\n<\/ul>\n<p>Julia von Stein przekaza\u0142a radosne wie\u015bci. D\u0142ugo na to czeka\u0142a <\/p>\n<p class=\"Paragraph_desktopParagraph__U31Gm\">W ostatnich miesi\u0105cach uwag\u0119 internaut\u00f3w przyci\u0105ga jej zwi\u0105zek z Marcinem. Jak przyznaje sama Julia, pocz\u0105tki tej relacji nie by\u0142y \u0142atwe \u2014 ojciec celebrytki, Bogdan, znany biznesmen z bran\u017cy funeralnej, pocz\u0105tkowo nie zaakceptowa\u0142 wyboru c\u00f3rki. Jednak, jak pokazuje najnowszy vlog, relacje mi\u0119dzy Marcinem a ojcem Julii zaczynaj\u0105 si\u0119 poprawia\u0107, cho\u0107 narzeczony nadal podkre\u015bla sw\u00f3j szacunek wobec przysz\u0142ego te\u015bcia.<\/p>\n<p class=\"Paragraph_desktopParagraph__U31Gm\">Kulminacyjnym momentem opublikowanego nagrania jest fragment ubieg\u0142orocznej kolacji wigilijnej w rodzinnym domu Julii. W obecno\u015bci rodzic\u00f3w i babci Marcin zdecydowa\u0142 si\u0119 na oficjalne o\u015bwiadczyny.<\/p>\n<p class=\"Paragraph_desktopParagraph__U31Gm\">&#8222;M\u00f3wca jest ze mnie bardzo s\u0142aby, wi\u0119c b\u0119d\u0119 m\u00f3wi\u0142 wprost. Pani Beato, panie Bogdanie, bardzo kocham pa\u0144stwa c\u00f3rk\u0119. Moim marzeniem jest sp\u0119dzi\u0107 z ni\u0105 reszt\u0119 \u017cycia, a z racji g\u0142\u0119bokiego szacunku, jakim pa\u0144stwa darz\u0119, te\u017c bardzo wa\u017cna jest dla mnie akceptacja tego zwi\u0105zku i b\u0142ogos\u0142awie\u0144stwo pa\u0144stwa, dlatego chcia\u0142em zapyta\u0107 oficjalnie, czy nie b\u0119d\u0105 mieli pa\u0144stwo nic przeciwko, \u017ceby Julia zosta\u0142a moj\u0105 \u017con\u0105&#8221; \u2014 m\u00f3wi\u0142 na nagraniu Marcin.<\/p>\n<p class=\"Paragraph_desktopParagraph__U31Gm\">Po wzruszaj\u0105cym przem\u00f3wieniu w domu rozleg\u0142y si\u0119 brawa, a rodzice Julii wyrazili zgod\u0119 na zwi\u0105zek. Marcin ukl\u0119kn\u0105\u0142 przed ukochan\u0105 z pier\u015bcionkiem zar\u0119czynowym, a zap\u0142akana Julia odpowiedzia\u0142a &#8222;tak&#8221;.<\/p>\n<blockquote>\n<p class=\"Paragraph_desktopParagraph__U31Gm\">Najwa\u017cniejszy dzie\u0144 w moim \u017cyciu<\/p>\n<\/blockquote>\n<p class=\"Paragraph_desktopParagraph__U31Gm\">\u2014 napisa\u0142a p\u00f3\u017aniej celebrytka w mediach spo\u0142eczno\u015bciowych, zach\u0119caj\u0105c fan\u00f3w do obejrzenia vloga z zar\u0119czyn.<\/p>\n<p class=\"Paragraph_desktopParagraph__U31Gm\">Dzi\u0119kujemy, \u017ce przeczyta\u0142a\u015b\/e\u015b nasz artyku\u0142 do ko\u0144ca. W serwisie Plejada.pl ka\u017cdego dnia piszemy o najwa\u017cniejszych wydarzeniach show-biznesowych. B\u0105d\u017a na bie\u017c\u0105co! <a rel=\"nofollow noopener\" href=\"https:\/\/profile.google.com\/cp\/Cg0vZy8xMWJ6X19wdHBx\" id=\"fc2f02dd-c2ec-41b7-8074-01ef1b3430d9\" target=\"_blank\">Obserwuj<\/a> Plejad\u0119 w Google. Odwied\u017a nas tak\u017ce na <a rel=\"nofollow noopener\" href=\"https:\/\/www.facebook.com\/plejadapl\" id=\"63f4601a-26dc-4fea-b82c-676babe78bd6\" target=\"_blank\">Facebooku<\/a>, <a rel=\"nofollow noopener\" href=\"https:\/\/www.instagram.com\/plejadapl\/\" id=\"7c7e244f-9e45-415f-a7b8-83deccf2a01d\" target=\"_blank\">Instagramie<\/a>, <a rel=\"nofollow noopener\" href=\"https:\/\/www.youtube.com\/c\/plejada\" id=\"8c28d94d-ead5-45a3-acc0-099dbce2353c\" target=\"_blank\">YouTubie<\/a> oraz <a rel=\"nofollow noopener\" href=\"https:\/\/www.tiktok.com\/@plejada_pl\" id=\"c87f9bf4-8ce6-48ba-8eaf-bf2d339cc46f\" target=\"_blank\">TikToku<\/a>.<\/p>\n<p class=\"Paragraph_desktopParagraph__U31Gm\">Chcesz podzieli\u0107 si\u0119 ciekawym newsem lub zaproponowa\u0107 temat? Skontaktuj si\u0119 z nami, pisz\u0105c maila na adres: <a href=\"https:\/\/www.onet.pl\/styl-zycia\/plejada\/julia-von-stein-zareczyla-sie-ukochany-najpierw-zapytal-rodzicow-o-zgode\/mailto:plejada@redakcjaonet.pl\" id=\"02f15e69-acb0-4ae2-9f71-810ce0d660d3\" rel=\"nofollow noopener\" target=\"_blank\">plejada@redakcjaon<\/a><a rel=\"nofollow noopener\" href=\"http:\/\/et.pl\" id=\"54d293b3-54e2-42ae-91bd-9c9a08b698c3\" target=\"_blank\">et.pl<\/a>.<\/p>\n<p><script async src=\"\/\/www.instagram.com\/embed.js\"><\/script><script async src=\"\/\/www.tiktok.com\/embed.js\"><\/script><\/p>\n","protected":false},"excerpt":{"rendered":"Julia von Stein da\u0142a si\u0119 pozna\u0107 szerszej publiczno\u015bci jako jedna z gwiazd TTV. Wyst\u0119powa\u0142a w programach &#8222;Kr\u00f3lowe \u017cycia&#8221;&hellip;\n","protected":false},"author":2,"featured_media":271803,"comment_status":"","ping_status":"","sticky":false,"template":"","format":"standard","meta":{"footnotes":"","_share_on_mastodon":"0"},"categories":[22],"tags":[122,1900,67,46053,53,52,68,51,55,42,38,40,39,41,123,47,39422,196,65,50,5510],"class_list":["post-271802","post","type-post","status-publish","format-standard","has-post-thumbnail","category-rozrywka","tag-entertainment","tag-instagram_aplikacja","tag-intextvideo_splayer","tag-julia_von_stein","tag-new_header","tag-onet3","tag-onet3d","tag-onet3d_2i","tag-phx","tag-pl","tag-poland","tag-polish","tag-polska","tag-polski","tag-rozrywka","tag-screening_general","tag-sg_cleanup_tst1","tag-styl_zycia","tag-update_me","tag-v2021","tag-zareczyny"],"share_on_mastodon":{"url":"https:\/\/pubeurope.com\/@pl\/116110334504417918","error":""},"_links":{"self":[{"href":"https:\/\/www.europesays.com\/pl\/wp-json\/wp\/v2\/posts\/271802","targetHints":{"allow":["GET"]}}],"collection":[{"href":"https:\/\/www.europesays.com\/pl\/wp-json\/wp\/v2\/posts"}],"about":[{"href":"https:\/\/www.europesays.com\/pl\/wp-json\/wp\/v2\/types\/post"}],"author":[{"embeddable":true,"href":"https:\/\/www.europesays.com\/pl\/wp-json\/wp\/v2\/users\/2"}],"replies":[{"embeddable":true,"href":"https:\/\/www.europesays.com\/pl\/wp-json\/wp\/v2\/comments?post=271802"}],"version-history":[{"count":0,"href":"https:\/\/www.europesays.com\/pl\/wp-json\/wp\/v2\/posts\/271802\/revisions"}],"wp:featuredmedia":[{"embeddable":true,"href":"https:\/\/www.europesays.com\/pl\/wp-json\/wp\/v2\/media\/271803"}],"wp:attachment":[{"href":"https:\/\/www.europesays.com\/pl\/wp-json\/wp\/v2\/media?parent=271802"}],"wp:term":[{"taxonomy":"category","embeddable":true,"href":"https:\/\/www.europesays.com\/pl\/wp-json\/wp\/v2\/categories?post=271802"},{"taxonomy":"post_tag","embeddable":true,"href":"https:\/\/www.europesays.com\/pl\/wp-json\/wp\/v2\/tags?post=271802"}],"curies":[{"name":"wp","href":"https:\/\/api.w.org\/{rel}","templated":true}]}}