{"id":272661,"date":"2026-02-22T11:38:17","date_gmt":"2026-02-22T11:38:17","guid":{"rendered":"https:\/\/www.europesays.com\/pl\/272661\/"},"modified":"2026-02-22T11:38:17","modified_gmt":"2026-02-22T11:38:17","slug":"wulkan-na-teneryfie-daje-o-sobie-znac-aktywnosc-silniejsza-niz-mowiono-mieszkancy-sie-martwia","status":"publish","type":"post","link":"https:\/\/www.europesays.com\/pl\/272661\/","title":{"rendered":"Wulkan na Teneryfie daje o sobie zna\u0107. Aktywno\u015b\u0107 silniejsza ni\u017c m\u00f3wiono. Mieszka\u0144cy si\u0119 martwi\u0105"},"content":{"rendered":"<p>Wulkan na Teneryfie zn\u00f3w daje o sobie zna\u0107. Mieszka\u0144cy si\u0119 martwi\u0105<\/p>\n<p>W rejonie Las Ca\u00f1adas del Teide zarejestrowano ponad 1400 drobnych trz\u0119sie\u0144 ziemi pomi\u0119dzy godz. 18 w poniedzia\u0142ek a 8 rano we wtorek \u2014 to niemal dwa razy wi\u0119cej ni\u017c 755 wstrz\u0105s\u00f3w, kt\u00f3re wykryto pocz\u0105tkowo. Zaktualizowana liczba to efekt szczeg\u00f3\u0142owej ponownej analizy sygna\u0142\u00f3w przechwyconych przez stacje monitoruj\u0105ce, z kt\u00f3rych wiele by\u0142o tak s\u0142abych, \u017ce nie da\u0142o si\u0119 ich wyra\u017anie odr\u00f3\u017cni\u0107 w czasie rzeczywistym.<\/p>\n<p> Jakie trz\u0119sienia ziemi zarejestrowano na Teneryfie? <\/p>\n<p> Co s\u0105dz\u0105 eksperci o erupcji wulkanu? <\/p>\n<p> Jakie s\u0105 plany dzia\u0142ania w sytuacjach kryzysowych na Teneryfie? <\/p>\n<p> Dlaczego mieszka\u0144cy s\u0105 zaniepokojeni aktywno\u015bci\u0105 wulkanu? <\/p>\n<p>Wstrz\u0105sy, okre\u015blane jako zdarzenia hybrydowe, mia\u0142y miejsce na g\u0142\u0119boko\u015bci siedmiu do o\u015bmiu km pod powierzchni\u0105. Naukowcy podaj\u0105, \u017ce to ju\u017c \u00f3smy taki epizod w tej samej okolicy od 2016 r. Podobne serie wstrz\u0105s\u00f3w pojawia\u0142y si\u0119 nieregularnie w ci\u0105gu ostatniej dekady, w tym jedna zaledwie kilka tygodni temu.<\/p>\n<p>Pomimo gwa\u0142townego wzrostu zarejestrowanej aktywno\u015bci, eksperci podkre\u015blaj\u0105, \u017ce nie ma \u017cadnych oznak zbli\u017caj\u0105cej si\u0119 erupcji. Involcan poinformowa\u0142, \u017ce ta sekwencja &#8222;nie oznacza zmian w prawdopodobie\u0144stwie wyst\u0105pienia erupcji na Teneryfie w kr\u00f3tkim ani \u015brednim terminie&#8221;. Najbardziej prawdopodobnym wyja\u015bnieniem pozostaje proces zwi\u0119kszania ci\u015bnienia w hydrotermalnym systemie wyspy, wywo\u0142any nap\u0142ywem gaz\u00f3w, a nie przemieszczaniem si\u0119 magmy ku powierzchni.<\/p>\n<p>\u2014 To ten sam rodzaj aktywno\u015bci, co w ostatnich dniach \u2014 powiedzia\u0142 Stavros Meletlidis, wulkanolog z Narodowego Instytutu Geograficznego. Doda\u0142, \u017ce cho\u0107 aktywno\u015b\u0107 wzros\u0142a, nie da si\u0119 przewidzie\u0107, czy i kiedy mo\u017ce doj\u015b\u0107 do erupcji.<\/p>\n<p>Mieszka\u0144cy zauwa\u017caj\u0105, \u017ce na wyspie co\u015b si\u0119 zmieni\u0142o i martwi\u0105 si\u0119 o ewentualn\u0105 erupcj\u0119. Rosa D\u00e1vila, przewodnicz\u0105ca Cabildo na Teneryfie, uspokaja. \u2014 Wyspa jest lepiej przygotowana ni\u017c kiedykolwiek na ryzyko wulkaniczne \u2014 powiedzia\u0142a, podkre\u015blaj\u0105c, \u017ce Teide jest pod sta\u0142ym nadzorem. Okre\u015bli\u0142a go jako &#8222;naj\u015bci\u015blej monitorowany wulkan na \u015bwiecie&#8221;, wspierany rozbudowan\u0105 sieci\u0105 urz\u0105dze\u0144.<\/p>\n<p>Dodaje tak\u017ce, \u017ce wsp\u00f3\u0142praca z w\u0142adzami lokalnymi trwa, a plany dzia\u0142ania w sytuacjach kryzysowych s\u0105 aktualizowane na ca\u0142ej wyspie.<\/p>\n","protected":false},"excerpt":{"rendered":"Wulkan na Teneryfie zn\u00f3w daje o sobie zna\u0107. Mieszka\u0144cy si\u0119 martwi\u0105 W rejonie Las Ca\u00f1adas del Teide zarejestrowano&hellip;\n","protected":false},"author":2,"featured_media":272662,"comment_status":"","ping_status":"","sticky":false,"template":"","format":"standard","meta":{"footnotes":"","_share_on_mastodon":"0"},"categories":[14],"tags":[210,32,33,27,34,35,28,31,48,25,46,40,41,47,80,10797,29,30,26,82,83,84,17268],"class_list":["post-272661","post","type-post","status-publish","format-standard","has-post-thumbnail","category-swiat","tag-aktualnosci","tag-breaking-news","tag-breakingnews","tag-headlines","tag-latest-news","tag-latestnews","tag-naglowki","tag-najwazniejsze-artykuly","tag-nat_styl","tag-news","tag-omp","tag-polish","tag-polski","tag-screening_general","tag-swiat","tag-teneryfa","tag-top-stories","tag-topstories","tag-wiadomosci","tag-world","tag-world-news","tag-worldnews","tag-wulkany"],"share_on_mastodon":{"url":"https:\/\/pubeurope.com\/@pl\/116114089906286915","error":""},"_links":{"self":[{"href":"https:\/\/www.europesays.com\/pl\/wp-json\/wp\/v2\/posts\/272661","targetHints":{"allow":["GET"]}}],"collection":[{"href":"https:\/\/www.europesays.com\/pl\/wp-json\/wp\/v2\/posts"}],"about":[{"href":"https:\/\/www.europesays.com\/pl\/wp-json\/wp\/v2\/types\/post"}],"author":[{"embeddable":true,"href":"https:\/\/www.europesays.com\/pl\/wp-json\/wp\/v2\/users\/2"}],"replies":[{"embeddable":true,"href":"https:\/\/www.europesays.com\/pl\/wp-json\/wp\/v2\/comments?post=272661"}],"version-history":[{"count":0,"href":"https:\/\/www.europesays.com\/pl\/wp-json\/wp\/v2\/posts\/272661\/revisions"}],"wp:featuredmedia":[{"embeddable":true,"href":"https:\/\/www.europesays.com\/pl\/wp-json\/wp\/v2\/media\/272662"}],"wp:attachment":[{"href":"https:\/\/www.europesays.com\/pl\/wp-json\/wp\/v2\/media?parent=272661"}],"wp:term":[{"taxonomy":"category","embeddable":true,"href":"https:\/\/www.europesays.com\/pl\/wp-json\/wp\/v2\/categories?post=272661"},{"taxonomy":"post_tag","embeddable":true,"href":"https:\/\/www.europesays.com\/pl\/wp-json\/wp\/v2\/tags?post=272661"}],"curies":[{"name":"wp","href":"https:\/\/api.w.org\/{rel}","templated":true}]}}