{"id":272688,"date":"2026-02-22T11:54:12","date_gmt":"2026-02-22T11:54:12","guid":{"rendered":"https:\/\/www.europesays.com\/pl\/272688\/"},"modified":"2026-02-22T11:54:12","modified_gmt":"2026-02-22T11:54:12","slug":"julia-wieniawa-zniesmaczona-wystepem-w-mam-talent-widzowie-takze-byli-zaskoczeni","status":"publish","type":"post","link":"https:\/\/www.europesays.com\/pl\/272688\/","title":{"rendered":"Julia Wieniawa zniesmaczona wyst\u0119pem w &#8222;Mam talent!&#8221;. Widzowie tak\u017ce byli zaskoczeni"},"content":{"rendered":"<p>17. edycja programu <a href=\"https:\/\/plejada.pl\/temat\/mam-talent-program-telewizyjny\/kldyq95\" id=\"0a32f7de-6bfe-40c1-99d6-908832a6c175\" rel=\"nofollow noopener\" target=\"_blank\">&#8222;Mam talent!&#8221;<\/a> powr\u00f3ci\u0142a na anten\u0119 TVN 21 lutego, wzbudzaj\u0105c spore emocje w\u015br\u00f3d widz\u00f3w ju\u017c od pierwszego odcinka. W sk\u0142adzie jury ponownie znale\u017ali si\u0119 Marcin Prokop, Agnieszka Chyli\u0144ska i Julia Wieniawa, a do zespo\u0142u po przerwie do\u0142\u0105czy\u0142 Agustin Egurrola. To w\u0142a\u015bnie jeden z wyst\u0119p\u00f3w uczestnik\u00f3w sta\u0142 si\u0119 przyczyn\u0105 gor\u0105cej dyskusji w mediach spo\u0142eczno\u015bciowych. Dalszy ci\u0105g artyku\u0142u pod materia\u0142em wideo    <\/p>\n<p> Dlaczego Julia Wieniawa by\u0142a zniesmaczona wyst\u0119pem? <\/p>\n<p> Kto by\u0142 w sk\u0142adzie jury w 17. edycji 'Mam talent!&#8217;? <\/p>\n<p> Jaki rodzaj wyst\u0119pu wzbudzi\u0142 kontrowersje w 'Mam talent!&#8217;? <\/p>\n<p> Jakie by\u0142y reakcje widz\u00f3w na decyzj\u0119 jury? <\/p>\n<p>  Julia Wieniawa nie ukrywa\u0142a za\u017cenowania. Ten wyst\u0119p jej si\u0119 nie spodoba\u0142<\/p>\n<p>Ju\u017c w premierowym odcinku pojawi\u0142a si\u0119 grupa wrestler\u00f3w z Warszawy, prezentuj\u0105c na scenie widowiskow\u0105 walk\u0119 rodem z profesjonalnych ring\u00f3w. Jury nie kry\u0142o zaskoczenia, jednak szczeg\u00f3lnie sceptyczna wobec tej prezentacji by\u0142a Julia Wieniawa, kt\u00f3ra jako jedyna zag\u0142osowa\u0142a przeciwko awansowi grupy do kolejnego etapu.<\/p>\n<blockquote class=\"ods-o-quote\">\n<p class=\"ods-o-quote__paragraph\">Ja nadal nie wiem, co tu si\u0119 wydarzy\u0142o. Zupe\u0142nie tego nie rozumiem. Nie jestem fank\u0105 przemocy i dla mnie to by\u0142o karykaturalne. Aktorsko tu nic si\u0119 nie zgadza\u0142o. I to jest tyle, co na ten temat powiem<\/p>\n<\/blockquote>\n<p>\u2014 oceni\u0142a.<\/p>\n<p>Pozostali jurorzy byli odmiennego zdania i dopu\u015bcili wrestler\u00f3w do dalszego udzia\u0142u w programie, co wywo\u0142a\u0142o lawin\u0119 komentarzy w internecie. Wielu widz\u00f3w wyrazi\u0142o swoje niezadowolenie z decyzji jury.<\/p>\n<p>&#8222;Co to w og\u00f3le mia\u0142o by\u0107. Nie mam wi\u0119cej pyta\u0144, jakie \u00bbtalenty\u00ab przechodz\u0105&#8221;; &#8222;Nawet nie wiem, jak to skomentowa\u0107&#8221;; &#8222;Nieciekawy, przemocowy wyst\u0119p&#8221;; &#8222;Wyst\u0119p niemaj\u0105cy nic wsp\u00f3lnego z ide\u0105 programu. Gratuluj\u0119 pani Julii Wieniawie odwa\u017cnego sprzeciwu&#8221;; &#8222;Jestem na nie, co to by\u0142o?&#8221; \u2014 czytamy.<\/p>\n<p>     <img decoding=\"async\" src=\"https:\/\/www.europesays.com\/pl\/wp-content\/uploads\/2026\/02\/J1kk9lBaHR0cHM6Ly9vY2RuLmV1L3B1bHNjbXMvTURBXy8yZDljOWRlYWU4NGFiNWNiMWI4ZDFlYTg1YjljM2U3MC5qcGeRlQLNB.jpeg\" height=\"627\" width=\"940\" alt=\"Jurorzy &quot;Mam talent!&quot;\" loading=\"lazy\" class=\"ods-c-image__img ods-c-image__img--viewport-width\"\/> <\/p>\n<p>Jurorzy &#8222;Mam talent!&#8221;Artur Zawadzki\/REPORTER \/ East News<\/p>\n<p> Dzi\u0119kujemy, \u017ce przeczyta\u0142a\u015b\/e\u015b nasz artyku\u0142 do ko\u0144ca. W serwisie Plejada.pl ka\u017cdego dnia piszemy o najwa\u017cniejszych wydarzeniach show-biznesowych. B\u0105d\u017a na bie\u017c\u0105co! <a rel=\"nofollow noopener\" href=\"https:\/\/profile.google.com\/cp\/Cg0vZy8xMWJ6X19wdHBx\" id=\"45b371e9-1588-408c-9653-0d5c9bbc9a90\" target=\"_blank\">Obserwuj<\/a> Plejad\u0119 w Wiadomo\u015bciach Google. Odwied\u017a nas tak\u017ce na <a rel=\"nofollow noopener\" href=\"https:\/\/www.facebook.com\/plejadapl\" id=\"a7b0b2e1-c623-4b57-b4ad-09124f376482\" target=\"_blank\">Facebooku<\/a>, <a rel=\"nofollow noopener\" href=\"https:\/\/www.instagram.com\/plejadapl\/\" id=\"91af77df-3992-4fc2-a5ad-6ef0449aa37f\" target=\"_blank\">Instagramie<\/a>, <a rel=\"nofollow noopener\" href=\"https:\/\/www.youtube.com\/c\/plejada\" id=\"2f78a0e3-e1ba-4ac0-89e8-fb2e20f18d5e\" target=\"_blank\">YouTube<\/a> oraz <a rel=\"nofollow noopener\" href=\"https:\/\/www.tiktok.com\/@plejada_pl\" id=\"81c3d726-5f95-4474-ad1d-8b078c49835a\" target=\"_blank\">TikToku<\/a>.Chcesz podzieli\u0107 si\u0119 ciekawym newsem lub zaproponowa\u0107 temat? Skontaktuj si\u0119 z nami, pisz\u0105c e-maila na adres: <a rel=\"nofollow noopener\" href=\"https:\/\/plejada.pl\/newsy\/julia-wieniawa-zniesmaczona-wystepem-w-mam-talent-widzowie-takze-byli-zaskoczeni\/mailto:plejada@redakcjaonet.pl\" id=\"f569820e-3c4a-4d77-b827-2665c8f97094\" target=\"_blank\">plejada@redakcjaonet.pl<\/a>.<script async src=\"\/\/www.instagram.com\/embed.js\"><\/script><script async src=\"\/\/www.tiktok.com\/embed.js\"><\/script><\/p>\n","protected":false},"excerpt":{"rendered":"17. edycja programu &#8222;Mam talent!&#8221; powr\u00f3ci\u0142a na anten\u0119 TVN 21 lutego, wzbudzaj\u0105c spore emocje w\u015br\u00f3d widz\u00f3w ju\u017c od&hellip;\n","protected":false},"author":2,"featured_media":272689,"comment_status":"","ping_status":"","sticky":false,"template":"","format":"standard","meta":{"footnotes":"","_share_on_mastodon":"0"},"categories":[5],"tags":[16832,32,33,36,37,27,1654,34,35,16833,28,31,48,25,125,46,42,38,40,39,41,47,29,30,318,45195,26],"class_list":["post-272688","post","type-post","status-publish","format-standard","has-post-thumbnail","category-naglowki","tag-_mam_talent_","tag-breaking-news","tag-breakingnews","tag-featured-news","tag-featurednews","tag-headlines","tag-julia_wieniawa","tag-latest-news","tag-latestnews","tag-mam_talent","tag-naglowki","tag-najwazniejsze-artykuly","tag-nat_styl","tag-news","tag-newsy","tag-omp","tag-pl","tag-poland","tag-polish","tag-polska","tag-polski","tag-screening_general","tag-top-stories","tag-topstories","tag-tvn","tag-unifeed_tst0","tag-wiadomosci"],"share_on_mastodon":{"url":"https:\/\/pubeurope.com\/@pl\/116114152680218227","error":""},"_links":{"self":[{"href":"https:\/\/www.europesays.com\/pl\/wp-json\/wp\/v2\/posts\/272688","targetHints":{"allow":["GET"]}}],"collection":[{"href":"https:\/\/www.europesays.com\/pl\/wp-json\/wp\/v2\/posts"}],"about":[{"href":"https:\/\/www.europesays.com\/pl\/wp-json\/wp\/v2\/types\/post"}],"author":[{"embeddable":true,"href":"https:\/\/www.europesays.com\/pl\/wp-json\/wp\/v2\/users\/2"}],"replies":[{"embeddable":true,"href":"https:\/\/www.europesays.com\/pl\/wp-json\/wp\/v2\/comments?post=272688"}],"version-history":[{"count":0,"href":"https:\/\/www.europesays.com\/pl\/wp-json\/wp\/v2\/posts\/272688\/revisions"}],"wp:featuredmedia":[{"embeddable":true,"href":"https:\/\/www.europesays.com\/pl\/wp-json\/wp\/v2\/media\/272689"}],"wp:attachment":[{"href":"https:\/\/www.europesays.com\/pl\/wp-json\/wp\/v2\/media?parent=272688"}],"wp:term":[{"taxonomy":"category","embeddable":true,"href":"https:\/\/www.europesays.com\/pl\/wp-json\/wp\/v2\/categories?post=272688"},{"taxonomy":"post_tag","embeddable":true,"href":"https:\/\/www.europesays.com\/pl\/wp-json\/wp\/v2\/tags?post=272688"}],"curies":[{"name":"wp","href":"https:\/\/api.w.org\/{rel}","templated":true}]}}